{"id":6886,"date":"2020-11-17T08:54:36","date_gmt":"2020-11-17T13:54:36","guid":{"rendered":"http:\/\/proposmontreal.com\/?p=6886"},"modified":"2023-02-04T10:49:24","modified_gmt":"2023-02-04T15:49:24","slug":"edifice-godin-et-dede","status":"publish","type":"post","link":"https:\/\/proposmontreal.com\/index.php\/edifice-godin-et-dede\/","title":{"rendered":"L&rsquo;\u00c9difice Godin et d\u00e9d\u00e9"},"content":{"rendered":"<span class=\"span-reading-time rt-reading-time\" style=\"display: block;\"><span class=\"rt-label rt-prefix\">Temps de lecture approximatif de<\/span> <span class=\"rt-time\"> 6<\/span> <span class=\"rt-label rt-postfix\">minutes<\/span><\/span>\n<p>\u00c0 la fin du XIXe si\u00e8cle, l\u2019architecture art nouveau remporte un certain succ\u00e8s international. \u00c0 Montr\u00e9al, ce mouvement artistique aux lignes courbes et organiques, ne semble pas s\u2019installer dans la bourgeoisie anglaise qui s\u2019accroche \u00e0 l\u2019architecture victorienne jusqu\u2019\u00e0 l\u2019arriv\u00e9e du courant art d\u00e9co vers 1920.<\/p>\n\n\n\n<p>S\u2019il y a des touches parsem\u00e9es ici et l\u00e0, les exemples se font rares. Par contre, un immeuble semble avoir \u00e9t\u00e9 d\u00e9racin\u00e9 d\u2019une rue de Prague, Paris ou Barcelone pour \u00eatre d\u00e9pos\u00e9 \u00e0 l\u2019intersection des rues Saint-Laurent et Sherbrooke. Je vous pr\u00e9sente l\u2019\u00e9difice Joseph-Arthur-Godin.<\/p>\n\n\n\n<figure class=\"wp-block-image size-large\"><img loading=\"lazy\" decoding=\"async\" width=\"780\" height=\"747\" src=\"https:\/\/proposmontreal.com\/wp-content\/uploads\/2020\/11\/1927.jpg\" alt=\"Rue Sherbrooke vers l'\u00e9difice Godin en 1927\" class=\"wp-image-6907\" srcset=\"https:\/\/proposmontreal.com\/wp-content\/uploads\/2020\/11\/1927.jpg 780w, https:\/\/proposmontreal.com\/wp-content\/uploads\/2020\/11\/1927-300x287.jpg 300w, https:\/\/proposmontreal.com\/wp-content\/uploads\/2020\/11\/1927-150x144.jpg 150w, https:\/\/proposmontreal.com\/wp-content\/uploads\/2020\/11\/1927-768x736.jpg 768w\" sizes=\"auto, (max-width: 780px) 100vw, 780px\" \/><figcaption class=\"wp-element-caption\">La rue Sherbrooke vers l&rsquo;ouest \u00e0 l&rsquo;intersection de Saint-Laurent, 1927<br>Archives de Montr\u00e9al VM098-Y-01-D02-P048<\/figcaption><\/figure>\n\n\n\n<p>Aujourd\u2019hui, l\u2019immeuble est un des \u00e9l\u00e9ments composant l\u2019<a href=\"https:\/\/www.hotel10montreal.com\/\" target=\"_blank\" rel=\"noreferrer noopener\">Hotel10<\/a>. Ils ont eu la gentillesse de nous ouvrir leurs portes et de nous offrir un tour guid\u00e9 de l\u2019endroit. C\u2019est accompagn\u00e9 d\u2019Ugo de la cha\u00eene YouTube \u00ab <a href=\"https:\/\/www.youtube.com\/user\/CapitaineMontreal\" target=\"_blank\" rel=\"noreferrer noopener\">Montr\u00e9al dans ta pipe<\/a> \u00bb que nous avons eu la chance de visiter le lieu.<\/p>\n\n\n\n<h2 class=\"wp-block-heading\">Joseph-Arthur Godin (1879-1949)<\/h2>\n\n\n\n<p>N\u00e9 en 1879, il \u00e9tudie l\u2019architecture \u00e0 l\u2019\u00c9cole des Beaux-arts de Paris. De retour \u00e0 Montr\u00e9al en 1898, J.-A. Godin exp\u00e9rimente avec le b\u00e9ton et plus particuli\u00e8rement le b\u00e9ton arm\u00e9 encore relativement nouveau \u00e0 l\u2019\u00e9poque.<\/p>\n\n\n\n<p>Comme la majorit\u00e9 des architectes de l\u2019\u00e9poque, apr\u00e8s s\u2019\u00eatre fait un nom sur des demeures bourgeoises, il est appel\u00e9 \u00e0 la construction d\u2019\u00e9glises et d\u2019immeubles \u00e0 saveurs culturelles. On lui doit d\u2019ailleurs un plan d\u2019am\u00e9nagement de l\u2019\u00eele Sainte-H\u00e9l\u00e8ne datant de 1909.<\/p>\n\n\n<div class=\"wp-block-image\">\n<figure class=\"aligncenter size-large\"><a href=\"https:\/\/proposmontreal.com\/wp-content\/uploads\/2020\/11\/Plan-scaled.jpg\"><img loading=\"lazy\" decoding=\"async\" width=\"1024\" height=\"604\" src=\"https:\/\/proposmontreal.com\/wp-content\/uploads\/2020\/11\/Plan-1024x604.jpg\" alt=\"Plan de l'\u00cele Sainte-H\u00e9l\u00e8ne en 1901\" class=\"wp-image-6905\" srcset=\"https:\/\/proposmontreal.com\/wp-content\/uploads\/2020\/11\/Plan-1024x604.jpg 1024w, https:\/\/proposmontreal.com\/wp-content\/uploads\/2020\/11\/Plan-300x177.jpg 300w, https:\/\/proposmontreal.com\/wp-content\/uploads\/2020\/11\/Plan-150x89.jpg 150w, https:\/\/proposmontreal.com\/wp-content\/uploads\/2020\/11\/Plan-768x453.jpg 768w, https:\/\/proposmontreal.com\/wp-content\/uploads\/2020\/11\/Plan-1536x906.jpg 1536w, https:\/\/proposmontreal.com\/wp-content\/uploads\/2020\/11\/Plan-2048x1209.jpg 2048w\" sizes=\"auto, (max-width: 1024px) 100vw, 1024px\" \/><\/a><figcaption class=\"wp-element-caption\">Cliquez pour visualiser en pleine r\u00e9solution. <\/figcaption><\/figure>\n<\/div>\n\n\n<p>En regardant ses constructions, vous reconna\u00eetrez un style commun \u00e0 chacune d\u2019entre elles. \u00c0 Montr\u00e9al, on lui doit entre autres l\u2019\u00e9glise Saint-Paul (1911), le th\u00e9\u00e2tre La Tulipe (ancien th\u00e9\u00e2tre des vari\u00e9t\u00e9s-th\u00e9\u00e2tre Dominion, 1913), la chapelle Scala-Santas de Pointe-aux-Trembles (1903) et l\u2019acad\u00e9mie Querbes d\u2019Outremont (1916).<\/p>\n\n\n\n<p>Ce qui retiendra notre attention ici ce sont les immeubles r\u00e9sidentiels de Godin. Que ce soit les appartements Riga (1914-2019) Saint-Jacques (1916) ou Laurier (1927), l\u2019\u00e9difice signature de l\u2019architecte demeure sans aucun doute celui qui tient son nom.<\/p>\n\n\n\n<div class=\"wp-block-jetpack-slideshow\" data-effect=\"fade\"><div class=\"wp-block-jetpack-slideshow_container swiper-container\"><ul class=\"wp-block-jetpack-slideshow_swiper-wrapper swiper-wrapper\"><li class=\"wp-block-jetpack-slideshow_slide swiper-slide\"><figure><img loading=\"lazy\" decoding=\"async\" width=\"800\" height=\"686\" alt=\"Les Appartements Riga d\u00e9truits en 2019\" class=\"wp-block-jetpack-slideshow_image wp-image-6910\" data-id=\"6910\" src=\"https:\/\/proposmontreal.com\/wp-content\/uploads\/2020\/11\/appt-Riga.jpg\" srcset=\"https:\/\/proposmontreal.com\/wp-content\/uploads\/2020\/11\/appt-Riga.jpg 800w, https:\/\/proposmontreal.com\/wp-content\/uploads\/2020\/11\/appt-Riga-300x257.jpg 300w, https:\/\/proposmontreal.com\/wp-content\/uploads\/2020\/11\/appt-Riga-150x129.jpg 150w, https:\/\/proposmontreal.com\/wp-content\/uploads\/2020\/11\/appt-Riga-768x659.jpg 768w\" sizes=\"(max-width: 800px) 100vw, 800px\" \/><figcaption class=\"wp-block-jetpack-slideshow_caption gallery-caption\">Les Appartements Riga d\u00e9truits en 2019<\/figcaption><\/figure><\/li><li class=\"wp-block-jetpack-slideshow_slide swiper-slide\"><figure><img loading=\"lazy\" decoding=\"async\" width=\"800\" height=\"686\" alt=\"Les appartements Saint-Jacques, rue Saint-Denis\" class=\"wp-block-jetpack-slideshow_image wp-image-6911\" data-id=\"6911\" src=\"https:\/\/proposmontreal.com\/wp-content\/uploads\/2020\/11\/appt-StJacques.jpg\" srcset=\"https:\/\/proposmontreal.com\/wp-content\/uploads\/2020\/11\/appt-StJacques.jpg 800w, https:\/\/proposmontreal.com\/wp-content\/uploads\/2020\/11\/appt-StJacques-300x257.jpg 300w, https:\/\/proposmontreal.com\/wp-content\/uploads\/2020\/11\/appt-StJacques-150x129.jpg 150w, https:\/\/proposmontreal.com\/wp-content\/uploads\/2020\/11\/appt-StJacques-768x659.jpg 768w\" sizes=\"(max-width: 800px) 100vw, 800px\" \/><figcaption class=\"wp-block-jetpack-slideshow_caption gallery-caption\">Les appartements Saint-Jacques, rue Saint-Denis<\/figcaption><\/figure><\/li><li class=\"wp-block-jetpack-slideshow_slide swiper-slide\"><figure><img loading=\"lazy\" decoding=\"async\" width=\"800\" height=\"686\" alt=\"Chapelle Scala-Santa\" class=\"wp-block-jetpack-slideshow_image wp-image-6912\" data-id=\"6912\" src=\"https:\/\/proposmontreal.com\/wp-content\/uploads\/2020\/11\/Chapelle-Scala-Santa.jpg\" srcset=\"https:\/\/proposmontreal.com\/wp-content\/uploads\/2020\/11\/Chapelle-Scala-Santa.jpg 800w, https:\/\/proposmontreal.com\/wp-content\/uploads\/2020\/11\/Chapelle-Scala-Santa-300x257.jpg 300w, https:\/\/proposmontreal.com\/wp-content\/uploads\/2020\/11\/Chapelle-Scala-Santa-150x129.jpg 150w, https:\/\/proposmontreal.com\/wp-content\/uploads\/2020\/11\/Chapelle-Scala-Santa-768x659.jpg 768w\" sizes=\"(max-width: 800px) 100vw, 800px\" \/><figcaption class=\"wp-block-jetpack-slideshow_caption gallery-caption\">Chapelle Scala-Santa<\/figcaption><\/figure><\/li><li class=\"wp-block-jetpack-slideshow_slide swiper-slide\"><figure><img loading=\"lazy\" decoding=\"async\" width=\"800\" height=\"686\" alt=\"L'Acad\u00e9mie Nouvelle-Querbes\" class=\"wp-block-jetpack-slideshow_image wp-image-6913\" data-id=\"6913\" src=\"https:\/\/proposmontreal.com\/wp-content\/uploads\/2020\/11\/querbes.jpg\" srcset=\"https:\/\/proposmontreal.com\/wp-content\/uploads\/2020\/11\/querbes.jpg 800w, https:\/\/proposmontreal.com\/wp-content\/uploads\/2020\/11\/querbes-300x257.jpg 300w, https:\/\/proposmontreal.com\/wp-content\/uploads\/2020\/11\/querbes-150x129.jpg 150w, https:\/\/proposmontreal.com\/wp-content\/uploads\/2020\/11\/querbes-768x659.jpg 768w\" sizes=\"(max-width: 800px) 100vw, 800px\" \/><figcaption class=\"wp-block-jetpack-slideshow_caption gallery-caption\">L&rsquo;Acad\u00e9mie Nouvelle-Querbes<\/figcaption><\/figure><\/li><\/ul><a class=\"wp-block-jetpack-slideshow_button-prev swiper-button-prev swiper-button-white\" role=\"button\"><\/a><a class=\"wp-block-jetpack-slideshow_button-next swiper-button-next swiper-button-white\" role=\"button\"><\/a><a aria-label=\"Pause Slideshow\" class=\"wp-block-jetpack-slideshow_button-pause\" role=\"button\"><\/a><div class=\"wp-block-jetpack-slideshow_pagination swiper-pagination swiper-pagination-white\"><\/div><\/div><\/div>\n\n\n\n<p>Malencontreusement, des histoires financi\u00e8res s\u2019encha\u00eenent tout au long de sa carri\u00e8re trop courte pour un architecte qui aurait m\u00e9rit\u00e9 un meilleur sort et une plus grande reconnaissance. Ses activit\u00e9s dans l\u2019immobilier derri\u00e8re lui, il devient notaire et se tourne vers la politique \u00e0 la fin de sa vie. Il meurt \u00e0 la suite d\u2019une paralysie le 23 mars 1949.<\/p>\n\n\n\n<h2 class=\"wp-block-heading\">L\u2019\u00e9difice Godin<\/h2>\n\n\n\n<p>En 1913, J.-A. Godin se porte acqu\u00e9reur du terrain de la famille Molson situ\u00e9 boulevard Saint-Laurent, voisin de l\u2019\u00c9glise M\u00e9thodiste Sherbrooke. C\u2019est sur ce lot qu\u2019il fait construire dans la deuxi\u00e8me moiti\u00e9 de 1914 l\u2019immeuble qui se d\u00e9marque principalement par son architecture de type art nouveau.<\/p>\n\n\n\n<p>Mais il n\u2019y a pas que le style unique qui marque l\u2019importance de l\u2019\u00e9difice Godin. Sa particularit\u00e9 est dans sa structure fabriqu\u00e9e de b\u00e9ton arm\u00e9. Ce mat\u00e9riau consiste de b\u00e9ton coul\u00e9 au-dessus d\u2019une armature m\u00e9tallique et est habituellement utilis\u00e9 pour les immeubles industriels et commerciaux.<\/p>\n\n\n\n<figure class=\"wp-block-image size-large\"><img loading=\"lazy\" decoding=\"async\" width=\"1024\" height=\"699\" src=\"https:\/\/proposmontreal.com\/wp-content\/uploads\/2020\/11\/ADM-VM94-A0004-012-1024x699.jpg\" alt=\"L'\u00e9difice Godin en 1961\" class=\"wp-image-6898\" srcset=\"https:\/\/proposmontreal.com\/wp-content\/uploads\/2020\/11\/ADM-VM94-A0004-012-1024x699.jpg 1024w, https:\/\/proposmontreal.com\/wp-content\/uploads\/2020\/11\/ADM-VM94-A0004-012-300x205.jpg 300w, https:\/\/proposmontreal.com\/wp-content\/uploads\/2020\/11\/ADM-VM94-A0004-012-150x102.jpg 150w, https:\/\/proposmontreal.com\/wp-content\/uploads\/2020\/11\/ADM-VM94-A0004-012-768x524.jpg 768w, https:\/\/proposmontreal.com\/wp-content\/uploads\/2020\/11\/ADM-VM94-A0004-012.jpg 1042w\" sizes=\"auto, (max-width: 1024px) 100vw, 1024px\" \/><figcaption class=\"wp-element-caption\">Rue Sherbrooke, 1961<br>Archives de Montr\u00e9al, VM94-A0004-012<\/figcaption><\/figure>\n\n\n\n<p>Le b\u00e9ton arm\u00e9 appara\u00eet \u00e0 Montr\u00e9al vers 1903 avec la construction du <a href=\"https:\/\/proposmontreal.com\/index.php\/le-silo-a-grain-no-5\/\">silo \u00e0 grain no 1<\/a>. Son utilisation pour un complexe r\u00e9sidentiel est donc une premi\u00e8re \u00e0 Montr\u00e9al.<\/p>\n\n\n\n<p>Les fa\u00e7ades recouvertes de cr\u00e9pis blancs sur les rues Saint-Laurent et Sherbrooke pr\u00e9sentent de grandes lignes courbes. Particuli\u00e8rement les arabesques autour des balcons en coin et de la trav\u00e9e centrale en retrait de l\u2019entr\u00e9e principale qui cache un large escalier en colima\u00e7on.<\/p>\n\n\n\n<p>L\u2019architecte s\u2019est permis de mettre en valeur la forte d\u00e9nivellation de Saint-Laurent vers la rue Sherbrooke au moyen d\u2019une division horizontale bien marqu\u00e9e et de fen\u00eatres au rez-de-chauss\u00e9e qui apparaissent toutes de diff\u00e9rentes dimensions.<\/p>\n\n\n\n<figure class=\"wp-block-image size-large\"><img loading=\"lazy\" decoding=\"async\" width=\"750\" height=\"1000\" src=\"https:\/\/proposmontreal.com\/wp-content\/uploads\/2020\/11\/Escalier-Colocs.jpg\" alt=\"Escalier original de l'\u00c9difice Godin.\" class=\"wp-image-6895\" srcset=\"https:\/\/proposmontreal.com\/wp-content\/uploads\/2020\/11\/Escalier-Colocs.jpg 750w, https:\/\/proposmontreal.com\/wp-content\/uploads\/2020\/11\/Escalier-Colocs-225x300.jpg 225w, https:\/\/proposmontreal.com\/wp-content\/uploads\/2020\/11\/Escalier-Colocs-113x150.jpg 113w\" sizes=\"auto, (max-width: 750px) 100vw, 750px\" \/><figcaption class=\"wp-element-caption\">Escalier original dessin\u00e9 par J.-A. Godin<br>Photo: ProposMontr\u00e9al<\/figcaption><\/figure>\n\n\n\n<p>Le building se voulait \u00e0 sa r\u00e9alisation une maison de rapport, c\u2019est-\u00e0-dire, un immeuble \u00e0 revenus, chose plut\u00f4t rare \u00e0 Montr\u00e9al \u00e0 l\u2019\u00e9poque. Construits au co\u00fbt de 20 000 $, nous pouvions y trouver un magasin et 24 logements sur quatre \u00e9tages.<\/p>\n\n\n\n<p>C\u2019est en f\u00e9vrier 1915 que les probl\u00e8mes financiers rattraperont Godin. Il se fait saisir tous ses biens, incluant le nouvel \u00e9difice qui passe au cours des ann\u00e9es entre les mains de diff\u00e9rentes compagnies.<\/p>\n\n\n<div class=\"wp-block-image\">\n<figure class=\"aligncenter size-large\"><img loading=\"lazy\" decoding=\"async\" width=\"604\" height=\"800\" src=\"https:\/\/proposmontreal.com\/wp-content\/uploads\/2020\/11\/Edifice-Godin1979.jpg\" alt=\"L'\u00e9difice Godin en 1979\" class=\"wp-image-6897\" srcset=\"https:\/\/proposmontreal.com\/wp-content\/uploads\/2020\/11\/Edifice-Godin1979.jpg 604w, https:\/\/proposmontreal.com\/wp-content\/uploads\/2020\/11\/Edifice-Godin1979-227x300.jpg 227w, https:\/\/proposmontreal.com\/wp-content\/uploads\/2020\/11\/Edifice-Godin1979-113x150.jpg 113w\" sizes=\"auto, (max-width: 604px) 100vw, 604px\" \/><figcaption class=\"wp-element-caption\">L&rsquo;\u00c9difice Godin en 1979<br>Direction des biblioth\u00e8ques, Universit\u00e9 de Montr\u00e9al, PB28586<\/figcaption><\/figure>\n<\/div>\n\n\n<p>C\u2019est la communaut\u00e9 hell\u00e9nique du grand Montr\u00e9al qui sera propri\u00e9taire le plus longtemps entre 1967 et 2003. \u00c0 noter que l\u2019organisme est d\u00e9j\u00e0 propri\u00e9taire de la voisine maintenant connue sous le nom d\u2019\u00c9glise grecque Orthodoxe de la Sainte-Trinit\u00e9.<\/p>\n\n\n\n<p>L\u2019\u00e9difice Godin est inscrit au registre du patrimoine culturel en 1990 et sert principalement de loft pour artistes et tout comme le secteur, \u00e0 tr\u00e8s mauvaise mine. Un incendie en 1986 viendra grandement endommager l\u2019\u00e9glise qui sera laiss\u00e9e \u00e0 l\u2019abandon.<\/p>\n\n\n<div class=\"wp-block-image\">\n<figure class=\"aligncenter size-large\"><img loading=\"lazy\" decoding=\"async\" width=\"438\" height=\"750\" src=\"https:\/\/proposmontreal.com\/wp-content\/uploads\/2020\/11\/incendie-1986.jpg\" alt=\"La Presse, 17 janvier 1986.\" class=\"wp-image-6896\" srcset=\"https:\/\/proposmontreal.com\/wp-content\/uploads\/2020\/11\/incendie-1986.jpg 438w, https:\/\/proposmontreal.com\/wp-content\/uploads\/2020\/11\/incendie-1986-175x300.jpg 175w, https:\/\/proposmontreal.com\/wp-content\/uploads\/2020\/11\/incendie-1986-88x150.jpg 88w\" sizes=\"auto, (max-width: 438px) 100vw, 438px\" \/><figcaption class=\"wp-element-caption\">La Presse, 17 janvier 1986.<\/figcaption><\/figure>\n<\/div>\n\n\n<p>Malgr\u00e9 son \u00e9tat, le 2116 rue Saint-Laurent regorge de vie. Oui, le pl\u00e2tre tombe des murs, mais cela n\u2019emp\u00eache pas des artistes de s\u2019y installer, les squatteurs et locataires s\u2019entrem\u00ealent dans leur quotidien.<\/p>\n\n\n\n<h2 class=\"wp-block-heading\">De Godin \u00e0 l\u2019Hotel10<\/h2>\n\n\n\n<p>\u00c0 la toute fin du mill\u00e9naire \u00ab la main \u00bb \u00e0 un regain de vie, restaurants haut de gamme, clubs et un cin\u00e9ma de r\u00e9pertoire branch\u00e9 d\u00e9veloppe un potentiel dans le site d\u00e9labr\u00e9 de l\u2019\u00e9difice Godin qui devient commercialisable.<\/p>\n\n\n\n<figure class=\"wp-block-image size-large\"><img loading=\"lazy\" decoding=\"async\" width=\"800\" height=\"565\" src=\"https:\/\/proposmontreal.com\/wp-content\/uploads\/2020\/11\/Hotel10-Modern.jpg\" alt=\"Photo de l'Hoel 10 par ProposMontreal\" class=\"wp-image-6903\" srcset=\"https:\/\/proposmontreal.com\/wp-content\/uploads\/2020\/11\/Hotel10-Modern.jpg 800w, https:\/\/proposmontreal.com\/wp-content\/uploads\/2020\/11\/Hotel10-Modern-300x212.jpg 300w, https:\/\/proposmontreal.com\/wp-content\/uploads\/2020\/11\/Hotel10-Modern-150x106.jpg 150w, https:\/\/proposmontreal.com\/wp-content\/uploads\/2020\/11\/Hotel10-Modern-768x542.jpg 768w\" sizes=\"auto, (max-width: 800px) 100vw, 800px\" \/><figcaption class=\"wp-element-caption\">Photo: ProposMontr\u00e9al<\/figcaption><\/figure>\n\n\n\n<p>On fait appel \u00e0 l\u2019architecte Dan Hanganu (Cirque du Soleil, Mus\u00e9e Pointe-\u00e0-Calli\u00e8re, HEC) pour reconvertir l\u2019\u00e9difice ainsi que le terrain de l\u2019ancienne \u00e9glise d\u00e9molie qu\u2019en 1997. Le r\u00e9sultat est un m\u00e9lange de courbes fluides de l\u2019immeuble d\u2019origine qui n\u2019a pratiquement pas de surface platte jumel\u00e9e avec les lignes internationales, presque postmodernistes tr\u00e8s droites de la nouvelle structure.<\/p>\n\n\n\n<p>Si l\u2019ext\u00e9rieur est rest\u00e9 le m\u00eame apr\u00e8s un bon nettoyage, l\u2019int\u00e9rieur est pratiquement refait compl\u00e8tement pour lui donner les allures de l\u2019h\u00f4tel-boutique haut de gamme que les propri\u00e9taires, la Caisse de d\u00e9p\u00f4t et placement du Qu\u00e9bec et Daniel Langlois (cin\u00e9ma Ex-Centris) ont en t\u00eate.<\/p>\n\n\n\n<figure class=\"wp-block-image size-large\"><img loading=\"lazy\" decoding=\"async\" width=\"800\" height=\"450\" src=\"https:\/\/proposmontreal.com\/wp-content\/uploads\/2020\/11\/Hotel10-salle.jpg\" alt=\"L'espace Godin \u00e0 l'int\u00e9rieur de l'H\u00f4tel. \" class=\"wp-image-6894\" srcset=\"https:\/\/proposmontreal.com\/wp-content\/uploads\/2020\/11\/Hotel10-salle.jpg 800w, https:\/\/proposmontreal.com\/wp-content\/uploads\/2020\/11\/Hotel10-salle-300x169.jpg 300w, https:\/\/proposmontreal.com\/wp-content\/uploads\/2020\/11\/Hotel10-salle-150x84.jpg 150w, https:\/\/proposmontreal.com\/wp-content\/uploads\/2020\/11\/Hotel10-salle-768x432.jpg 768w\" sizes=\"auto, (max-width: 800px) 100vw, 800px\" \/><figcaption class=\"wp-element-caption\">L&rsquo;espace \u00c9v\u00e9nementiel de l&rsquo;Hotel10<br>Photo: ProposMontr\u00e9al<\/figcaption><\/figure>\n\n\n\n<p>L\u2019h\u00f4tel change de propri\u00e9taires que trois ans plus tard et devient l\u2019adresse montr\u00e9alaise de la cha\u00eene Opus de Vancouver avant de devenir depuis 2012 L\u2019Hotel10.<\/p>\n\n\n\n<p>Le groupe Tidan, propri\u00e9taire actuel de l\u2019h\u00f4tel est aussi derri\u00e8re la transformation d\u2019autres immeubles patrimoniaux comme le Club Mount Stephen, le Ch\u00e2teau Grosvenor et le Ch\u00e2teau Champlain.<\/p>\n\n\n\n<h2 class=\"wp-block-heading\">Andr\u00e9 \u00ab D\u00e9d\u00e9 \u00bb Fortin<\/h2>\n\n\n\n<p>\u00c0 plus de 378 ans, Montr\u00e9al a certes, une panoplie d\u2019immeubles ordinaires o\u00f9 se cachent des histoires impressionnantes. La maison de Nelligan rue Laval ou bien la maison de Louis-Hippolyte-La Fontaine derni\u00e8re sauv\u00e9e des d\u00e9molisseurs.<\/p>\n\n\n\n<p>Mais qu\u2019en est-il des exp\u00e9riences plus r\u00e9centes ? Nous pouvons imaginer la maison de Leonard Cohen rue Valli\u00e8re et justement, comme un savant m\u00e9lange de Nelligan et Cohen, on retrouve une autre l\u00e9gende moderne, Andr\u00e9 \u00ab D\u00e9d\u00e9 \u00bb Fortin.<\/p>\n\n\n\n<figure class=\"wp-block-image size-large\"><img loading=\"lazy\" decoding=\"async\" width=\"800\" height=\"951\" src=\"https:\/\/proposmontreal.com\/wp-content\/uploads\/2020\/11\/Dede-Fortin-1998-1.jpg\" alt=\"D\u00e9d\u00e9 Fortin en 1998\" class=\"wp-image-6901\" srcset=\"https:\/\/proposmontreal.com\/wp-content\/uploads\/2020\/11\/Dede-Fortin-1998-1.jpg 800w, https:\/\/proposmontreal.com\/wp-content\/uploads\/2020\/11\/Dede-Fortin-1998-1-252x300.jpg 252w, https:\/\/proposmontreal.com\/wp-content\/uploads\/2020\/11\/Dede-Fortin-1998-1-126x150.jpg 126w, https:\/\/proposmontreal.com\/wp-content\/uploads\/2020\/11\/Dede-Fortin-1998-1-768x913.jpg 768w\" sizes=\"auto, (max-width: 800px) 100vw, 800px\" \/><figcaption class=\"wp-element-caption\">Andr\u00e9 \u00ab&nbsp;D\u00e9d\u00e9 \u00bb&nbsp;Fortin &#8211; 1998<br>BAnQ, Fonds La Presse, P833,S5,D1998-0161<\/figcaption><\/figure>\n\n\n\n<p>C\u2019est dans cet immeuble que le groupe mythique, les Colocs feront leurs d\u00e9buts. Le groupe d\u2019Andr\u00e9 Fortin qui a marqu\u00e9 une g\u00e9n\u00e9ration compl\u00e8te et chant\u00e9 des paroles encore d\u2019actualit\u00e9s y a habit\u00e9 de 1990 \u00e0 1998.<\/p>\n\n\n\n<p>L\u2019appartement au coin du 3e \u00e9tage, que l\u2019on peut voir r\u00e9guli\u00e8rement durant les entrevues, les documentaires ou dans les \u0153uvres de Fortin \u00e9tait presque devenu un membre du groupe.<\/p>\n\n\n\n<figure class=\"wp-block-image size-full\"><img loading=\"lazy\" decoding=\"async\" width=\"748\" height=\"503\" src=\"https:\/\/proposmontreal.com\/wp-content\/uploads\/2020\/11\/cd.png\" alt=\"Album 2116, Les Colocs\" class=\"wp-image-6891\" srcset=\"https:\/\/proposmontreal.com\/wp-content\/uploads\/2020\/11\/cd.png 748w, https:\/\/proposmontreal.com\/wp-content\/uploads\/2020\/11\/cd-300x202.png 300w, https:\/\/proposmontreal.com\/wp-content\/uploads\/2020\/11\/cd-150x101.png 150w\" sizes=\"auto, (max-width: 748px) 100vw, 748px\" \/><\/figure>\n\n\n\n<p>C\u2019est avec cette id\u00e9e en t\u00eate que Mme Jo-Anne Sauv\u00e9-Taylor, directrice g\u00e9n\u00e9rale de l\u2019Hotel10 met de l\u2019avant la proposition de transformer l\u2019unit\u00e9 de coin de l\u2019H\u00f4tel boutique en lieu de p\u00e8lerinage.<\/p>\n\n\n\n<h2 class=\"wp-block-heading\">La suite 2116, Chez D\u00e9d\u00e9<\/h2>\n\n\n\n<p>La chambre occupe environ le tiers de l\u2019espace du loft original et est \u00e0 des ann\u00e9es-lumi\u00e8re de l\u2019endroit poussi\u00e9reux qui rend maintenant un brillant hommage \u00e0 l\u2019artiste qui nous a quitt\u00e9s beaucoup trop t\u00f4t de fa\u00e7on tragique.<\/p>\n\n\n\n<p>La suite qui porte le num\u00e9ro de l\u2019adresse originale de l\u2019immeuble, le 2116, est remplie d\u2019artefacts \u00e0 l\u2019image de Fortin, des citations sur les murs, des lettres envoy\u00e9es ou tir\u00e9es de ses cahiers d\u2019\u00e9critures.<\/p>\n\n\n\n<figure class=\"wp-block-image size-large\"><img loading=\"lazy\" decoding=\"async\" width=\"800\" height=\"935\" src=\"https:\/\/proposmontreal.com\/wp-content\/uploads\/2020\/11\/Dede-Fortin-Suite2116.png\" alt=\"Porte d'entr\u00e9e de la Suite 2116\" class=\"wp-image-6892\" srcset=\"https:\/\/proposmontreal.com\/wp-content\/uploads\/2020\/11\/Dede-Fortin-Suite2116.png 800w, https:\/\/proposmontreal.com\/wp-content\/uploads\/2020\/11\/Dede-Fortin-Suite2116-257x300.png 257w, https:\/\/proposmontreal.com\/wp-content\/uploads\/2020\/11\/Dede-Fortin-Suite2116-128x150.png 128w, https:\/\/proposmontreal.com\/wp-content\/uploads\/2020\/11\/Dede-Fortin-Suite2116-768x898.png 768w\" sizes=\"auto, (max-width: 800px) 100vw, 800px\" \/><figcaption class=\"wp-element-caption\">Murale de Marc Sirus<br>Photo: ProposMontr\u00e9al<\/figcaption><\/figure>\n\n\n\n<p>Avant d\u2019entrer, il faut traverser le couloir avec une \u0153uvre anamorphique d\u2019une guitare, on tombe ensuite face \u00e0 une porte qui avouons-le, sort de l\u2019ordinaire, peinte d\u2019une murale de Marc Sirus aux allures pop-art qui nous accueil.<\/p>\n\n\n\n<p>En entrant dans la suite, on remarque une certaine sobri\u00e9t\u00e9, mais la vue sur le boulevard Saint-Laurent et Sherbrooke est \u00e0 couper le souffle (sauf pour la station-service peut-\u00eatre). Une deuxi\u00e8me murale, celle-ci de l\u2019artiste \u00ab Mateo \u00bb pr\u00e9sente \u00e0 l\u2019aide de documents \u00e9crits une image de ce qui pouvait se passer dans la t\u00eate de D\u00e9d\u00e9<\/p>\n\n\n\n<p>Comme une image vaut mille mots, je vous invite \u00e0 visionner cette vid\u00e9o de Montr\u00e9al dans ta pipe qui m\u2019accompagnait durant la visite.<\/p>\n\n\n\n<figure class=\"wp-block-embed is-type-video is-provider-youtube wp-block-embed-youtube wp-embed-aspect-16-9 wp-has-aspect-ratio\"><div class=\"wp-block-embed__wrapper\">\n<iframe loading=\"lazy\" title=\"Montr\u00e9al dans ta Pipe: La Suite 2116: Chez D\u00e9d\u00e9!\" width=\"500\" height=\"281\" src=\"https:\/\/www.youtube.com\/embed\/7IoVf5GwotI?feature=oembed\" frameborder=\"0\" allow=\"accelerometer; autoplay; clipboard-write; encrypted-media; gyroscope; picture-in-picture; web-share\" referrerpolicy=\"strict-origin-when-cross-origin\" allowfullscreen><\/iframe>\n<\/div><\/figure>\n\n\n\n<p>L\u2019\u00e9difice n\u2019aura finalement jamais servi comme maison de rapport. Pourtant, le poids de son histoire va beaucoup plus loin que celle d\u2019un architecte tr\u00e8s talentueux, mais malchanceux. Joseph-Arthur Godin aura apport\u00e9 de nouvelles techniques de construction avec une signature visuelle bien \u00e0 lui.<\/p>\n\n\n\n<p>Quelques ann\u00e9es plus tard, un artiste, po\u00e8te et compositeur-interpr\u00e8te viendra \u00e0 son tour marquer par son audace, sa nouvelle fa\u00e7on de construire les phrases et qui met, lui aussi, fin \u00e0 sa carri\u00e8re beaucoup trop t\u00f4t.<\/p>\n\n\n\n<p>Peut-\u00eatre ce n\u2019est que moi, mais je crois que le destin devait r\u00e9unir Godin et Fortin et \u00e0 d\u00e9faut d\u2019avoir v\u00e9cu \u00e0 la m\u00eame \u00e9poque, leur ont permis de se retrouver sous un seul et m\u00eame toit.<\/p>\n\n\n\n<figure class=\"wp-block-image size-large\"><img loading=\"lazy\" decoding=\"async\" width=\"1024\" height=\"539\" src=\"https:\/\/proposmontreal.com\/wp-content\/uploads\/2020\/11\/capture-1024x539.jpg\" alt=\"Capture di film, D\u00e9d\u00e9, \u00e0 travers les brumes\" class=\"wp-image-6916\" srcset=\"https:\/\/proposmontreal.com\/wp-content\/uploads\/2020\/11\/capture-1024x539.jpg 1024w, https:\/\/proposmontreal.com\/wp-content\/uploads\/2020\/11\/capture-300x158.jpg 300w, https:\/\/proposmontreal.com\/wp-content\/uploads\/2020\/11\/capture-150x79.jpg 150w, https:\/\/proposmontreal.com\/wp-content\/uploads\/2020\/11\/capture-768x404.jpg 768w, https:\/\/proposmontreal.com\/wp-content\/uploads\/2020\/11\/capture.jpg 1286w\" sizes=\"auto, (max-width: 1024px) 100vw, 1024px\" \/><figcaption class=\"wp-element-caption\">Capture di film, D\u00e9d\u00e9, \u00e0 travers les brumes<\/figcaption><\/figure>\n\n\n\n<p>Je tiens \u00e0 remercier Jo-Anne Sauv\u00e9-Taylor et <a href=\"https:\/\/www.hotel10montreal.com\/\" target=\"_blank\" rel=\"noreferrer noopener\">Hotel10<\/a> de nous avoir re\u00e7us et de nous avoir offert le tour du propri\u00e9taire de la suite 2116 chez D\u00e9d\u00e9 bien s\u00fbr, mais de l\u2019h\u00f4tel au complet.<\/p>\n\n\n\n<p>\u00c0 noter que ceci n\u2019est pas une publicit\u00e9, c\u2019est nous qui les avons approch\u00e9s pour visiter la suite. En cette p\u00e9riode difficile pour tout le monde, l\u2019industrie touristique et \u00e9v\u00e9nementielle est particuli\u00e8rement touch\u00e9e par le manque de voyageurs et voyageuses \u00e0 Montr\u00e9al.<\/p>\n\n\n\n<p>Pour faire diff\u00e9rent et pour jouer les touristes dans votre propre ville, pourquoi ne pas aller passer juste une p\u2019tite nuite chez D\u00e9d\u00e9 ? Peut-\u00eatre serez-vous inspir\u00e9 par l\u2019ambiance de l\u2019immeuble comme d\u2019autres l\u2019ont \u00e9t\u00e9 avant vous.<\/p>\n\n\n\n<figure class=\"wp-block-video\"><video height=\"720\" style=\"aspect-ratio: 1280 \/ 720;\" width=\"1280\" controls src=\"https:\/\/proposmontreal.com\/wp-content\/uploads\/2023\/02\/Visite-de-la-suite-2116-chez-Dede-de-lHotel10-en-collaboration-avec-@CapitaineMontreal.mp4\"><\/video><\/figure>\n\n\n\n<p>Vous avez aimez? Encouragez-nous en utilisant les liens suivants.<\/p>\n\n\n\n<p>Patreon : <a href=\"https:\/\/www.patreon.com\/join\/proposmontreal\">ht<\/a><a rel=\"noreferrer noopener\" href=\"https:\/\/www.patreon.com\/join\/proposmontreal\" target=\"_blank\">tps:\/\/www.patreon.com\/join\/proposmontreal<\/a><br>Pourboire PayPal: <a rel=\"noreferrer noopener\" href=\"https:\/\/www.youtube.com\/redirect?q=https%3A%2F%2Fbit.ly%2F2Z5NbKM&amp;redir_token=QUFFLUhqa0o4RWI1OUhTQS1QSldZcjBGVlplSC10WmFjQXxBQ3Jtc0trU0VYNjZHQlYxRVF0UVFfNzFvRnZ5S25YSFRDbDVzZlBNVzhLTDI1RkZpSEsxazBBYllJcUtMUFBHZ3Zjd29XRmlMQkl1RTVXR29nLTZZbk9ORVQ1WnpZd1A5bzVVNjhhRDRBVGlHSUxjMlNmOFYzRQ%3D%3D&amp;event=video_description&amp;v=stUyHTxirPI\" target=\"_blank\">https:\/\/bit.ly\/2Z5NbKM<\/a><\/p>\n\n\n\n<iframe loading=\"lazy\" src=\"https:\/\/www.leslibraires.ca\/livre-affiliation\/autour-de-dede-fortin-jean-barbe-9782760967007.html\/?type=fiche&amp;configuration=20&amp;u=295167\" width=\"700\" height=\"405\" frameborder=\"0\" scrolling=\"no\" style=\"overflow:hidden;\"><\/iframe>\n","protected":false},"excerpt":{"rendered":"<p><span class=\"span-reading-time rt-reading-time\" style=\"display: block;\"><span class=\"rt-label rt-prefix\">Temps de lecture approximatif de<\/span> <span class=\"rt-time\"> 6<\/span> <span class=\"rt-label rt-postfix\">minutes<\/span><\/span>Au coin de Saint-Laurent et Sherbrooke, vous trouverez l&rsquo;\u00e9difice Godin, un immeuble qui a une histoire unique et int\u00e9ressante \u00e0 d\u00e9couvrir. <\/p>\n<div class=\"more-link-wrapper\"><a class=\"more-link\" href=\"https:\/\/proposmontreal.com\/index.php\/edifice-godin-et-dede\/\">Pour lire l&#039;article&#8230;<span class=\"screen-reader-text\">L&rsquo;\u00c9difice Godin et d\u00e9d\u00e9<\/span><\/a><\/div>\n","protected":false},"author":2,"featured_media":6898,"comment_status":"closed","ping_status":"closed","sticky":false,"template":"","format":"standard","meta":{"jetpack_post_was_ever_published":false,"_jetpack_newsletter_access":"","_jetpack_dont_email_post_to_subs":false,"_jetpack_newsletter_tier_id":0,"_jetpack_memberships_contains_paywalled_content":false,"_jetpack_memberships_contains_paid_content":false,"footnotes":""},"categories":[1725,393],"tags":[1507,1684,1682,1685,1683],"class_list":["post-6886","post","type-post","status-publish","format-standard","has-post-thumbnail","hentry","category-architecture","category-histoire-2","tag-architecture","tag-beton-arme","tag-edifice-godin","tag-hotel10","tag-joseph-arthur-godin","excerpt","zoom","full-without-featured","even","excerpt-0"],"yoast_head":"<!-- This site is optimized with the Yoast SEO plugin v26.5 - https:\/\/yoast.com\/wordpress\/plugins\/seo\/ -->\n<title>L&#039;\u00e9difice Godin son Histoire et D\u00e9d\u00e9 Fortin - ProposMontr\u00e9al<\/title>\n<meta name=\"description\" content=\"Au coin de Saint-Laurent et Sherbrooke, vous trouverez l&#039;\u00e9difice Godin, un immeuble qui a une histoire unique et int\u00e9ressante \u00e0 d\u00e9couvrir.\" \/>\n<meta name=\"robots\" content=\"index, follow, max-snippet:-1, max-image-preview:large, max-video-preview:-1\" \/>\n<link rel=\"canonical\" href=\"https:\/\/proposmontreal.com\/index.php\/edifice-godin-et-dede\/\" \/>\n<meta property=\"og:locale\" content=\"fr_FR\" \/>\n<meta property=\"og:type\" content=\"article\" \/>\n<meta property=\"og:title\" content=\"L&#039;\u00e9difice Godin son Histoire et D\u00e9d\u00e9 Fortin - ProposMontr\u00e9al\" \/>\n<meta property=\"og:url\" content=\"https:\/\/proposmontreal.com\/index.php\/edifice-godin-et-dede\/\" \/>\n<meta property=\"og:site_name\" content=\"ProposMontr\u00e9al\" \/>\n<meta property=\"article:publisher\" content=\"https:\/\/www.facebook.com\/proposmontreal\" \/>\n<meta property=\"article:author\" content=\"https:\/\/www.facebook.com\/proposmontreal\" \/>\n<meta property=\"article:published_time\" content=\"2020-11-17T13:54:36+00:00\" \/>\n<meta property=\"article:modified_time\" content=\"2023-02-04T15:49:24+00:00\" \/>\n<meta property=\"og:image\" content=\"https:\/\/proposmontreal.com\/wp-content\/uploads\/2020\/11\/ADM-VM94-A0004-012.jpg\" \/>\n\t<meta property=\"og:image:width\" content=\"1042\" \/>\n\t<meta property=\"og:image:height\" content=\"711\" \/>\n\t<meta property=\"og:image:type\" content=\"image\/jpeg\" \/>\n<meta name=\"author\" content=\"Martin B\u00e9rub\u00e9\" \/>\n<meta name=\"twitter:card\" content=\"summary_large_image\" \/>\n<meta name=\"twitter:creator\" content=\"@proposmontreal\" \/>\n<meta name=\"twitter:site\" content=\"@ProposMontreal\" \/>\n<meta name=\"twitter:label1\" content=\"\u00c9crit par\" \/>\n\t<meta name=\"twitter:data1\" content=\"Martin B\u00e9rub\u00e9\" \/>\n\t<meta name=\"twitter:label2\" content=\"Dur\u00e9e de lecture estim\u00e9e\" \/>\n\t<meta name=\"twitter:data2\" content=\"12 minutes\" \/>\n<script type=\"application\/ld+json\" class=\"yoast-schema-graph\">{\"@context\":\"https:\/\/schema.org\",\"@graph\":[{\"@type\":\"WebPage\",\"@id\":\"https:\/\/proposmontreal.com\/index.php\/edifice-godin-et-dede\/\",\"url\":\"https:\/\/proposmontreal.com\/index.php\/edifice-godin-et-dede\/\",\"name\":\"L'\u00e9difice Godin son Histoire et D\u00e9d\u00e9 Fortin - ProposMontr\u00e9al\",\"isPartOf\":{\"@id\":\"https:\/\/proposmontreal.com\/#website\"},\"primaryImageOfPage\":{\"@id\":\"https:\/\/proposmontreal.com\/index.php\/edifice-godin-et-dede\/#primaryimage\"},\"image\":{\"@id\":\"https:\/\/proposmontreal.com\/index.php\/edifice-godin-et-dede\/#primaryimage\"},\"thumbnailUrl\":\"https:\/\/proposmontreal.com\/wp-content\/uploads\/2020\/11\/ADM-VM94-A0004-012.jpg\",\"datePublished\":\"2020-11-17T13:54:36+00:00\",\"dateModified\":\"2023-02-04T15:49:24+00:00\",\"author\":{\"@id\":\"https:\/\/proposmontreal.com\/#\/schema\/person\/7d7acef09662dd8c0283a456e39b3254\"},\"description\":\"Au coin de Saint-Laurent et Sherbrooke, vous trouverez l'\u00e9difice Godin, un immeuble qui a une histoire unique et int\u00e9ressante \u00e0 d\u00e9couvrir.\",\"breadcrumb\":{\"@id\":\"https:\/\/proposmontreal.com\/index.php\/edifice-godin-et-dede\/#breadcrumb\"},\"inLanguage\":\"fr-FR\",\"potentialAction\":[{\"@type\":\"ReadAction\",\"target\":[\"https:\/\/proposmontreal.com\/index.php\/edifice-godin-et-dede\/\"]}]},{\"@type\":\"ImageObject\",\"inLanguage\":\"fr-FR\",\"@id\":\"https:\/\/proposmontreal.com\/index.php\/edifice-godin-et-dede\/#primaryimage\",\"url\":\"https:\/\/proposmontreal.com\/wp-content\/uploads\/2020\/11\/ADM-VM94-A0004-012.jpg\",\"contentUrl\":\"https:\/\/proposmontreal.com\/wp-content\/uploads\/2020\/11\/ADM-VM94-A0004-012.jpg\",\"width\":1042,\"height\":711,\"caption\":\"\u00c9difice Godin\"},{\"@type\":\"BreadcrumbList\",\"@id\":\"https:\/\/proposmontreal.com\/index.php\/edifice-godin-et-dede\/#breadcrumb\",\"itemListElement\":[{\"@type\":\"ListItem\",\"position\":1,\"name\":\"Accueil\",\"item\":\"https:\/\/proposmontreal.com\/\"},{\"@type\":\"ListItem\",\"position\":2,\"name\":\"L&rsquo;\u00c9difice Godin et d\u00e9d\u00e9\"}]},{\"@type\":\"WebSite\",\"@id\":\"https:\/\/proposmontreal.com\/#website\",\"url\":\"https:\/\/proposmontreal.com\/\",\"name\":\"ProposMontr\u00e9al\",\"description\":\"Histoire, Urbanisme, Architecture et Opinions.\",\"potentialAction\":[{\"@type\":\"SearchAction\",\"target\":{\"@type\":\"EntryPoint\",\"urlTemplate\":\"https:\/\/proposmontreal.com\/?s={search_term_string}\"},\"query-input\":{\"@type\":\"PropertyValueSpecification\",\"valueRequired\":true,\"valueName\":\"search_term_string\"}}],\"inLanguage\":\"fr-FR\"},{\"@type\":\"Person\",\"@id\":\"https:\/\/proposmontreal.com\/#\/schema\/person\/7d7acef09662dd8c0283a456e39b3254\",\"name\":\"Martin B\u00e9rub\u00e9\",\"image\":{\"@type\":\"ImageObject\",\"inLanguage\":\"fr-FR\",\"@id\":\"https:\/\/proposmontreal.com\/#\/schema\/person\/image\/\",\"url\":\"https:\/\/secure.gravatar.com\/avatar\/c584d9147b7b50bb9ff2edf1db3d93d38f22473bdde645a7942ee41f752cce3f?s=96&d=blank&r=g\",\"contentUrl\":\"https:\/\/secure.gravatar.com\/avatar\/c584d9147b7b50bb9ff2edf1db3d93d38f22473bdde645a7942ee41f752cce3f?s=96&d=blank&r=g\",\"caption\":\"Martin B\u00e9rub\u00e9\"},\"description\":\"Amoureux de Montr\u00e9al, fascin\u00e9 par l'histoire de la ville, son urbanisme et sa toponymie, ni historien ni sp\u00e9cialiste du sujet, Martin n'\u00e9tait m\u00eame pas n\u00e9 \u00e0 l'\u00e9poque de 99% des sujets discut\u00e9s de ce site. Il aime trouver des r\u00e9ponses aux questions qui sont pos\u00e9es. Les billets que vous lisez ne sont que les r\u00e9sultats de la qu\u00eate vers des r\u00e9ponses et le besoin de partager.\",\"sameAs\":[\"http:\/\/proposmontreal.com\",\"https:\/\/www.facebook.com\/proposmontreal\",\"https:\/\/x.com\/proposmontreal\"]}]}<\/script>\n<!-- \/ Yoast SEO plugin. -->","yoast_head_json":{"title":"L'\u00e9difice Godin son Histoire et D\u00e9d\u00e9 Fortin - ProposMontr\u00e9al","description":"Au coin de Saint-Laurent et Sherbrooke, vous trouverez l'\u00e9difice Godin, un immeuble qui a une histoire unique et int\u00e9ressante \u00e0 d\u00e9couvrir.","robots":{"index":"index","follow":"follow","max-snippet":"max-snippet:-1","max-image-preview":"max-image-preview:large","max-video-preview":"max-video-preview:-1"},"canonical":"https:\/\/proposmontreal.com\/index.php\/edifice-godin-et-dede\/","og_locale":"fr_FR","og_type":"article","og_title":"L'\u00e9difice Godin son Histoire et D\u00e9d\u00e9 Fortin - ProposMontr\u00e9al","og_url":"https:\/\/proposmontreal.com\/index.php\/edifice-godin-et-dede\/","og_site_name":"ProposMontr\u00e9al","article_publisher":"https:\/\/www.facebook.com\/proposmontreal","article_author":"https:\/\/www.facebook.com\/proposmontreal","article_published_time":"2020-11-17T13:54:36+00:00","article_modified_time":"2023-02-04T15:49:24+00:00","og_image":[{"width":1042,"height":711,"url":"https:\/\/proposmontreal.com\/wp-content\/uploads\/2020\/11\/ADM-VM94-A0004-012.jpg","type":"image\/jpeg"}],"author":"Martin B\u00e9rub\u00e9","twitter_card":"summary_large_image","twitter_creator":"@proposmontreal","twitter_site":"@ProposMontreal","twitter_misc":{"\u00c9crit par":"Martin B\u00e9rub\u00e9","Dur\u00e9e de lecture estim\u00e9e":"12 minutes"},"schema":{"@context":"https:\/\/schema.org","@graph":[{"@type":"WebPage","@id":"https:\/\/proposmontreal.com\/index.php\/edifice-godin-et-dede\/","url":"https:\/\/proposmontreal.com\/index.php\/edifice-godin-et-dede\/","name":"L'\u00e9difice Godin son Histoire et D\u00e9d\u00e9 Fortin - ProposMontr\u00e9al","isPartOf":{"@id":"https:\/\/proposmontreal.com\/#website"},"primaryImageOfPage":{"@id":"https:\/\/proposmontreal.com\/index.php\/edifice-godin-et-dede\/#primaryimage"},"image":{"@id":"https:\/\/proposmontreal.com\/index.php\/edifice-godin-et-dede\/#primaryimage"},"thumbnailUrl":"https:\/\/proposmontreal.com\/wp-content\/uploads\/2020\/11\/ADM-VM94-A0004-012.jpg","datePublished":"2020-11-17T13:54:36+00:00","dateModified":"2023-02-04T15:49:24+00:00","author":{"@id":"https:\/\/proposmontreal.com\/#\/schema\/person\/7d7acef09662dd8c0283a456e39b3254"},"description":"Au coin de Saint-Laurent et Sherbrooke, vous trouverez l'\u00e9difice Godin, un immeuble qui a une histoire unique et int\u00e9ressante \u00e0 d\u00e9couvrir.","breadcrumb":{"@id":"https:\/\/proposmontreal.com\/index.php\/edifice-godin-et-dede\/#breadcrumb"},"inLanguage":"fr-FR","potentialAction":[{"@type":"ReadAction","target":["https:\/\/proposmontreal.com\/index.php\/edifice-godin-et-dede\/"]}]},{"@type":"ImageObject","inLanguage":"fr-FR","@id":"https:\/\/proposmontreal.com\/index.php\/edifice-godin-et-dede\/#primaryimage","url":"https:\/\/proposmontreal.com\/wp-content\/uploads\/2020\/11\/ADM-VM94-A0004-012.jpg","contentUrl":"https:\/\/proposmontreal.com\/wp-content\/uploads\/2020\/11\/ADM-VM94-A0004-012.jpg","width":1042,"height":711,"caption":"\u00c9difice Godin"},{"@type":"BreadcrumbList","@id":"https:\/\/proposmontreal.com\/index.php\/edifice-godin-et-dede\/#breadcrumb","itemListElement":[{"@type":"ListItem","position":1,"name":"Accueil","item":"https:\/\/proposmontreal.com\/"},{"@type":"ListItem","position":2,"name":"L&rsquo;\u00c9difice Godin et d\u00e9d\u00e9"}]},{"@type":"WebSite","@id":"https:\/\/proposmontreal.com\/#website","url":"https:\/\/proposmontreal.com\/","name":"ProposMontr\u00e9al","description":"Histoire, Urbanisme, Architecture et Opinions.","potentialAction":[{"@type":"SearchAction","target":{"@type":"EntryPoint","urlTemplate":"https:\/\/proposmontreal.com\/?s={search_term_string}"},"query-input":{"@type":"PropertyValueSpecification","valueRequired":true,"valueName":"search_term_string"}}],"inLanguage":"fr-FR"},{"@type":"Person","@id":"https:\/\/proposmontreal.com\/#\/schema\/person\/7d7acef09662dd8c0283a456e39b3254","name":"Martin B\u00e9rub\u00e9","image":{"@type":"ImageObject","inLanguage":"fr-FR","@id":"https:\/\/proposmontreal.com\/#\/schema\/person\/image\/","url":"https:\/\/secure.gravatar.com\/avatar\/c584d9147b7b50bb9ff2edf1db3d93d38f22473bdde645a7942ee41f752cce3f?s=96&d=blank&r=g","contentUrl":"https:\/\/secure.gravatar.com\/avatar\/c584d9147b7b50bb9ff2edf1db3d93d38f22473bdde645a7942ee41f752cce3f?s=96&d=blank&r=g","caption":"Martin B\u00e9rub\u00e9"},"description":"Amoureux de Montr\u00e9al, fascin\u00e9 par l'histoire de la ville, son urbanisme et sa toponymie, ni historien ni sp\u00e9cialiste du sujet, Martin n'\u00e9tait m\u00eame pas n\u00e9 \u00e0 l'\u00e9poque de 99% des sujets discut\u00e9s de ce site. Il aime trouver des r\u00e9ponses aux questions qui sont pos\u00e9es. Les billets que vous lisez ne sont que les r\u00e9sultats de la qu\u00eate vers des r\u00e9ponses et le besoin de partager.","sameAs":["http:\/\/proposmontreal.com","https:\/\/www.facebook.com\/proposmontreal","https:\/\/x.com\/proposmontreal"]}]}},"jetpack_featured_media_url":"https:\/\/proposmontreal.com\/wp-content\/uploads\/2020\/11\/ADM-VM94-A0004-012.jpg","jetpack_sharing_enabled":true,"_links":{"self":[{"href":"https:\/\/proposmontreal.com\/index.php\/wp-json\/wp\/v2\/posts\/6886","targetHints":{"allow":["GET"]}}],"collection":[{"href":"https:\/\/proposmontreal.com\/index.php\/wp-json\/wp\/v2\/posts"}],"about":[{"href":"https:\/\/proposmontreal.com\/index.php\/wp-json\/wp\/v2\/types\/post"}],"author":[{"embeddable":true,"href":"https:\/\/proposmontreal.com\/index.php\/wp-json\/wp\/v2\/users\/2"}],"replies":[{"embeddable":true,"href":"https:\/\/proposmontreal.com\/index.php\/wp-json\/wp\/v2\/comments?post=6886"}],"version-history":[{"count":1,"href":"https:\/\/proposmontreal.com\/index.php\/wp-json\/wp\/v2\/posts\/6886\/revisions"}],"predecessor-version":[{"id":7728,"href":"https:\/\/proposmontreal.com\/index.php\/wp-json\/wp\/v2\/posts\/6886\/revisions\/7728"}],"wp:featuredmedia":[{"embeddable":true,"href":"https:\/\/proposmontreal.com\/index.php\/wp-json\/wp\/v2\/media\/6898"}],"wp:attachment":[{"href":"https:\/\/proposmontreal.com\/index.php\/wp-json\/wp\/v2\/media?parent=6886"}],"wp:term":[{"taxonomy":"category","embeddable":true,"href":"https:\/\/proposmontreal.com\/index.php\/wp-json\/wp\/v2\/categories?post=6886"},{"taxonomy":"post_tag","embeddable":true,"href":"https:\/\/proposmontreal.com\/index.php\/wp-json\/wp\/v2\/tags?post=6886"}],"curies":[{"name":"wp","href":"https:\/\/api.w.org\/{rel}","templated":true}]}}