{"id":6828,"date":"2020-10-12T18:43:36","date_gmt":"2020-10-12T22:43:36","guid":{"rendered":"http:\/\/proposmontreal.com\/?p=6828"},"modified":"2022-07-12T19:42:24","modified_gmt":"2022-07-12T23:42:24","slug":"lhistoire-du-palais-des-nains","status":"publish","type":"post","link":"https:\/\/proposmontreal.com\/index.php\/lhistoire-du-palais-des-nains\/","title":{"rendered":"L&rsquo;Histoire du palais des nains"},"content":{"rendered":"<span class=\"span-reading-time rt-reading-time\" style=\"display: block;\"><span class=\"rt-label rt-prefix\">Temps de lecture approximatif de<\/span> <span class=\"rt-time\"> 7<\/span> <span class=\"rt-label rt-postfix\">minutes<\/span><\/span>\n<p>Avant la radio, avant la t\u00e9l\u00e9 et avant l\u2019internet, la population avait tout de m\u00eame des fa\u00e7ons de s\u2019amuser que nous pourrions aujourd\u2019hui trouver int\u00e9ressantes. Cela nous donnera plusieurs sports encore populaires de nos jours, le cirque ou bien les carnavals divers. C\u2019est \u00e0 ce moment dans l\u2019histoire qu\u2019on se retrouve au Palais des Nains de Montr\u00e9al.<\/p>\n\n\n\n<p>Avant tout, d\u00e9butons avec un avertissement, notre histoire d\u2019aujourd\u2019hui se passe principalement entre la fin du XIXe et au d\u00e9but du XXe si\u00e8cle et les \u00e9v\u00e9nements dont nous allons parler \u00e9taient d\u00e9finitivement d\u2019une autre \u00e9poque. Alors, notre but n\u2019est pas de blesser ou de viser les gens vivant avec un handicap, mais de relater cette petite histoire de Montr\u00e9al.<\/p>\n\n\n\n<p>Philippe Ad\u00e9lard Nicol est n\u00e9 \u00e0 Saint-Henri-de-L\u00e9vis le 27 septembre 1881 et ses parents auront la surprise de voir un b\u00e9b\u00e9 avec une particularit\u00e9, Philippe est atteint de nanisme. Tous ses fr\u00e8res et s\u0153urs sont de tailles r\u00e9guli\u00e8res, son p\u00e8re mesure 1 m 90 (6\u20193\u201d) et sa m\u00e8re 1 m 73 (5\u20199\u201d) ce qui est relativement grand, m\u00eame aujourd\u2019hui.<\/p>\n\n\n\n<p>Nous sommes encore \u00e0 l\u2019\u00e9poque o\u00f9 plusieurs grandes familles, n\u2019ayant pas les moyens de s\u2019occuper d\u2019un enfant ayant des besoins particuliers font r\u00e9guli\u00e8rement interner dans un hospice et\/ou des h\u00f4pitaux. Heureusement pour notre histoire, ce n\u2019est pas le cas ici.<\/p>\n\n\n\n<p>La famille Nicol d\u00e9m\u00e9nage au New Hampshire en 1887 et comme tout enfant de son \u00e2ge et malgr\u00e9 son handicap, Philippe ira \u00e0 l\u2019\u00e9cole puis au coll\u00e8ge classique qu\u2019il fr\u00e9quente que trois mois par ann\u00e9e.&nbsp;<\/p>\n\n\n\n<p>C\u2019est que d\u00e8s l\u2019\u00e2ge de trois ans, sa taille fait de lui une attraction remarqu\u00e9e et ses parents permettront sa participation durant l\u2019\u00e9t\u00e9 \u00e0 des cirques ambulants parmi les plus populaires sur la plan\u00e8te. Il est toutefois toujours accompagn\u00e9 d\u2019un membre adulte de la famille qui continue son \u00e9ducation quand il n\u2019est pas en classe.<\/p>\n\n\n\n<div class=\"wp-block-image\"><figure class=\"aligncenter size-large\"><img loading=\"lazy\" decoding=\"async\" width=\"1024\" height=\"613\" src=\"https:\/\/proposmontreal.com\/wp-content\/uploads\/2020\/10\/kelty-ringling-brothers-web1-1024x613.jpg\" alt=\"Photo de Barnum &amp; Bailey \" class=\"wp-image-6837\" srcset=\"https:\/\/proposmontreal.com\/wp-content\/uploads\/2020\/10\/kelty-ringling-brothers-web1-1024x613.jpg 1024w, https:\/\/proposmontreal.com\/wp-content\/uploads\/2020\/10\/kelty-ringling-brothers-web1-300x180.jpg 300w, https:\/\/proposmontreal.com\/wp-content\/uploads\/2020\/10\/kelty-ringling-brothers-web1-150x90.jpg 150w, https:\/\/proposmontreal.com\/wp-content\/uploads\/2020\/10\/kelty-ringling-brothers-web1-768x460.jpg 768w, https:\/\/proposmontreal.com\/wp-content\/uploads\/2020\/10\/kelty-ringling-brothers-web1.jpg 1100w\" sizes=\"auto, (max-width: 1024px) 100vw, 1024px\" \/><figcaption>Edward J. Kelty&nbsp;(1888-1967)<br>Century Photographers&nbsp;74 W 47 N.Y.C.<br><em>Ringling Brothers and Barnum &amp; Bailey Circus \u2013 Greatest Show on Earth \u2013 <\/em>1931<\/figcaption><\/figure><\/div>\n\n\n\n<h2 class=\"wp-block-heading\">Freak shows<\/h2>\n\n\n\n<p>Il passera une bonne partie de sa carri\u00e8re avec les populaires cirques de Barnum &amp; Bailey et de Forepaugh &amp; Sells ainsi qu\u2019au sain de diff\u00e9rentes tourn\u00e9e Vaudevieliennes.&nbsp;<\/p>\n\n\n\n<p>Philippe est populaire dans de ce qu\u2019on appelle les \u00ab Freak Show. \u00bb Aux c\u00f4t\u00e9s de femmes \u00e0 barbe, d\u2019hommes forts et autres \u00ab sideshows \u00bb. Philippe est plus tard le clown&nbsp;qui amuse la foule entre les diff\u00e9rents num\u00e9ros sous le grand&nbsp;chapiteau.<\/p>\n\n\n\n<p>\u00c0 l\u2019adolescence, il tire un bon cachet de la vente de photos autographi\u00e9es et se&nbsp;donne le titre th\u00e9\u00e2tral de Comte Philippe Nicol. Cette pratique n\u2019\u00e9tait pas rare&nbsp;quand nous pensons aux populaires G\u00e9n\u00e9ral Tom Thumb (a. k. a Tom Pouce) ou&nbsp;Admiral Dot, deux autres artistes de petite taille qui n\u2019avaient rien de&nbsp;militaire.&nbsp;&nbsp;<\/p>\n\n\n\n<p>Ayant atteint sa taille adulte de 90 cm (36\u201d) il revient habiter avec la famille \u00e0 Manchester en 1903 o\u00f9 il ouvrira un magasin g\u00e9n\u00e9ral et de confiseries. \u00c0 la m\u00eame \u00e9poque, Joseph-Octave Champagne ami de Philippe et g\u00e9rant de l\u2019homme fort Louis Cyr lui pr\u00e9sente Mlle Rose Dufresne. Rose, n\u00e9 en 1887 et aussi de petite taille, ayant fait le tour des cirques et des th\u00e9\u00e2tres. Je ne sais pas si c\u2019est le coup de foudre, mais ils seront mari\u00e9s \u00e0 Lowell, N.H. en 1906.<\/p>\n\n\n\n<div class=\"wp-block-image\"><figure class=\"aligncenter size-large\"><img loading=\"lazy\" decoding=\"async\" width=\"715\" height=\"906\" src=\"https:\/\/proposmontreal.com\/wp-content\/uploads\/2020\/10\/Philippe-Nicol.jpg\" alt=\"Le couple de nouveaux mari\u00e9s\" class=\"wp-image-6835\" srcset=\"https:\/\/proposmontreal.com\/wp-content\/uploads\/2020\/10\/Philippe-Nicol.jpg 715w, https:\/\/proposmontreal.com\/wp-content\/uploads\/2020\/10\/Philippe-Nicol-237x300.jpg 237w, https:\/\/proposmontreal.com\/wp-content\/uploads\/2020\/10\/Philippe-Nicol-118x150.jpg 118w\" sizes=\"auto, (max-width: 715px) 100vw, 715px\" \/><\/figure><\/div>\n\n\n\n<p>Le couple maintenant connu sous les noms de sc\u00e8ne de \u00ab Comte et Comtesse Nicol, roi et reine des nains \u00bb repartira pour un court instant dans la tourn\u00e9e des cirques jusqu\u2019en 1913 quand ils viendront s\u2019installer \u00e0 Montr\u00e9al avec une petite fortune.<\/p>\n\n\n\n<h2 class=\"wp-block-heading\">Le Palais des Nains<\/h2>\n\n\n\n<p>Philippe ayant appris des meilleurs \u00ab&nbsp;showmen \u00bb songe \u00e0 la cr\u00e9ation d\u2019un palais en plein centre du parc Lafontaine. Dans le style de P.T. Branum, les Nicol avaient imagin\u00e9 un endroit o\u00f9 les gens pourraient venir voir les personnes de petite taille dans leur quotidien.<\/p>\n\n\n\n<figure class=\"wp-block-image size-large\"><img loading=\"lazy\" decoding=\"async\" width=\"977\" height=\"699\" src=\"https:\/\/proposmontreal.com\/wp-content\/uploads\/2020\/10\/415-rachel-guillaumesansfacon.jpg\" alt=\"Devanture du Palais des Nains au 415 Rachel Est\" class=\"wp-image-6853\" srcset=\"https:\/\/proposmontreal.com\/wp-content\/uploads\/2020\/10\/415-rachel-guillaumesansfacon.jpg 977w, https:\/\/proposmontreal.com\/wp-content\/uploads\/2020\/10\/415-rachel-guillaumesansfacon-300x215.jpg 300w, https:\/\/proposmontreal.com\/wp-content\/uploads\/2020\/10\/415-rachel-guillaumesansfacon-150x107.jpg 150w, https:\/\/proposmontreal.com\/wp-content\/uploads\/2020\/10\/415-rachel-guillaumesansfacon-768x549.jpg 768w\" sizes=\"auto, (max-width: 977px) 100vw, 977px\" \/><figcaption>Le Palais des Nains original du 415 rue Rachel Est.<br><\/figcaption><\/figure>\n\n\n\n<p>Malheureusement, il m\u2019est impossible de dissocier cette image n\u00e9gative \u00e0 celle de Munchkinland, du Magicien d\u2019Oz et je suis plut\u00f4t heureux que \u00e7a ne ce soit pas r\u00e9alis\u00e9.&nbsp;<\/p>\n\n\n\n<p>Il y aura m\u00eame quelques discussions avec l\u2019ex\u00e9cutif de la ville de Montr\u00e9al, mais qui ne m\u00e8neront \u00e0 rien. Ce revers ne mettra pas fin aux r\u00eaves du couple qui transforment leur demeure du 415 rue Rachel \u00e0 l\u2019intersection de la rue Berri, en mus\u00e9e \u00e0 10 sous.&nbsp;<\/p>\n\n\n\n<div class=\"wp-block-image\"><figure class=\"aligncenter size-large\"><img loading=\"lazy\" decoding=\"async\" width=\"1024\" height=\"639\" src=\"https:\/\/proposmontreal.com\/wp-content\/uploads\/2020\/10\/1024px-Avez-vous_visite_le_nouveau_Palais_des_Nains.jpg\" alt=\"Carte de Visite du Palais des Nains\" class=\"wp-image-6836\" srcset=\"https:\/\/proposmontreal.com\/wp-content\/uploads\/2020\/10\/1024px-Avez-vous_visite_le_nouveau_Palais_des_Nains.jpg 1024w, https:\/\/proposmontreal.com\/wp-content\/uploads\/2020\/10\/1024px-Avez-vous_visite_le_nouveau_Palais_des_Nains-300x187.jpg 300w, https:\/\/proposmontreal.com\/wp-content\/uploads\/2020\/10\/1024px-Avez-vous_visite_le_nouveau_Palais_des_Nains-150x94.jpg 150w, https:\/\/proposmontreal.com\/wp-content\/uploads\/2020\/10\/1024px-Avez-vous_visite_le_nouveau_Palais_des_Nains-768x479.jpg 768w\" sizes=\"auto, (max-width: 1024px) 100vw, 1024px\" \/><\/figure><\/div>\n\n\n\n<p>Le concept de mus\u00e9es \u00e0 10 sous est un type de divertissements populaires am\u00e9ricains con\u00e7us comme des centres d\u2019\u00e9ducation morale, mais qui sont en r\u00e9alit\u00e9 que du voyeurisme. Situ\u00e9 \u00e0 seulement quelques coins de rue du parc Lafontaine, Les Nicol invitent maintenant les curieux \u00e0 les regarder dans leur quotidien.<\/p>\n\n\n\n<p>Le slogan \u00ab&nbsp;Venez vous sentir comme un g\u00e9ant \u00bb&nbsp;vous explique plus ou moins ce qui s\u2019y trouve. En passant dans le corridor principal de l\u2019appartement, vous pouvez voir le couple vaquer \u00e0 leurs t\u00e2ches m\u00e9nag\u00e8res ou bien lire le journal tout en interagissant avec le public.&nbsp;<\/p>\n\n\n\n<div class=\"wp-block-image\"><figure class=\"aligncenter size-large\"><img loading=\"lazy\" decoding=\"async\" width=\"1024\" height=\"702\" src=\"https:\/\/proposmontreal.com\/wp-content\/uploads\/2020\/10\/1024px-Palais_des_Nains_-_Salle_a_diner.jpg\" alt=\"Le couple Nicol dans la salle \u00e0 manger\" class=\"wp-image-6838\" srcset=\"https:\/\/proposmontreal.com\/wp-content\/uploads\/2020\/10\/1024px-Palais_des_Nains_-_Salle_a_diner.jpg 1024w, https:\/\/proposmontreal.com\/wp-content\/uploads\/2020\/10\/1024px-Palais_des_Nains_-_Salle_a_diner-300x206.jpg 300w, https:\/\/proposmontreal.com\/wp-content\/uploads\/2020\/10\/1024px-Palais_des_Nains_-_Salle_a_diner-150x103.jpg 150w, https:\/\/proposmontreal.com\/wp-content\/uploads\/2020\/10\/1024px-Palais_des_Nains_-_Salle_a_diner-768x527.jpg 768w\" sizes=\"auto, (max-width: 1024px) 100vw, 1024px\" \/><\/figure><\/div>\n\n\n\n<h2 class=\"wp-block-heading\">Mise en sc\u00e8ne<\/h2>\n\n\n\n<p>Un v\u00e9ritable mus\u00e9e de miniatures, tout est \u00e0 la hauteur n\u00e9cessaire, sur mesure pour une personne de petite taille. Meubles, comptoir et accessoires m\u00e9nagers, tout est adapt\u00e9. La maison est richement d\u00e9cor\u00e9e digne des manoirs du Golden square Mile plus \u00e0 l\u2019ouest de la ville.<\/p>\n\n\n\n<p>Pendant que les touristes font leurs voyeurs devant le th\u00e9\u00e2tre domestique, Rose s\u2019installe au piano, miniature bien s\u00fbr et joue habillement une chanson populaire. M\u00eame leur horloge grand-p\u00e8re est sur mesure.&nbsp;<\/p>\n\n\n\n<div class=\"wp-block-image\"><figure class=\"aligncenter size-large\"><img loading=\"lazy\" decoding=\"async\" width=\"1024\" height=\"724\" src=\"https:\/\/proposmontreal.com\/wp-content\/uploads\/2020\/10\/piano-palais-des-nains-1024x724.jpg\" alt=\"Rose Dufresne-Nicol au Piano\" class=\"wp-image-6839\" srcset=\"https:\/\/proposmontreal.com\/wp-content\/uploads\/2020\/10\/piano-palais-des-nains-1024x724.jpg 1024w, https:\/\/proposmontreal.com\/wp-content\/uploads\/2020\/10\/piano-palais-des-nains-300x212.jpg 300w, https:\/\/proposmontreal.com\/wp-content\/uploads\/2020\/10\/piano-palais-des-nains-150x106.jpg 150w, https:\/\/proposmontreal.com\/wp-content\/uploads\/2020\/10\/piano-palais-des-nains-768x543.jpg 768w, https:\/\/proposmontreal.com\/wp-content\/uploads\/2020\/10\/piano-palais-des-nains.jpg 1179w\" sizes=\"auto, (max-width: 1024px) 100vw, 1024px\" \/><figcaption>Rose au piano<\/figcaption><\/figure><\/div>\n\n\n\n<p>Comme une chor\u00e9graphie, les membres de la famille accueillent les visiteurs dans le style \u00ab Ah! Vous \u00eates l\u00e0, \u00bb se placent \u00e0 des endroits sp\u00e9cifiques pour les photos de la m\u00eame mani\u00e8re que des mannequins de cire du Mus\u00e9e Eden.&nbsp;<\/p>\n\n\n\n<div class=\"wp-block-image\"><figure class=\"aligncenter size-large\"><img loading=\"lazy\" decoding=\"async\" width=\"400\" height=\"400\" src=\"https:\/\/proposmontreal.com\/wp-content\/uploads\/2020\/10\/gif-ahvousetesla.gif\" alt=\"Ah! Vous \u00eates l\u00e0\" class=\"wp-image-6831\"\/><\/figure><\/div>\n\n\n\n<p>Tout est orchestr\u00e9 dans le style des \u00ab freak shows \u00bb et m\u00eame si Nicol n\u2019utilise jamais ces mots exacts, il faut appeler un chat, un chat. Les textes utilis\u00e9s dans les brochures et les publicit\u00e9s sont vendeur pour ne pas dire exag\u00e9r\u00e9s. Le palais est en fait qu\u2019un appartement, Philippe qui se d\u00e9crit comme le plus riche des \u00ab nains \u00bb dans le plus petit couple du monde.&nbsp;<\/p>\n\n\n\n<p>Il ne manque que le crieur devant la porte invitant les passant \u00e0 venir voir \u00e0 l\u2019int\u00e9rieur et qu\u2019ils n&rsquo;en croiront pas leur yeux.&nbsp;<\/p>\n\n\n\n<figure class=\"wp-block-image size-large\"><img loading=\"lazy\" decoding=\"async\" width=\"1024\" height=\"772\" src=\"https:\/\/proposmontreal.com\/wp-content\/uploads\/2020\/10\/souvenirs-guillaumesansfacon-1024x772.jpg\" alt=\"Items souvenirs du palais des Nains\" class=\"wp-image-6855\" srcset=\"https:\/\/proposmontreal.com\/wp-content\/uploads\/2020\/10\/souvenirs-guillaumesansfacon-1024x772.jpg 1024w, https:\/\/proposmontreal.com\/wp-content\/uploads\/2020\/10\/souvenirs-guillaumesansfacon-300x226.jpg 300w, https:\/\/proposmontreal.com\/wp-content\/uploads\/2020\/10\/souvenirs-guillaumesansfacon-150x113.jpg 150w, https:\/\/proposmontreal.com\/wp-content\/uploads\/2020\/10\/souvenirs-guillaumesansfacon-768x579.jpg 768w, https:\/\/proposmontreal.com\/wp-content\/uploads\/2020\/10\/souvenirs-guillaumesansfacon.jpg 1200w\" sizes=\"auto, (max-width: 1024px) 100vw, 1024px\" \/><figcaption>Items souvenirs du Palais des Nains<br>Collection priv\u00e9e de Guillaume Sanfa\u00e7on<\/figcaption><\/figure>\n\n\n\n<h2 class=\"wp-block-heading\">Ann\u00e9e de changement<\/h2>\n\n\n\n<p>En 1926, la m\u00eame ann\u00e9e o\u00f9 le Palais d\u00e9m\u00e9nage dans de nouveaux locaux au 961 de la rue Rachel, le couple verra leurs vies changer de grande et belle fa\u00e7on. Le 19 septembre, sera la journ\u00e9e de la naissance du Prince Nicol, le premier et seul enfant du duo.<\/p>\n\n\n\n<div class=\"wp-block-image\"><figure class=\"aligncenter size-large is-resized\"><img loading=\"lazy\" decoding=\"async\" src=\"https:\/\/proposmontreal.com\/wp-content\/uploads\/2020\/10\/Palais-696x1024.jpg\" alt=\"L'entr\u00e9e du Palais des nains\" class=\"wp-image-6833\" width=\"649\" height=\"955\" srcset=\"https:\/\/proposmontreal.com\/wp-content\/uploads\/2020\/10\/Palais-696x1024.jpg 696w, https:\/\/proposmontreal.com\/wp-content\/uploads\/2020\/10\/Palais-204x300.jpg 204w, https:\/\/proposmontreal.com\/wp-content\/uploads\/2020\/10\/Palais-102x150.jpg 102w, https:\/\/proposmontreal.com\/wp-content\/uploads\/2020\/10\/Palais-768x1130.jpg 768w, https:\/\/proposmontreal.com\/wp-content\/uploads\/2020\/10\/Palais-1044x1536.jpg 1044w, https:\/\/proposmontreal.com\/wp-content\/uploads\/2020\/10\/Palais.jpg 1298w\" sizes=\"auto, (max-width: 649px) 100vw, 649px\" \/><figcaption>Photo par Kate McDonnell<a href=\"http:\/\/mtlcityweblog.com\/\" target=\"_blank\" rel=\"noreferrer noopener\"><br>mtlcityweblog<\/a><\/figcaption><\/figure><\/div>\n\n\n\n<p>Les documents touristiques, affirment que nous avons droit ici \u00e0 la premi\u00e8re naissance d\u2019un couple de petites personnes, ce qui est en fait, encore un truc de vente.&nbsp;<\/p>\n\n\n\n<p>Si l\u2019heureux papa avait le souhait que son fils n\u2019ait pas la m\u00eame enfance et \u00e9ducation que lui, \u00e0 faire le tour des cirques, affich\u00e9 comme une anomalie. Philippe Nicol Junior, \u00e9galement atteint de nanisme deviendra rapidement une attraction populaire de l\u2019endroit.<\/p>\n\n\n\n<p>L\u2019attraction reste populaire, les tours de ville ajoutent un arr\u00eat sur la rue Rachel, si c\u2019est principalement pour parcourir le grand parc Lafontaine, le palais attire par cons\u00e9quent son lot de visiteurs qui peuvent acheter des souvenirs de leur rencontre.<\/p>\n\n\n\n<h2 class=\"wp-block-heading\">La vie priv\u00e9e<\/h2>\n\n\n\n<p>D\u00fb \u00e0 la popularit\u00e9 de Philippe, les rumeurs et d\u00e9m\u00eal\u00e9s juridiques font les manchettes et voici un exemple qui nous place \u00e0 une \u00e9poque o\u00f9 le politiquement correct \u00e9tait, inexistant.<\/p>\n\n\n\n<div class=\"wp-block-image\"><figure class=\"aligncenter size-large\"><img loading=\"lazy\" decoding=\"async\" width=\"469\" height=\"768\" src=\"https:\/\/proposmontreal.com\/wp-content\/uploads\/2020\/10\/2634310.jpg\" alt=\"La famille et l'infirmi\u00e8re du petit Philippe\" class=\"wp-image-6834\" srcset=\"https:\/\/proposmontreal.com\/wp-content\/uploads\/2020\/10\/2634310.jpg 469w, https:\/\/proposmontreal.com\/wp-content\/uploads\/2020\/10\/2634310-183x300.jpg 183w, https:\/\/proposmontreal.com\/wp-content\/uploads\/2020\/10\/2634310-92x150.jpg 92w\" sizes=\"auto, (max-width: 469px) 100vw, 469px\" \/><figcaption>Biblioth\u00e8que et Archives nationales du Qu\u00e9bec<br>0002634310<\/figcaption><\/figure><\/div>\n\n\n\n<p>Victoria Tanguay, l\u2019infirmi\u00e8re ayant pris soin de l\u2019enfant du couple pendant plusieurs ann\u00e9es gagne une poursuite pour salaire non vers\u00e9 de 1 267$. Malheureusement pour Mme Tanguay, la cour d\u2019appel cassera la d\u00e9cision puisqu\u2019elle aurait d\u00fb intenter le recours au nom de son mari, dont elle est s\u00e9par\u00e9e. Une autre \u00e9poque en effet.<\/p>\n\n\n\n<p>\u00c0 l\u2019\u00e2ge de 58 ans, souffrant de rhumatismes chroniques depuis quelques ann\u00e9es, le comte Philippe d\u00e9c\u00e8de subitement le 27 mai 1940 laissant dans le deuil Rose et Philippe Jr. alors \u00e2g\u00e9 de 13 ans.<\/p>\n\n\n\n<div class=\"wp-block-image\"><figure class=\"aligncenter size-large\"><img loading=\"lazy\" decoding=\"async\" width=\"616\" height=\"1024\" src=\"https:\/\/proposmontreal.com\/wp-content\/uploads\/2020\/10\/82729_1940-05-28-2-616x1024.jpg\" alt=\"D\u00e9c\u00e8s de Philippe Nicol\" class=\"wp-image-6842\" srcset=\"https:\/\/proposmontreal.com\/wp-content\/uploads\/2020\/10\/82729_1940-05-28-2-616x1024.jpg 616w, https:\/\/proposmontreal.com\/wp-content\/uploads\/2020\/10\/82729_1940-05-28-2-180x300.jpg 180w, https:\/\/proposmontreal.com\/wp-content\/uploads\/2020\/10\/82729_1940-05-28-2-90x150.jpg 90w, https:\/\/proposmontreal.com\/wp-content\/uploads\/2020\/10\/82729_1940-05-28-2-768x1278.jpg 768w, https:\/\/proposmontreal.com\/wp-content\/uploads\/2020\/10\/82729_1940-05-28-2-923x1536.jpg 923w, https:\/\/proposmontreal.com\/wp-content\/uploads\/2020\/10\/82729_1940-05-28-2.jpg 1204w\" sizes=\"auto, (max-width: 616px) 100vw, 616px\" \/><figcaption>Grand titre du quotidien<br>L&rsquo;illustration nouvelle, 28 mai 1940<\/figcaption><\/figure><\/div>\n\n\n\n<h2 class=\"wp-block-heading\">Rose et Junior&nbsp;<\/h2>\n\n\n\n<p>Apr\u00e8s la mort du comte Nicol, l\u2019histoire du palais des nains devient floue et moins m\u00e9diatis\u00e9e. Rose continuera l\u2019h\u00e9ritage de son mari jusqu\u2019\u00e0 son d\u00e9c\u00e8s le 24 octobre 1964. Le fils du couple royal ne suit pas dans les traces de son papa et eu une vie plut\u00f4t difficile.&nbsp;<\/p>\n\n\n\n<div class=\"wp-block-image\"><figure class=\"aligncenter size-large\"><img loading=\"lazy\" decoding=\"async\" width=\"645\" height=\"621\" src=\"https:\/\/proposmontreal.com\/wp-content\/uploads\/2020\/10\/Palais-des-Nains-Rachel-Montreal.jpg\" alt=\"Rose et Philippe Jr. \" class=\"wp-image-6841\" srcset=\"https:\/\/proposmontreal.com\/wp-content\/uploads\/2020\/10\/Palais-des-Nains-Rachel-Montreal.jpg 645w, https:\/\/proposmontreal.com\/wp-content\/uploads\/2020\/10\/Palais-des-Nains-Rachel-Montreal-300x289.jpg 300w, https:\/\/proposmontreal.com\/wp-content\/uploads\/2020\/10\/Palais-des-Nains-Rachel-Montreal-150x144.jpg 150w\" sizes=\"auto, (max-width: 645px) 100vw, 645px\" \/><\/figure><\/div>\n\n\n\n<p>En 1947 il est arr\u00eat\u00e9 apr\u00e8s \u00eatre entr\u00e9 par effraction dans une boutique voisine du palais pour y voler quelques outils \u00e9lectriques. En 1951, il est une fois de plus captur\u00e9 apr\u00e8s une tentative de cambriolage \u00e0 main arm\u00e9e sur un magasin de tabac de l\u2019avenue Mont-Royal et sur un chauffeur de taxi \u00e0 l\u2019aide d\u2019un fusil-jouet.&nbsp;<\/p>\n\n\n\n<p>Comme beaucoup de personnes de petite taille, il fera de la lutte aux \u00c9tats-Unis et on perdra la trace du jeune Philippe jusqu\u2019\u00e0 son d\u00e9c\u00e8s le 6 avril 1992.<\/p>\n\n\n\n<figure class=\"wp-block-image size-large\"><img loading=\"lazy\" decoding=\"async\" width=\"1024\" height=\"552\" src=\"https:\/\/proposmontreal.com\/wp-content\/uploads\/2020\/10\/rose-et-philippe-guillaumesansfacon-1024x552.jpg\" alt=\"Rose Dufresne-Nicol et Philippe Junior devant le Palais du 961 Rachel Est. \" class=\"wp-image-6854\" srcset=\"https:\/\/proposmontreal.com\/wp-content\/uploads\/2020\/10\/rose-et-philippe-guillaumesansfacon-1024x552.jpg 1024w, https:\/\/proposmontreal.com\/wp-content\/uploads\/2020\/10\/rose-et-philippe-guillaumesansfacon-300x162.jpg 300w, https:\/\/proposmontreal.com\/wp-content\/uploads\/2020\/10\/rose-et-philippe-guillaumesansfacon-150x81.jpg 150w, https:\/\/proposmontreal.com\/wp-content\/uploads\/2020\/10\/rose-et-philippe-guillaumesansfacon-768x414.jpg 768w, https:\/\/proposmontreal.com\/wp-content\/uploads\/2020\/10\/rose-et-philippe-guillaumesansfacon.jpg 1200w\" sizes=\"auto, (max-width: 1024px) 100vw, 1024px\" \/><figcaption>Rose et Philippe Junior devant l&rsquo;appartement du 961 Rachel Est<br>Collection priv\u00e9e de Guillaume Sanfa\u00e7on<\/figcaption><\/figure>\n\n\n\n<h2 class=\"wp-block-heading\">Le d\u00e9clin<\/h2>\n\n\n\n<p>Il est difficile de savoir ce qui s\u2019est pass\u00e9 apr\u00e8s la mort de Rose Dufresne-Nicol. Mais l\u2019endroit est vendu en 1972 \u00e0 un homme de grandeur r\u00e9guli\u00e8re et son \u00e9pouse de petite taille Huguette Rioux qui continueront le mus\u00e9e dans le but de donner des emplois \u00e0 d\u2019autres personnes atteintes de nanisme et en y logeant une boutique de r\u00e9paration de poup\u00e9e.<\/p>\n\n\n\n<p>Si les intentions \u00e9taient bonnes, les m\u00e9dias sont loin de repr\u00e9senter l\u2019h\u00e9ritage de Philippe Nicol sur un bel angle. Corruption et d\u00e9tournement de subventions gouvernementales avec la fondation d\u2019un organisme. L\u2019Association des petites personnes du Canada qui d\u00e9veloppe elle aussi avec le temps ses propres probl\u00e8mes allant jusqu\u2019\u00e0 impliquer le c\u00e9l\u00e8bre Lionel \u00ab&nbsp;Little Beaver \u00bb&nbsp;Giroux (1934-1995), vedette qu\u00e9b\u00e9coise et internationale de la lutte entre les ann\u00e9es 60 et 80.&nbsp;<\/p>\n\n\n\n<div class=\"wp-block-image\"><figure class=\"aligncenter size-large\"><a href=\"https:\/\/numerique.banq.qc.ca\/patrimoine\/details\/52327\/2168855\"><img loading=\"lazy\" decoding=\"async\" width=\"1024\" height=\"484\" src=\"https:\/\/proposmontreal.com\/wp-content\/uploads\/2020\/10\/Little-beaver-1024x484.jpg\" alt=\"Little Beaver vs Huguette Rioux\" class=\"wp-image-6843\" srcset=\"https:\/\/proposmontreal.com\/wp-content\/uploads\/2020\/10\/Little-beaver-1024x484.jpg 1024w, https:\/\/proposmontreal.com\/wp-content\/uploads\/2020\/10\/Little-beaver-300x142.jpg 300w, https:\/\/proposmontreal.com\/wp-content\/uploads\/2020\/10\/Little-beaver-150x71.jpg 150w, https:\/\/proposmontreal.com\/wp-content\/uploads\/2020\/10\/Little-beaver-768x363.jpg 768w, https:\/\/proposmontreal.com\/wp-content\/uploads\/2020\/10\/Little-beaver.jpg 1200w\" sizes=\"auto, (max-width: 1024px) 100vw, 1024px\" \/><\/a><figcaption>La Presse, 4 avril 1990<\/figcaption><\/figure><\/div>\n\n\n\n<p>Sous la pression populaire, le Palais du comte et de la comtesse Nicol fermera finalement ses portes en 1992, probablement 20 ans trop tard. L\u2019immeuble qui a d\u00e9j\u00e0 compl\u00e8tement \u00e9t\u00e9 r\u00e9nov\u00e9 \u00e0 deux reprises est maintenant un <a href=\"https:\/\/www.google.com\/maps\/@45.5250376,-73.5752209,3a,75y,263.08h,92.58t\/data=!3m6!1e1!3m4!1s-JUTVNY-AmHuKfQH9NOJ_A!2e0!7i16384!8i8192\" target=\"_blank\" rel=\"noreferrer noopener\">studio de yoga<\/a> et des espaces de th\u00e9rapie holistique et de m\u00e9decine \u00ab non-conventionnelle \u00bb avant d\u2019avoir \u00e9t\u00e9 <a href=\"https:\/\/www.google.com\/maps\/@45.5250267,-73.5752184,3a,75.9y,278.62h,108.31t\/data=!3m7!1e1!3m5!1sfVf21vXazAWuc2-Z5RglEA!2e0!5s20140501T000000!7i13312!8i6656\" target=\"_blank\" rel=\"noreferrer noopener\">un sauna et studio de massage gai.<\/a>&nbsp;<\/p>\n\n\n\n<p>Il ne reste absolument plus rien de l\u2019appartement pour petites personnes qui a fait le renom de Philippe Nicol. Sauf pour l\u2019horloge grand-p\u00e8re qui est maintenant une pi\u00e8ce centrale de la collection du Mus\u00e9e de l\u2019Horloge canadienne et les quelques morceaux qui ce sont retrouv\u00e9 dans des encans de meubles anciens. <\/p>\n\n\n\n<figure class=\"wp-block-image size-large\"><img loading=\"lazy\" decoding=\"async\" width=\"687\" height=\"800\" src=\"https:\/\/proposmontreal.com\/wp-content\/uploads\/2020\/10\/mobilier.jpg\" alt=\"Mobilier du palais\" class=\"wp-image-6845\" srcset=\"https:\/\/proposmontreal.com\/wp-content\/uploads\/2020\/10\/mobilier.jpg 687w, https:\/\/proposmontreal.com\/wp-content\/uploads\/2020\/10\/mobilier-258x300.jpg 258w, https:\/\/proposmontreal.com\/wp-content\/uploads\/2020\/10\/mobilier-129x150.jpg 129w\" sizes=\"auto, (max-width: 687px) 100vw, 687px\" \/><figcaption>Chaise et Bureau de Philippe Nicol identifi\u00e9 au Palais des Nains de Montr\u00e9al vendu dans une maison d&rsquo;encan du Maine. <br><a href=\"https:\/\/www.liveauctioneers.com\/item\/9465688_39-6-pc-lot-of-midget-furniture-from-the-midget-palac\" target=\"_blank\" rel=\"noreferrer noopener\">Liveauctioneers.com<\/a><\/figcaption><\/figure>\n\n\n\n<p>L\u2019objectification des individus vivant avec un handicap fait une r\u00e9surgence, les \u00ab reality shows \u00bb nous montrent des gens en surpoids ou qui ont des d\u00e9pendances uniques et la vie des personnes de petite taille est mise \u00e0 l\u2019\u00e9cran dans des \u00e9missions dignes des mus\u00e9es \u00e0 10 sous.<\/p>\n\n\n\n<p>Peut-\u00eatre que malgr\u00e9 l\u2019arriv\u00e9e de la radio, la t\u00e9l\u00e9 ou l\u2019internet, le monde n\u2019a pas autant chang\u00e9 qu\u2019on le souhaiterait<\/p>\n\n\n\n<p>Vous avez aimez? Encouragez-nous en utilisant les liens suivants. <br><br>Patreon : <a href=\"https:\/\/www.patreon.com\/join\/proposmontreal\">ht<\/a><a href=\"https:\/\/www.patreon.com\/join\/proposmontreal\" target=\"_blank\" rel=\"noreferrer noopener\">tps:\/\/www.patreon.com\/join\/proposmontreal<\/a><br>Pourboire PayPal: <a href=\"https:\/\/www.youtube.com\/redirect?q=https%3A%2F%2Fbit.ly%2F2Z5NbKM&amp;redir_token=QUFFLUhqa0o4RWI1OUhTQS1QSldZcjBGVlplSC10WmFjQXxBQ3Jtc0trU0VYNjZHQlYxRVF0UVFfNzFvRnZ5S25YSFRDbDVzZlBNVzhLTDI1RkZpSEsxazBBYllJcUtMUFBHZ3Zjd29XRmlMQkl1RTVXR29nLTZZbk9ORVQ1WnpZd1A5bzVVNjhhRDRBVGlHSUxjMlNmOFYzRQ%3D%3D&amp;event=video_description&amp;v=stUyHTxirPI\" rel=\"noreferrer noopener\" target=\"_blank\">https:\/\/bit.ly\/2Z5NbKM<\/a><\/p>\n","protected":false},"excerpt":{"rendered":"<p><span class=\"span-reading-time rt-reading-time\" style=\"display: block;\"><span class=\"rt-label rt-prefix\">Temps de lecture approximatif de<\/span> <span class=\"rt-time\"> 7<\/span> <span class=\"rt-label rt-postfix\">minutes<\/span><\/span>Encore dans l&rsquo;\u00e2ge d&rsquo;or du cirque traditionnel, Le Palais des Nains du comte Nicol est un attrait touristique unique \u00e0 Montr\u00e9al<\/p>\n<div class=\"more-link-wrapper\"><a class=\"more-link\" href=\"https:\/\/proposmontreal.com\/index.php\/lhistoire-du-palais-des-nains\/\">Pour lire l&#039;article&#8230;<span class=\"screen-reader-text\">L&rsquo;Histoire du palais des nains<\/span><\/a><\/div>\n","protected":false},"author":2,"featured_media":6846,"comment_status":"closed","ping_status":"closed","sticky":false,"template":"","format":"standard","meta":{"jetpack_post_was_ever_published":false,"_jetpack_newsletter_access":"","_jetpack_dont_email_post_to_subs":false,"_jetpack_newsletter_tier_id":0,"_jetpack_memberships_contains_paywalled_content":false,"_jetpack_memberships_contains_paid_content":false,"footnotes":""},"categories":[3,393],"tags":[1681,1679,1680,279],"class_list":["post-6828","post","type-post","status-publish","format-standard","has-post-thumbnail","hentry","category-culture","category-histoire-2","tag-midget-palace","tag-palais-des-nains","tag-philippe-nicol","tag-tourisme","excerpt","zoom","full-without-featured","even","excerpt-0"],"yoast_head":"<!-- This site is optimized with the Yoast SEO plugin v26.5 - https:\/\/yoast.com\/wordpress\/plugins\/seo\/ -->\n<title>La grande histoire du Palais des Nains - ProposMontr\u00e9al<\/title>\n<meta name=\"description\" content=\"Encore dans l&#039;\u00e2ge d&#039;or du cirque traditionnel, Le Palais des Nains du comte Nicol est un attrait touristique unique \u00e0 Montr\u00e9al\" \/>\n<meta name=\"robots\" content=\"index, follow, max-snippet:-1, max-image-preview:large, max-video-preview:-1\" \/>\n<link rel=\"canonical\" href=\"https:\/\/proposmontreal.com\/index.php\/lhistoire-du-palais-des-nains\/\" \/>\n<meta property=\"og:locale\" content=\"fr_FR\" \/>\n<meta property=\"og:type\" content=\"article\" \/>\n<meta property=\"og:title\" content=\"La grande histoire du Palais des Nains - ProposMontr\u00e9al\" \/>\n<meta property=\"og:url\" content=\"https:\/\/proposmontreal.com\/index.php\/lhistoire-du-palais-des-nains\/\" \/>\n<meta property=\"og:site_name\" content=\"ProposMontr\u00e9al\" \/>\n<meta property=\"article:publisher\" content=\"https:\/\/www.facebook.com\/proposmontreal\" \/>\n<meta property=\"article:author\" content=\"https:\/\/www.facebook.com\/proposmontreal\" \/>\n<meta property=\"article:published_time\" content=\"2020-10-12T22:43:36+00:00\" \/>\n<meta property=\"article:modified_time\" content=\"2022-07-12T23:42:24+00:00\" \/>\n<meta property=\"og:image\" content=\"https:\/\/proposmontreal.com\/wp-content\/uploads\/2020\/10\/1024px-Palais_des_Nains_-_Salle_a_diner-1.jpg\" \/>\n\t<meta property=\"og:image:width\" content=\"1024\" \/>\n\t<meta property=\"og:image:height\" content=\"702\" \/>\n\t<meta property=\"og:image:type\" content=\"image\/jpeg\" \/>\n<meta name=\"author\" content=\"Martin B\u00e9rub\u00e9\" \/>\n<meta name=\"twitter:card\" content=\"summary_large_image\" \/>\n<meta name=\"twitter:creator\" content=\"@proposmontreal\" \/>\n<meta name=\"twitter:site\" content=\"@ProposMontreal\" \/>\n<meta name=\"twitter:label1\" content=\"\u00c9crit par\" \/>\n\t<meta name=\"twitter:data1\" content=\"Martin B\u00e9rub\u00e9\" \/>\n\t<meta name=\"twitter:label2\" content=\"Dur\u00e9e de lecture estim\u00e9e\" \/>\n\t<meta name=\"twitter:data2\" content=\"10 minutes\" \/>\n<script type=\"application\/ld+json\" class=\"yoast-schema-graph\">{\"@context\":\"https:\/\/schema.org\",\"@graph\":[{\"@type\":\"WebPage\",\"@id\":\"https:\/\/proposmontreal.com\/index.php\/lhistoire-du-palais-des-nains\/\",\"url\":\"https:\/\/proposmontreal.com\/index.php\/lhistoire-du-palais-des-nains\/\",\"name\":\"La grande histoire du Palais des Nains - ProposMontr\u00e9al\",\"isPartOf\":{\"@id\":\"https:\/\/proposmontreal.com\/#website\"},\"primaryImageOfPage\":{\"@id\":\"https:\/\/proposmontreal.com\/index.php\/lhistoire-du-palais-des-nains\/#primaryimage\"},\"image\":{\"@id\":\"https:\/\/proposmontreal.com\/index.php\/lhistoire-du-palais-des-nains\/#primaryimage\"},\"thumbnailUrl\":\"https:\/\/proposmontreal.com\/wp-content\/uploads\/2020\/10\/1024px-Palais_des_Nains_-_Salle_a_diner-1.jpg\",\"datePublished\":\"2020-10-12T22:43:36+00:00\",\"dateModified\":\"2022-07-12T23:42:24+00:00\",\"author\":{\"@id\":\"https:\/\/proposmontreal.com\/#\/schema\/person\/7d7acef09662dd8c0283a456e39b3254\"},\"description\":\"Encore dans l'\u00e2ge d'or du cirque traditionnel, Le Palais des Nains du comte Nicol est un attrait touristique unique \u00e0 Montr\u00e9al\",\"breadcrumb\":{\"@id\":\"https:\/\/proposmontreal.com\/index.php\/lhistoire-du-palais-des-nains\/#breadcrumb\"},\"inLanguage\":\"fr-FR\",\"potentialAction\":[{\"@type\":\"ReadAction\",\"target\":[\"https:\/\/proposmontreal.com\/index.php\/lhistoire-du-palais-des-nains\/\"]}]},{\"@type\":\"ImageObject\",\"inLanguage\":\"fr-FR\",\"@id\":\"https:\/\/proposmontreal.com\/index.php\/lhistoire-du-palais-des-nains\/#primaryimage\",\"url\":\"https:\/\/proposmontreal.com\/wp-content\/uploads\/2020\/10\/1024px-Palais_des_Nains_-_Salle_a_diner-1.jpg\",\"contentUrl\":\"https:\/\/proposmontreal.com\/wp-content\/uploads\/2020\/10\/1024px-Palais_des_Nains_-_Salle_a_diner-1.jpg\",\"width\":1024,\"height\":702,\"caption\":\"Palais des Nains\"},{\"@type\":\"BreadcrumbList\",\"@id\":\"https:\/\/proposmontreal.com\/index.php\/lhistoire-du-palais-des-nains\/#breadcrumb\",\"itemListElement\":[{\"@type\":\"ListItem\",\"position\":1,\"name\":\"Accueil\",\"item\":\"https:\/\/proposmontreal.com\/\"},{\"@type\":\"ListItem\",\"position\":2,\"name\":\"L&rsquo;Histoire du palais des nains\"}]},{\"@type\":\"WebSite\",\"@id\":\"https:\/\/proposmontreal.com\/#website\",\"url\":\"https:\/\/proposmontreal.com\/\",\"name\":\"ProposMontr\u00e9al\",\"description\":\"Histoire, Urbanisme, Architecture et Opinions.\",\"potentialAction\":[{\"@type\":\"SearchAction\",\"target\":{\"@type\":\"EntryPoint\",\"urlTemplate\":\"https:\/\/proposmontreal.com\/?s={search_term_string}\"},\"query-input\":{\"@type\":\"PropertyValueSpecification\",\"valueRequired\":true,\"valueName\":\"search_term_string\"}}],\"inLanguage\":\"fr-FR\"},{\"@type\":\"Person\",\"@id\":\"https:\/\/proposmontreal.com\/#\/schema\/person\/7d7acef09662dd8c0283a456e39b3254\",\"name\":\"Martin B\u00e9rub\u00e9\",\"image\":{\"@type\":\"ImageObject\",\"inLanguage\":\"fr-FR\",\"@id\":\"https:\/\/proposmontreal.com\/#\/schema\/person\/image\/\",\"url\":\"https:\/\/secure.gravatar.com\/avatar\/c584d9147b7b50bb9ff2edf1db3d93d38f22473bdde645a7942ee41f752cce3f?s=96&d=blank&r=g\",\"contentUrl\":\"https:\/\/secure.gravatar.com\/avatar\/c584d9147b7b50bb9ff2edf1db3d93d38f22473bdde645a7942ee41f752cce3f?s=96&d=blank&r=g\",\"caption\":\"Martin B\u00e9rub\u00e9\"},\"description\":\"Amoureux de Montr\u00e9al, fascin\u00e9 par l'histoire de la ville, son urbanisme et sa toponymie, ni historien ni sp\u00e9cialiste du sujet, Martin n'\u00e9tait m\u00eame pas n\u00e9 \u00e0 l'\u00e9poque de 99% des sujets discut\u00e9s de ce site. Il aime trouver des r\u00e9ponses aux questions qui sont pos\u00e9es. Les billets que vous lisez ne sont que les r\u00e9sultats de la qu\u00eate vers des r\u00e9ponses et le besoin de partager.\",\"sameAs\":[\"http:\/\/proposmontreal.com\",\"https:\/\/www.facebook.com\/proposmontreal\",\"https:\/\/x.com\/proposmontreal\"]}]}<\/script>\n<!-- \/ Yoast SEO plugin. -->","yoast_head_json":{"title":"La grande histoire du Palais des Nains - ProposMontr\u00e9al","description":"Encore dans l'\u00e2ge d'or du cirque traditionnel, Le Palais des Nains du comte Nicol est un attrait touristique unique \u00e0 Montr\u00e9al","robots":{"index":"index","follow":"follow","max-snippet":"max-snippet:-1","max-image-preview":"max-image-preview:large","max-video-preview":"max-video-preview:-1"},"canonical":"https:\/\/proposmontreal.com\/index.php\/lhistoire-du-palais-des-nains\/","og_locale":"fr_FR","og_type":"article","og_title":"La grande histoire du Palais des Nains - ProposMontr\u00e9al","og_url":"https:\/\/proposmontreal.com\/index.php\/lhistoire-du-palais-des-nains\/","og_site_name":"ProposMontr\u00e9al","article_publisher":"https:\/\/www.facebook.com\/proposmontreal","article_author":"https:\/\/www.facebook.com\/proposmontreal","article_published_time":"2020-10-12T22:43:36+00:00","article_modified_time":"2022-07-12T23:42:24+00:00","og_image":[{"width":1024,"height":702,"url":"https:\/\/proposmontreal.com\/wp-content\/uploads\/2020\/10\/1024px-Palais_des_Nains_-_Salle_a_diner-1.jpg","type":"image\/jpeg"}],"author":"Martin B\u00e9rub\u00e9","twitter_card":"summary_large_image","twitter_creator":"@proposmontreal","twitter_site":"@ProposMontreal","twitter_misc":{"\u00c9crit par":"Martin B\u00e9rub\u00e9","Dur\u00e9e de lecture estim\u00e9e":"10 minutes"},"schema":{"@context":"https:\/\/schema.org","@graph":[{"@type":"WebPage","@id":"https:\/\/proposmontreal.com\/index.php\/lhistoire-du-palais-des-nains\/","url":"https:\/\/proposmontreal.com\/index.php\/lhistoire-du-palais-des-nains\/","name":"La grande histoire du Palais des Nains - ProposMontr\u00e9al","isPartOf":{"@id":"https:\/\/proposmontreal.com\/#website"},"primaryImageOfPage":{"@id":"https:\/\/proposmontreal.com\/index.php\/lhistoire-du-palais-des-nains\/#primaryimage"},"image":{"@id":"https:\/\/proposmontreal.com\/index.php\/lhistoire-du-palais-des-nains\/#primaryimage"},"thumbnailUrl":"https:\/\/proposmontreal.com\/wp-content\/uploads\/2020\/10\/1024px-Palais_des_Nains_-_Salle_a_diner-1.jpg","datePublished":"2020-10-12T22:43:36+00:00","dateModified":"2022-07-12T23:42:24+00:00","author":{"@id":"https:\/\/proposmontreal.com\/#\/schema\/person\/7d7acef09662dd8c0283a456e39b3254"},"description":"Encore dans l'\u00e2ge d'or du cirque traditionnel, Le Palais des Nains du comte Nicol est un attrait touristique unique \u00e0 Montr\u00e9al","breadcrumb":{"@id":"https:\/\/proposmontreal.com\/index.php\/lhistoire-du-palais-des-nains\/#breadcrumb"},"inLanguage":"fr-FR","potentialAction":[{"@type":"ReadAction","target":["https:\/\/proposmontreal.com\/index.php\/lhistoire-du-palais-des-nains\/"]}]},{"@type":"ImageObject","inLanguage":"fr-FR","@id":"https:\/\/proposmontreal.com\/index.php\/lhistoire-du-palais-des-nains\/#primaryimage","url":"https:\/\/proposmontreal.com\/wp-content\/uploads\/2020\/10\/1024px-Palais_des_Nains_-_Salle_a_diner-1.jpg","contentUrl":"https:\/\/proposmontreal.com\/wp-content\/uploads\/2020\/10\/1024px-Palais_des_Nains_-_Salle_a_diner-1.jpg","width":1024,"height":702,"caption":"Palais des Nains"},{"@type":"BreadcrumbList","@id":"https:\/\/proposmontreal.com\/index.php\/lhistoire-du-palais-des-nains\/#breadcrumb","itemListElement":[{"@type":"ListItem","position":1,"name":"Accueil","item":"https:\/\/proposmontreal.com\/"},{"@type":"ListItem","position":2,"name":"L&rsquo;Histoire du palais des nains"}]},{"@type":"WebSite","@id":"https:\/\/proposmontreal.com\/#website","url":"https:\/\/proposmontreal.com\/","name":"ProposMontr\u00e9al","description":"Histoire, Urbanisme, Architecture et Opinions.","potentialAction":[{"@type":"SearchAction","target":{"@type":"EntryPoint","urlTemplate":"https:\/\/proposmontreal.com\/?s={search_term_string}"},"query-input":{"@type":"PropertyValueSpecification","valueRequired":true,"valueName":"search_term_string"}}],"inLanguage":"fr-FR"},{"@type":"Person","@id":"https:\/\/proposmontreal.com\/#\/schema\/person\/7d7acef09662dd8c0283a456e39b3254","name":"Martin B\u00e9rub\u00e9","image":{"@type":"ImageObject","inLanguage":"fr-FR","@id":"https:\/\/proposmontreal.com\/#\/schema\/person\/image\/","url":"https:\/\/secure.gravatar.com\/avatar\/c584d9147b7b50bb9ff2edf1db3d93d38f22473bdde645a7942ee41f752cce3f?s=96&d=blank&r=g","contentUrl":"https:\/\/secure.gravatar.com\/avatar\/c584d9147b7b50bb9ff2edf1db3d93d38f22473bdde645a7942ee41f752cce3f?s=96&d=blank&r=g","caption":"Martin B\u00e9rub\u00e9"},"description":"Amoureux de Montr\u00e9al, fascin\u00e9 par l'histoire de la ville, son urbanisme et sa toponymie, ni historien ni sp\u00e9cialiste du sujet, Martin n'\u00e9tait m\u00eame pas n\u00e9 \u00e0 l'\u00e9poque de 99% des sujets discut\u00e9s de ce site. Il aime trouver des r\u00e9ponses aux questions qui sont pos\u00e9es. Les billets que vous lisez ne sont que les r\u00e9sultats de la qu\u00eate vers des r\u00e9ponses et le besoin de partager.","sameAs":["http:\/\/proposmontreal.com","https:\/\/www.facebook.com\/proposmontreal","https:\/\/x.com\/proposmontreal"]}]}},"jetpack_featured_media_url":"https:\/\/proposmontreal.com\/wp-content\/uploads\/2020\/10\/1024px-Palais_des_Nains_-_Salle_a_diner-1.jpg","jetpack_sharing_enabled":true,"_links":{"self":[{"href":"https:\/\/proposmontreal.com\/index.php\/wp-json\/wp\/v2\/posts\/6828","targetHints":{"allow":["GET"]}}],"collection":[{"href":"https:\/\/proposmontreal.com\/index.php\/wp-json\/wp\/v2\/posts"}],"about":[{"href":"https:\/\/proposmontreal.com\/index.php\/wp-json\/wp\/v2\/types\/post"}],"author":[{"embeddable":true,"href":"https:\/\/proposmontreal.com\/index.php\/wp-json\/wp\/v2\/users\/2"}],"replies":[{"embeddable":true,"href":"https:\/\/proposmontreal.com\/index.php\/wp-json\/wp\/v2\/comments?post=6828"}],"version-history":[{"count":3,"href":"https:\/\/proposmontreal.com\/index.php\/wp-json\/wp\/v2\/posts\/6828\/revisions"}],"predecessor-version":[{"id":6861,"href":"https:\/\/proposmontreal.com\/index.php\/wp-json\/wp\/v2\/posts\/6828\/revisions\/6861"}],"wp:featuredmedia":[{"embeddable":true,"href":"https:\/\/proposmontreal.com\/index.php\/wp-json\/wp\/v2\/media\/6846"}],"wp:attachment":[{"href":"https:\/\/proposmontreal.com\/index.php\/wp-json\/wp\/v2\/media?parent=6828"}],"wp:term":[{"taxonomy":"category","embeddable":true,"href":"https:\/\/proposmontreal.com\/index.php\/wp-json\/wp\/v2\/categories?post=6828"},{"taxonomy":"post_tag","embeddable":true,"href":"https:\/\/proposmontreal.com\/index.php\/wp-json\/wp\/v2\/tags?post=6828"}],"curies":[{"name":"wp","href":"https:\/\/api.w.org\/{rel}","templated":true}]}}