{"id":490,"date":"2011-01-09T09:15:32","date_gmt":"2011-01-09T14:15:32","guid":{"rendered":"http:\/\/proposmontreal.com\/?p=490"},"modified":"2020-10-15T13:20:08","modified_gmt":"2020-10-15T17:20:08","slug":"sainte-catherine-le-livre","status":"publish","type":"post","link":"https:\/\/proposmontreal.com\/index.php\/sainte-catherine-le-livre\/","title":{"rendered":"Sainte-Catherine: Le livre"},"content":{"rendered":"<span class=\"span-reading-time rt-reading-time\" style=\"display: block;\"><span class=\"rt-label rt-prefix\">Temps de lecture approximatif de<\/span> <span class=\"rt-time\"> 2<\/span> <span class=\"rt-label rt-postfix\">minutes<\/span><\/span><p><img decoding=\"async\" class=\"alignleft size-full wp-image-195 hoverZoomLink\" title=\"\" src=\"https:\/\/proposmontreal.com\/wp-content\/uploads\/2011\/01\/ste-cath-215x300.jpg\" alt=\"Molson et le Qu\u00e9bec\" \/>En conjonction avec une superbe exposition \u00ab\u00a0<a href=\"http:\/\/www.pacmusee.qc.ca\/fr\/expositions\/la-rue-sainte-catherine-fait-la-une\">La Rue Ste-Catherine fait la une!<\/a>\u00a0\u00bb au Mus\u00e9e Pointe-\u00e0-Calli\u00e8re, le <a href=\"https:\/\/www.leslibraires.ca\/livres\/rue-sainte-catherine-la-v-f-paul-andre-linteau-9782761927512.html?u=295167\">livre paru chez les \u00c9ditions de l&rsquo;Homme<\/a> de l\u2019Historien Paul-Andr\u00e9 Linteau est une admirable r\u00e9ussite digne de l\u2019histoire de cette rue centrale et n\u00e9cessaire au bon fonctionnement de la ville qu\u2019est la Catherine.<\/p>\n<p>La Rue Ste-Catherine qui s\u00e9pare sur 11 km le nord du sud (ou presque) de la ville est elle-m\u00eame une frise chronologique de l&rsquo;histoire de Montr\u00e9al. Les hauts et les bas de la ville peuvent \u00eatre tiss\u00e9s avec les bonnes et les mauvaises ann\u00e9es de la rue. Comme l&rsquo;auteur mentionne dans son introduction, je ne connais pas une seule personne qui n&rsquo;a pas un seul souvenir reli\u00e9 \u00e0 Ste-Catherine. Je n&rsquo;ai que 36 ans et j&rsquo;ai v\u00e9cu certaines des pires ann\u00e9es de son histoire. Les d\u00e9parts de magasins phares pour la ville reine de Toronto. La fermeture puis le d\u00e9clin des th\u00e9\u00e2tres de l&rsquo;Ouest, la fermeture du Forum et sa prostitution en pseudo-temple de mauvais go\u00fbts qu&rsquo;il est devenu et tous les magasins et restaurants qui ont ferm\u00e9 suite au d\u00e9part de nos Canadiens.<\/p>\n<p>Mais derni\u00e8rement, j\u2019y vois un regain d\u2019\u00e9nergie qui rend heureux. Les magasins phares sont de retour, l\u2019Apple Store en est un bel exemple, la vie culturelle reprend vie avec l\u2019arriv\u00e9e de la place des Festivals, de<a class=\"\" href=\"http:\/\/www.youtube.com\/watch?v=ICAuJf04tbI\"> la construction de la salle de l\u2019Orchestre Symphonique de Montr\u00e9al<\/a> et des plans futurs du coin mythique qu\u2019est Saint-Laurent et Sainte-Catherine ou la r\u00e9animation de l\u2019\u00c9glise St-James, l\u2019avenir d\u2019une de nos art\u00e8res principales est maintenant garantie et s\u2019en va dans la bonne direction.<\/p>\n<p>En lisant l&rsquo;\u0153uvre \u00ab\u00a0La rue Sainte-Catherine; Au c\u0153ur de la vie Montr\u00e9alaise\u00a0\u00bb je me suis permis de revoir l&rsquo;histoire de ma ville d&rsquo;une fa\u00e7on dont je n&rsquo;avais jamais imagin\u00e9 avant. Au bout de ces 250 ann\u00e9es d&rsquo;histoire, cette rue a v\u00e9cu les talents pas si diff\u00e9rents de Lilly Saint-Cyr et de Jean Duceppe. Il est surprenant qu&rsquo;aucun autre livre n&rsquo;est pas \u00e9t\u00e9 \u00e9crit avant \u00e0 ce sujet, mais je suis maintenant heureux qu&rsquo;il soit entre mes mains et \u00f4 combien pratique et int\u00e9ressant.<\/p>\n<p>Un cadeau de No\u00ebl que j&rsquo;ai re\u00e7u et je peux dire que \u00e7a m&rsquo;a pris plus de temps de d\u00e9cider d&rsquo;\u00e9crire ce billet que de prendre le livre et de le d\u00e9vorer du d\u00e9but \u00e0 la fin avec un sourire permanent accroch\u00e9 \u00e0 mon visage.<\/p>\n\n\n<iframe loading=\"lazy\" src=\"https:\/\/www.leslibraires.ca\/livre-affiliation\/rue-sainte-catherine-la-v-f-paul-andre-linteau-9782761927512.html\/?type=fiche&#038;configuration=4&#038;u=295167\" width=\"700\" height=\"405\" frameborder=\"0\" scrolling=\"no\" style=\"overflow:hidden;\"><\/iframe>\n\n\n\n<p><\/p>\n","protected":false},"excerpt":{"rendered":"<p><span class=\"span-reading-time rt-reading-time\" style=\"display: block;\"><span class=\"rt-label rt-prefix\">Temps de lecture approximatif de<\/span> <span class=\"rt-time\"> 2<\/span> <span class=\"rt-label rt-postfix\">minutes<\/span><\/span>En lisant l&rsquo;oeuvre \u00ab\u00a0La rue Sainte-Catherine; Au coeur de la vie Montr\u00e9alaise\u00a0\u00bb je me suis permis de revoir l&rsquo;histoire de ma ville d&rsquo;une fa\u00e7on dont je n&rsquo;avais jamais imagin\u00e9 avant. Au bout de ces 250 ann\u00e9es d&rsquo;histoire, cette rue a v\u00e9cu les talents pas si diff\u00e9rents de Lilly Saint-Cyr et de Jean Duceppe. Il est surprenant qu&rsquo;aucun autre livre n&rsquo;est pas \u00e9t\u00e9 \u00e9crit avant \u00e0 ce sujet, mais je suis maintenant heureux qu&rsquo;il soit entre mes mains et \u00f4 combien pratique et int\u00e9ressant.<\/p>\n<div class=\"more-link-wrapper\"><a class=\"more-link\" href=\"https:\/\/proposmontreal.com\/index.php\/sainte-catherine-le-livre\/\">Pour lire l&#039;article&#8230;<span class=\"screen-reader-text\">Sainte-Catherine: Le livre<\/span><\/a><\/div>\n","protected":false},"author":2,"featured_media":0,"comment_status":"open","ping_status":"open","sticky":false,"template":"","format":"standard","meta":{"jetpack_post_was_ever_published":false,"_jetpack_newsletter_access":"","_jetpack_dont_email_post_to_subs":false,"_jetpack_newsletter_tier_id":0,"_jetpack_memberships_contains_paywalled_content":false,"_jetpack_memberships_contains_paid_content":false,"footnotes":""},"categories":[1,3],"tags":[33,55,30,364,365,239,363],"class_list":["post-490","post","type-post","status-publish","format-standard","hentry","category-actualite","category-culture","tag-histoire","tag-livre","tag-montreal","tag-paul-andre-linteau","tag-pointe-a-calliere","tag-rue","tag-sainte-catherine","excerpt","zoom","full-without-featured","even","excerpt-0"],"yoast_head":"<!-- This site is optimized with the Yoast SEO plugin v26.5 - https:\/\/yoast.com\/wordpress\/plugins\/seo\/ -->\n<title>Sainte-Catherine: Le livre<\/title>\n<meta name=\"description\" content=\"En lisant l&#039;oeuvre &quot;La rue Sainte-Catherine; Au coeur de la vie Montr\u00e9alaise&quot; je me suis permis de revoir l&#039;histoire de ma ville d&#039;une fa\u00e7on dont je n&#039;avais jamais imagin\u00e9 avant. Au bout de ces 250 ann\u00e9es d&#039;histoire, cette rue a v\u00e9cu les talents pas si diff\u00e9rents de Lilly Saint-Cyr et de Jean Duceppe. Il est surprenant qu&#039;aucun autre livre n&#039;est pas \u00e9t\u00e9 \u00e9crit avant \u00e0 ce sujet, mais je suis maintenant heureux qu&#039;il soit entre mes mains et \u00f4 combien pratique et int\u00e9ressant.\" \/>\n<meta name=\"robots\" content=\"index, follow, max-snippet:-1, max-image-preview:large, max-video-preview:-1\" \/>\n<link rel=\"canonical\" href=\"https:\/\/proposmontreal.com\/index.php\/sainte-catherine-le-livre\/\" \/>\n<meta property=\"og:locale\" content=\"fr_FR\" \/>\n<meta property=\"og:type\" content=\"article\" \/>\n<meta property=\"og:title\" content=\"Sainte-Catherine: Le livre\" \/>\n<meta property=\"og:url\" content=\"https:\/\/proposmontreal.com\/index.php\/sainte-catherine-le-livre\/\" \/>\n<meta property=\"og:site_name\" content=\"ProposMontr\u00e9al\" \/>\n<meta property=\"article:publisher\" content=\"https:\/\/www.facebook.com\/proposmontreal\" \/>\n<meta property=\"article:author\" content=\"https:\/\/www.facebook.com\/proposmontreal\" \/>\n<meta property=\"article:published_time\" content=\"2011-01-09T14:15:32+00:00\" \/>\n<meta property=\"article:modified_time\" content=\"2020-10-15T17:20:08+00:00\" \/>\n<meta property=\"og:image\" content=\"http:\/\/proposmontreal.com\/wp-content\/uploads\/2011\/01\/ste-cath-215x300.jpg\" \/>\n<meta name=\"author\" content=\"Martin B\u00e9rub\u00e9\" \/>\n<meta name=\"twitter:card\" content=\"summary_large_image\" \/>\n<meta name=\"twitter:creator\" content=\"@proposmontreal\" \/>\n<meta name=\"twitter:site\" content=\"@ProposMontreal\" \/>\n<meta name=\"twitter:label1\" content=\"\u00c9crit par\" \/>\n\t<meta name=\"twitter:data1\" content=\"Martin B\u00e9rub\u00e9\" \/>\n\t<meta name=\"twitter:label2\" content=\"Dur\u00e9e de lecture estim\u00e9e\" \/>\n\t<meta name=\"twitter:data2\" content=\"2 minutes\" \/>\n<script type=\"application\/ld+json\" class=\"yoast-schema-graph\">{\"@context\":\"https:\/\/schema.org\",\"@graph\":[{\"@type\":\"WebPage\",\"@id\":\"https:\/\/proposmontreal.com\/index.php\/sainte-catherine-le-livre\/\",\"url\":\"https:\/\/proposmontreal.com\/index.php\/sainte-catherine-le-livre\/\",\"name\":\"Sainte-Catherine: Le livre\",\"isPartOf\":{\"@id\":\"https:\/\/proposmontreal.com\/#website\"},\"primaryImageOfPage\":{\"@id\":\"https:\/\/proposmontreal.com\/index.php\/sainte-catherine-le-livre\/#primaryimage\"},\"image\":{\"@id\":\"https:\/\/proposmontreal.com\/index.php\/sainte-catherine-le-livre\/#primaryimage\"},\"thumbnailUrl\":\"http:\/\/proposmontreal.com\/wp-content\/uploads\/2011\/01\/ste-cath-215x300.jpg\",\"datePublished\":\"2011-01-09T14:15:32+00:00\",\"dateModified\":\"2020-10-15T17:20:08+00:00\",\"author\":{\"@id\":\"https:\/\/proposmontreal.com\/#\/schema\/person\/7d7acef09662dd8c0283a456e39b3254\"},\"description\":\"En lisant l'oeuvre \\\"La rue Sainte-Catherine; Au coeur de la vie Montr\u00e9alaise\\\" je me suis permis de revoir l'histoire de ma ville d'une fa\u00e7on dont je n'avais jamais imagin\u00e9 avant. Au bout de ces 250 ann\u00e9es d'histoire, cette rue a v\u00e9cu les talents pas si diff\u00e9rents de Lilly Saint-Cyr et de Jean Duceppe. Il est surprenant qu'aucun autre livre n'est pas \u00e9t\u00e9 \u00e9crit avant \u00e0 ce sujet, mais je suis maintenant heureux qu'il soit entre mes mains et \u00f4 combien pratique et int\u00e9ressant.\",\"breadcrumb\":{\"@id\":\"https:\/\/proposmontreal.com\/index.php\/sainte-catherine-le-livre\/#breadcrumb\"},\"inLanguage\":\"fr-FR\",\"potentialAction\":[{\"@type\":\"ReadAction\",\"target\":[\"https:\/\/proposmontreal.com\/index.php\/sainte-catherine-le-livre\/\"]}]},{\"@type\":\"ImageObject\",\"inLanguage\":\"fr-FR\",\"@id\":\"https:\/\/proposmontreal.com\/index.php\/sainte-catherine-le-livre\/#primaryimage\",\"url\":\"http:\/\/proposmontreal.com\/wp-content\/uploads\/2011\/01\/ste-cath-215x300.jpg\",\"contentUrl\":\"http:\/\/proposmontreal.com\/wp-content\/uploads\/2011\/01\/ste-cath-215x300.jpg\"},{\"@type\":\"BreadcrumbList\",\"@id\":\"https:\/\/proposmontreal.com\/index.php\/sainte-catherine-le-livre\/#breadcrumb\",\"itemListElement\":[{\"@type\":\"ListItem\",\"position\":1,\"name\":\"Accueil\",\"item\":\"https:\/\/proposmontreal.com\/\"},{\"@type\":\"ListItem\",\"position\":2,\"name\":\"Sainte-Catherine: Le livre\"}]},{\"@type\":\"WebSite\",\"@id\":\"https:\/\/proposmontreal.com\/#website\",\"url\":\"https:\/\/proposmontreal.com\/\",\"name\":\"ProposMontr\u00e9al\",\"description\":\"Histoire, Urbanisme, Architecture et Opinions.\",\"potentialAction\":[{\"@type\":\"SearchAction\",\"target\":{\"@type\":\"EntryPoint\",\"urlTemplate\":\"https:\/\/proposmontreal.com\/?s={search_term_string}\"},\"query-input\":{\"@type\":\"PropertyValueSpecification\",\"valueRequired\":true,\"valueName\":\"search_term_string\"}}],\"inLanguage\":\"fr-FR\"},{\"@type\":\"Person\",\"@id\":\"https:\/\/proposmontreal.com\/#\/schema\/person\/7d7acef09662dd8c0283a456e39b3254\",\"name\":\"Martin B\u00e9rub\u00e9\",\"image\":{\"@type\":\"ImageObject\",\"inLanguage\":\"fr-FR\",\"@id\":\"https:\/\/proposmontreal.com\/#\/schema\/person\/image\/\",\"url\":\"https:\/\/secure.gravatar.com\/avatar\/c584d9147b7b50bb9ff2edf1db3d93d38f22473bdde645a7942ee41f752cce3f?s=96&d=blank&r=g\",\"contentUrl\":\"https:\/\/secure.gravatar.com\/avatar\/c584d9147b7b50bb9ff2edf1db3d93d38f22473bdde645a7942ee41f752cce3f?s=96&d=blank&r=g\",\"caption\":\"Martin B\u00e9rub\u00e9\"},\"description\":\"Amoureux de Montr\u00e9al, fascin\u00e9 par l'histoire de la ville, son urbanisme et sa toponymie, ni historien ni sp\u00e9cialiste du sujet, Martin n'\u00e9tait m\u00eame pas n\u00e9 \u00e0 l'\u00e9poque de 99% des sujets discut\u00e9s de ce site. Il aime trouver des r\u00e9ponses aux questions qui sont pos\u00e9es. Les billets que vous lisez ne sont que les r\u00e9sultats de la qu\u00eate vers des r\u00e9ponses et le besoin de partager.\",\"sameAs\":[\"http:\/\/proposmontreal.com\",\"https:\/\/www.facebook.com\/proposmontreal\",\"https:\/\/x.com\/proposmontreal\"]}]}<\/script>\n<!-- \/ Yoast SEO plugin. -->","yoast_head_json":{"title":"Sainte-Catherine: Le livre","description":"En lisant l'oeuvre \"La rue Sainte-Catherine; Au coeur de la vie Montr\u00e9alaise\" je me suis permis de revoir l'histoire de ma ville d'une fa\u00e7on dont je n'avais jamais imagin\u00e9 avant. Au bout de ces 250 ann\u00e9es d'histoire, cette rue a v\u00e9cu les talents pas si diff\u00e9rents de Lilly Saint-Cyr et de Jean Duceppe. Il est surprenant qu'aucun autre livre n'est pas \u00e9t\u00e9 \u00e9crit avant \u00e0 ce sujet, mais je suis maintenant heureux qu'il soit entre mes mains et \u00f4 combien pratique et int\u00e9ressant.","robots":{"index":"index","follow":"follow","max-snippet":"max-snippet:-1","max-image-preview":"max-image-preview:large","max-video-preview":"max-video-preview:-1"},"canonical":"https:\/\/proposmontreal.com\/index.php\/sainte-catherine-le-livre\/","og_locale":"fr_FR","og_type":"article","og_title":"Sainte-Catherine: Le livre","og_url":"https:\/\/proposmontreal.com\/index.php\/sainte-catherine-le-livre\/","og_site_name":"ProposMontr\u00e9al","article_publisher":"https:\/\/www.facebook.com\/proposmontreal","article_author":"https:\/\/www.facebook.com\/proposmontreal","article_published_time":"2011-01-09T14:15:32+00:00","article_modified_time":"2020-10-15T17:20:08+00:00","og_image":[{"url":"http:\/\/proposmontreal.com\/wp-content\/uploads\/2011\/01\/ste-cath-215x300.jpg","type":"","width":"","height":""}],"author":"Martin B\u00e9rub\u00e9","twitter_card":"summary_large_image","twitter_creator":"@proposmontreal","twitter_site":"@ProposMontreal","twitter_misc":{"\u00c9crit par":"Martin B\u00e9rub\u00e9","Dur\u00e9e de lecture estim\u00e9e":"2 minutes"},"schema":{"@context":"https:\/\/schema.org","@graph":[{"@type":"WebPage","@id":"https:\/\/proposmontreal.com\/index.php\/sainte-catherine-le-livre\/","url":"https:\/\/proposmontreal.com\/index.php\/sainte-catherine-le-livre\/","name":"Sainte-Catherine: Le livre","isPartOf":{"@id":"https:\/\/proposmontreal.com\/#website"},"primaryImageOfPage":{"@id":"https:\/\/proposmontreal.com\/index.php\/sainte-catherine-le-livre\/#primaryimage"},"image":{"@id":"https:\/\/proposmontreal.com\/index.php\/sainte-catherine-le-livre\/#primaryimage"},"thumbnailUrl":"http:\/\/proposmontreal.com\/wp-content\/uploads\/2011\/01\/ste-cath-215x300.jpg","datePublished":"2011-01-09T14:15:32+00:00","dateModified":"2020-10-15T17:20:08+00:00","author":{"@id":"https:\/\/proposmontreal.com\/#\/schema\/person\/7d7acef09662dd8c0283a456e39b3254"},"description":"En lisant l'oeuvre \"La rue Sainte-Catherine; Au coeur de la vie Montr\u00e9alaise\" je me suis permis de revoir l'histoire de ma ville d'une fa\u00e7on dont je n'avais jamais imagin\u00e9 avant. Au bout de ces 250 ann\u00e9es d'histoire, cette rue a v\u00e9cu les talents pas si diff\u00e9rents de Lilly Saint-Cyr et de Jean Duceppe. Il est surprenant qu'aucun autre livre n'est pas \u00e9t\u00e9 \u00e9crit avant \u00e0 ce sujet, mais je suis maintenant heureux qu'il soit entre mes mains et \u00f4 combien pratique et int\u00e9ressant.","breadcrumb":{"@id":"https:\/\/proposmontreal.com\/index.php\/sainte-catherine-le-livre\/#breadcrumb"},"inLanguage":"fr-FR","potentialAction":[{"@type":"ReadAction","target":["https:\/\/proposmontreal.com\/index.php\/sainte-catherine-le-livre\/"]}]},{"@type":"ImageObject","inLanguage":"fr-FR","@id":"https:\/\/proposmontreal.com\/index.php\/sainte-catherine-le-livre\/#primaryimage","url":"http:\/\/proposmontreal.com\/wp-content\/uploads\/2011\/01\/ste-cath-215x300.jpg","contentUrl":"http:\/\/proposmontreal.com\/wp-content\/uploads\/2011\/01\/ste-cath-215x300.jpg"},{"@type":"BreadcrumbList","@id":"https:\/\/proposmontreal.com\/index.php\/sainte-catherine-le-livre\/#breadcrumb","itemListElement":[{"@type":"ListItem","position":1,"name":"Accueil","item":"https:\/\/proposmontreal.com\/"},{"@type":"ListItem","position":2,"name":"Sainte-Catherine: Le livre"}]},{"@type":"WebSite","@id":"https:\/\/proposmontreal.com\/#website","url":"https:\/\/proposmontreal.com\/","name":"ProposMontr\u00e9al","description":"Histoire, Urbanisme, Architecture et Opinions.","potentialAction":[{"@type":"SearchAction","target":{"@type":"EntryPoint","urlTemplate":"https:\/\/proposmontreal.com\/?s={search_term_string}"},"query-input":{"@type":"PropertyValueSpecification","valueRequired":true,"valueName":"search_term_string"}}],"inLanguage":"fr-FR"},{"@type":"Person","@id":"https:\/\/proposmontreal.com\/#\/schema\/person\/7d7acef09662dd8c0283a456e39b3254","name":"Martin B\u00e9rub\u00e9","image":{"@type":"ImageObject","inLanguage":"fr-FR","@id":"https:\/\/proposmontreal.com\/#\/schema\/person\/image\/","url":"https:\/\/secure.gravatar.com\/avatar\/c584d9147b7b50bb9ff2edf1db3d93d38f22473bdde645a7942ee41f752cce3f?s=96&d=blank&r=g","contentUrl":"https:\/\/secure.gravatar.com\/avatar\/c584d9147b7b50bb9ff2edf1db3d93d38f22473bdde645a7942ee41f752cce3f?s=96&d=blank&r=g","caption":"Martin B\u00e9rub\u00e9"},"description":"Amoureux de Montr\u00e9al, fascin\u00e9 par l'histoire de la ville, son urbanisme et sa toponymie, ni historien ni sp\u00e9cialiste du sujet, Martin n'\u00e9tait m\u00eame pas n\u00e9 \u00e0 l'\u00e9poque de 99% des sujets discut\u00e9s de ce site. Il aime trouver des r\u00e9ponses aux questions qui sont pos\u00e9es. Les billets que vous lisez ne sont que les r\u00e9sultats de la qu\u00eate vers des r\u00e9ponses et le besoin de partager.","sameAs":["http:\/\/proposmontreal.com","https:\/\/www.facebook.com\/proposmontreal","https:\/\/x.com\/proposmontreal"]}]}},"jetpack_featured_media_url":"","jetpack_sharing_enabled":true,"_links":{"self":[{"href":"https:\/\/proposmontreal.com\/index.php\/wp-json\/wp\/v2\/posts\/490","targetHints":{"allow":["GET"]}}],"collection":[{"href":"https:\/\/proposmontreal.com\/index.php\/wp-json\/wp\/v2\/posts"}],"about":[{"href":"https:\/\/proposmontreal.com\/index.php\/wp-json\/wp\/v2\/types\/post"}],"author":[{"embeddable":true,"href":"https:\/\/proposmontreal.com\/index.php\/wp-json\/wp\/v2\/users\/2"}],"replies":[{"embeddable":true,"href":"https:\/\/proposmontreal.com\/index.php\/wp-json\/wp\/v2\/comments?post=490"}],"version-history":[{"count":2,"href":"https:\/\/proposmontreal.com\/index.php\/wp-json\/wp\/v2\/posts\/490\/revisions"}],"predecessor-version":[{"id":6873,"href":"https:\/\/proposmontreal.com\/index.php\/wp-json\/wp\/v2\/posts\/490\/revisions\/6873"}],"wp:attachment":[{"href":"https:\/\/proposmontreal.com\/index.php\/wp-json\/wp\/v2\/media?parent=490"}],"wp:term":[{"taxonomy":"category","embeddable":true,"href":"https:\/\/proposmontreal.com\/index.php\/wp-json\/wp\/v2\/categories?post=490"},{"taxonomy":"post_tag","embeddable":true,"href":"https:\/\/proposmontreal.com\/index.php\/wp-json\/wp\/v2\/tags?post=490"}],"curies":[{"name":"wp","href":"https:\/\/api.w.org\/{rel}","templated":true}]}}