{"id":468,"date":"2010-09-15T07:29:02","date_gmt":"2010-09-15T11:29:02","guid":{"rendered":"http:\/\/proposmontreal.com\/?p=468"},"modified":"2010-09-15T08:35:05","modified_gmt":"2010-09-15T12:35:05","slug":"histoires-de-quebec","status":"publish","type":"post","link":"https:\/\/proposmontreal.com\/index.php\/histoires-de-quebec\/","title":{"rendered":"Histoires de Qu\u00e9bec"},"content":{"rendered":"<span class=\"span-reading-time rt-reading-time\" style=\"display: block;\"><span class=\"rt-label rt-prefix\">Temps de lecture approximatif de<\/span> <span class=\"rt-time\"> 2<\/span> <span class=\"rt-label rt-postfix\">minutes<\/span><\/span><p>Les gens de la ville de Qu\u00e9bec m\u00e9ritent d&rsquo;\u00eatre trait\u00e9 comme toutes grandes villes d&rsquo;Am\u00e9rique du Nord mais pour ce faire ils devront laisser de c\u00f4t\u00e9 certaines batailles. En lisant certains blogues ce matin, je suis tomb\u00e9 sur <a href=\"http:\/\/blogues.canoe.ca\/ericduhaime\/general\/les-jeff-fillion-de-montreal\/\">le blogue du d&rsquo;\u00c9ric Duhaime<\/a> du Journal de Qu\u00e9bec et sur les commentaires de ces lecteurs. <\/p>\n<p>Je ne veux pas g\u00e9n\u00e9raliser et tomber dans le m\u00eame panneau que M. Duhaime qui semble tous mettre les gens de Montr\u00e9al dans le m\u00eame panier, mais en me tapant cette lecture, cela m&rsquo;a fait penser \u00e0 un petit d\u00e9tail que je n&rsquo;avais jamais remarqu\u00e9 sur la ville de Qu\u00e9bec. Je vais quand m\u00eame me permettre de dire que les journalistes de Qu\u00e9bec portent rancune et ce, pour tr\u00e8s longtemps. Il semble bien que chaque fois que je vais dans la Vieille Capitale, \u00e0 plusieurs reprises par ann\u00e9e, je tombe sur les trois m\u00eames sujets. Montr\u00e9al est chiante et snob, Les Nordiques sont plus l\u00e0 et Jeff Fillion c&rsquo;est fait avoir. Le premier est r\u00e9curant et fait partie int\u00e9grale des m\u00e9dias de Qu\u00e9bec depuis les 150 derni\u00e8res ann\u00e9es, le deuxi\u00e8me est d&rsquo;actualit\u00e9 locale depuis 1995 et le troisi\u00e8me revient de fa\u00e7on syst\u00e9matique dans les discussions depuis 2005.<\/p>\n<p>Voyez-vous, Montr\u00e9al souffre presque du m\u00eame sympt\u00f4me envers Toronto mais \u00e0 la fa\u00e7on typiquement Montr\u00e9alaise, au lieu de faire du \u00ab\u00a0Toronto-bashing\u00a0\u00bb, on se tape sur la t\u00eate nous m\u00eame, on se traite de tous les noms et ont fait rien pour r\u00e9gler la situation. La Ville de Qu\u00e9bec est une ville politique et cela para\u00eet. En politique,  c&rsquo;est plus facile de mentionner les faiblesses de l&rsquo;autre que de pr\u00e9senter ces propres qualit\u00e9s et jours apr\u00e8s jours les m\u00e9dias de Qu\u00e9bec adorent abaisser Montr\u00e9al.<\/p>\n<p>La capitale de l&rsquo;\u00e9tat de New-York n&rsquo;est pas la ville de New-York mais bien celle d&rsquo;Albany, si je vous donnais le choix de visiter une ville ou l&rsquo;autre laquelle iriez vous visiter? Qu\u00e9bec est la Capitale Nationale et m\u00e9rite son titre, c&rsquo;est une ville superbe, tr\u00e8s touristique et remplie d&rsquo;histoire qui fait qu&rsquo;\u00e0 chaque visite je d\u00e9couvre de nouvelles beaut\u00e9s de l&rsquo;endroit, mais ce n&rsquo;est pas une ville de 1.6 million d&rsquo;habitants.<\/p>\n<p>J&rsquo;esp\u00e8re seulement que les journalistes de ce coin de pays vont se rendre \u00e0 l&rsquo;\u00e9vidence un jour, cette guerre Montr\u00e9al-Qu\u00e9bec est \u00e0 sens-unique. Si cette guerre ne change pas bient\u00f4t, nous allons devoir entendre des histoires du Maire R\u00e9gis Labeaume et de Paul McCartney sur les Plaines pour un autre 50 ans.<\/p>\n","protected":false},"excerpt":{"rendered":"<p><span class=\"span-reading-time rt-reading-time\" style=\"display: block;\"><span class=\"rt-label rt-prefix\">Temps de lecture approximatif de<\/span> <span class=\"rt-time\"> 2<\/span> <span class=\"rt-label rt-postfix\">minutes<\/span><\/span>La Ville de Qu\u00e9bec est une ville politique et cela para\u00eet. En politique,  c&rsquo;est plus facile de mentionner les faiblesses de l&rsquo;autre que de pr\u00e9senter ces propres qualit\u00e9s et jours apr\u00e8s jours les m\u00e9dias de Qu\u00e9bec adorent abaisser Montr\u00e9al.<\/p>\n<div class=\"more-link-wrapper\"><a class=\"more-link\" href=\"https:\/\/proposmontreal.com\/index.php\/histoires-de-quebec\/\">Pour lire l&#039;article&#8230;<span class=\"screen-reader-text\">Histoires de Qu\u00e9bec<\/span><\/a><\/div>\n","protected":false},"author":2,"featured_media":0,"comment_status":"open","ping_status":"open","sticky":false,"template":"","format":"standard","meta":{"jetpack_post_was_ever_published":false,"_jetpack_newsletter_access":"","_jetpack_dont_email_post_to_subs":false,"_jetpack_newsletter_tier_id":0,"_jetpack_memberships_contains_paywalled_content":false,"_jetpack_memberships_contains_paid_content":false,"footnotes":""},"categories":[1],"tags":[340,341,342,30,343,56],"class_list":["post-468","post","type-post","status-publish","format-standard","hentry","category-actualite","tag-bashing","tag-guerre","tag-labeaume","tag-montreal","tag-nordiques","tag-quebec","excerpt","zoom","full-without-featured","even","excerpt-0"],"yoast_head":"<!-- This site is optimized with the Yoast SEO plugin v26.5 - https:\/\/yoast.com\/wordpress\/plugins\/seo\/ -->\n<title>Histoires de Qu\u00e9bec<\/title>\n<meta name=\"description\" content=\"La Ville de Qu\u00e9bec est une ville politique et cela para\u00eet. En politique, c&#039;est plus facile de mentionner les faiblesses de l&#039;autre que de pr\u00e9senter ces propres qualit\u00e9s et jours apr\u00e8s jours les m\u00e9dias de Qu\u00e9bec adorent abaisser Montr\u00e9al.\" \/>\n<meta name=\"robots\" content=\"index, follow, max-snippet:-1, max-image-preview:large, max-video-preview:-1\" \/>\n<link rel=\"canonical\" href=\"https:\/\/proposmontreal.com\/index.php\/histoires-de-quebec\/\" \/>\n<meta property=\"og:locale\" content=\"fr_FR\" \/>\n<meta property=\"og:type\" content=\"article\" \/>\n<meta property=\"og:title\" content=\"Histoires de Qu\u00e9bec\" \/>\n<meta property=\"og:url\" content=\"https:\/\/proposmontreal.com\/index.php\/histoires-de-quebec\/\" \/>\n<meta property=\"og:site_name\" content=\"ProposMontr\u00e9al\" \/>\n<meta property=\"article:publisher\" content=\"https:\/\/www.facebook.com\/proposmontreal\" \/>\n<meta property=\"article:author\" content=\"https:\/\/www.facebook.com\/proposmontreal\" \/>\n<meta property=\"article:published_time\" content=\"2010-09-15T11:29:02+00:00\" \/>\n<meta property=\"article:modified_time\" content=\"2010-09-15T12:35:05+00:00\" \/>\n<meta name=\"author\" content=\"Martin B\u00e9rub\u00e9\" \/>\n<meta name=\"twitter:card\" content=\"summary_large_image\" \/>\n<meta name=\"twitter:creator\" content=\"@proposmontreal\" \/>\n<meta name=\"twitter:site\" content=\"@ProposMontreal\" \/>\n<meta name=\"twitter:label1\" content=\"\u00c9crit par\" \/>\n\t<meta name=\"twitter:data1\" content=\"Martin B\u00e9rub\u00e9\" \/>\n\t<meta name=\"twitter:label2\" content=\"Dur\u00e9e de lecture estim\u00e9e\" \/>\n\t<meta name=\"twitter:data2\" content=\"2 minutes\" \/>\n<script type=\"application\/ld+json\" class=\"yoast-schema-graph\">{\"@context\":\"https:\/\/schema.org\",\"@graph\":[{\"@type\":\"WebPage\",\"@id\":\"https:\/\/proposmontreal.com\/index.php\/histoires-de-quebec\/\",\"url\":\"https:\/\/proposmontreal.com\/index.php\/histoires-de-quebec\/\",\"name\":\"Histoires de Qu\u00e9bec\",\"isPartOf\":{\"@id\":\"https:\/\/proposmontreal.com\/#website\"},\"datePublished\":\"2010-09-15T11:29:02+00:00\",\"dateModified\":\"2010-09-15T12:35:05+00:00\",\"author\":{\"@id\":\"https:\/\/proposmontreal.com\/#\/schema\/person\/7d7acef09662dd8c0283a456e39b3254\"},\"description\":\"La Ville de Qu\u00e9bec est une ville politique et cela para\u00eet. En politique, c'est plus facile de mentionner les faiblesses de l'autre que de pr\u00e9senter ces propres qualit\u00e9s et jours apr\u00e8s jours les m\u00e9dias de Qu\u00e9bec adorent abaisser Montr\u00e9al.\",\"breadcrumb\":{\"@id\":\"https:\/\/proposmontreal.com\/index.php\/histoires-de-quebec\/#breadcrumb\"},\"inLanguage\":\"fr-FR\",\"potentialAction\":[{\"@type\":\"ReadAction\",\"target\":[\"https:\/\/proposmontreal.com\/index.php\/histoires-de-quebec\/\"]}]},{\"@type\":\"BreadcrumbList\",\"@id\":\"https:\/\/proposmontreal.com\/index.php\/histoires-de-quebec\/#breadcrumb\",\"itemListElement\":[{\"@type\":\"ListItem\",\"position\":1,\"name\":\"Accueil\",\"item\":\"https:\/\/proposmontreal.com\/\"},{\"@type\":\"ListItem\",\"position\":2,\"name\":\"Histoires de Qu\u00e9bec\"}]},{\"@type\":\"WebSite\",\"@id\":\"https:\/\/proposmontreal.com\/#website\",\"url\":\"https:\/\/proposmontreal.com\/\",\"name\":\"ProposMontr\u00e9al\",\"description\":\"Histoire, Urbanisme, Architecture et Opinions.\",\"potentialAction\":[{\"@type\":\"SearchAction\",\"target\":{\"@type\":\"EntryPoint\",\"urlTemplate\":\"https:\/\/proposmontreal.com\/?s={search_term_string}\"},\"query-input\":{\"@type\":\"PropertyValueSpecification\",\"valueRequired\":true,\"valueName\":\"search_term_string\"}}],\"inLanguage\":\"fr-FR\"},{\"@type\":\"Person\",\"@id\":\"https:\/\/proposmontreal.com\/#\/schema\/person\/7d7acef09662dd8c0283a456e39b3254\",\"name\":\"Martin B\u00e9rub\u00e9\",\"image\":{\"@type\":\"ImageObject\",\"inLanguage\":\"fr-FR\",\"@id\":\"https:\/\/proposmontreal.com\/#\/schema\/person\/image\/\",\"url\":\"https:\/\/secure.gravatar.com\/avatar\/c584d9147b7b50bb9ff2edf1db3d93d38f22473bdde645a7942ee41f752cce3f?s=96&d=blank&r=g\",\"contentUrl\":\"https:\/\/secure.gravatar.com\/avatar\/c584d9147b7b50bb9ff2edf1db3d93d38f22473bdde645a7942ee41f752cce3f?s=96&d=blank&r=g\",\"caption\":\"Martin B\u00e9rub\u00e9\"},\"description\":\"Amoureux de Montr\u00e9al, fascin\u00e9 par l'histoire de la ville, son urbanisme et sa toponymie, ni historien ni sp\u00e9cialiste du sujet, Martin n'\u00e9tait m\u00eame pas n\u00e9 \u00e0 l'\u00e9poque de 99% des sujets discut\u00e9s de ce site. Il aime trouver des r\u00e9ponses aux questions qui sont pos\u00e9es. Les billets que vous lisez ne sont que les r\u00e9sultats de la qu\u00eate vers des r\u00e9ponses et le besoin de partager.\",\"sameAs\":[\"http:\/\/proposmontreal.com\",\"https:\/\/www.facebook.com\/proposmontreal\",\"https:\/\/x.com\/proposmontreal\"]}]}<\/script>\n<!-- \/ Yoast SEO plugin. -->","yoast_head_json":{"title":"Histoires de Qu\u00e9bec","description":"La Ville de Qu\u00e9bec est une ville politique et cela para\u00eet. En politique, c'est plus facile de mentionner les faiblesses de l'autre que de pr\u00e9senter ces propres qualit\u00e9s et jours apr\u00e8s jours les m\u00e9dias de Qu\u00e9bec adorent abaisser Montr\u00e9al.","robots":{"index":"index","follow":"follow","max-snippet":"max-snippet:-1","max-image-preview":"max-image-preview:large","max-video-preview":"max-video-preview:-1"},"canonical":"https:\/\/proposmontreal.com\/index.php\/histoires-de-quebec\/","og_locale":"fr_FR","og_type":"article","og_title":"Histoires de Qu\u00e9bec","og_url":"https:\/\/proposmontreal.com\/index.php\/histoires-de-quebec\/","og_site_name":"ProposMontr\u00e9al","article_publisher":"https:\/\/www.facebook.com\/proposmontreal","article_author":"https:\/\/www.facebook.com\/proposmontreal","article_published_time":"2010-09-15T11:29:02+00:00","article_modified_time":"2010-09-15T12:35:05+00:00","author":"Martin B\u00e9rub\u00e9","twitter_card":"summary_large_image","twitter_creator":"@proposmontreal","twitter_site":"@ProposMontreal","twitter_misc":{"\u00c9crit par":"Martin B\u00e9rub\u00e9","Dur\u00e9e de lecture estim\u00e9e":"2 minutes"},"schema":{"@context":"https:\/\/schema.org","@graph":[{"@type":"WebPage","@id":"https:\/\/proposmontreal.com\/index.php\/histoires-de-quebec\/","url":"https:\/\/proposmontreal.com\/index.php\/histoires-de-quebec\/","name":"Histoires de Qu\u00e9bec","isPartOf":{"@id":"https:\/\/proposmontreal.com\/#website"},"datePublished":"2010-09-15T11:29:02+00:00","dateModified":"2010-09-15T12:35:05+00:00","author":{"@id":"https:\/\/proposmontreal.com\/#\/schema\/person\/7d7acef09662dd8c0283a456e39b3254"},"description":"La Ville de Qu\u00e9bec est une ville politique et cela para\u00eet. En politique, c'est plus facile de mentionner les faiblesses de l'autre que de pr\u00e9senter ces propres qualit\u00e9s et jours apr\u00e8s jours les m\u00e9dias de Qu\u00e9bec adorent abaisser Montr\u00e9al.","breadcrumb":{"@id":"https:\/\/proposmontreal.com\/index.php\/histoires-de-quebec\/#breadcrumb"},"inLanguage":"fr-FR","potentialAction":[{"@type":"ReadAction","target":["https:\/\/proposmontreal.com\/index.php\/histoires-de-quebec\/"]}]},{"@type":"BreadcrumbList","@id":"https:\/\/proposmontreal.com\/index.php\/histoires-de-quebec\/#breadcrumb","itemListElement":[{"@type":"ListItem","position":1,"name":"Accueil","item":"https:\/\/proposmontreal.com\/"},{"@type":"ListItem","position":2,"name":"Histoires de Qu\u00e9bec"}]},{"@type":"WebSite","@id":"https:\/\/proposmontreal.com\/#website","url":"https:\/\/proposmontreal.com\/","name":"ProposMontr\u00e9al","description":"Histoire, Urbanisme, Architecture et Opinions.","potentialAction":[{"@type":"SearchAction","target":{"@type":"EntryPoint","urlTemplate":"https:\/\/proposmontreal.com\/?s={search_term_string}"},"query-input":{"@type":"PropertyValueSpecification","valueRequired":true,"valueName":"search_term_string"}}],"inLanguage":"fr-FR"},{"@type":"Person","@id":"https:\/\/proposmontreal.com\/#\/schema\/person\/7d7acef09662dd8c0283a456e39b3254","name":"Martin B\u00e9rub\u00e9","image":{"@type":"ImageObject","inLanguage":"fr-FR","@id":"https:\/\/proposmontreal.com\/#\/schema\/person\/image\/","url":"https:\/\/secure.gravatar.com\/avatar\/c584d9147b7b50bb9ff2edf1db3d93d38f22473bdde645a7942ee41f752cce3f?s=96&d=blank&r=g","contentUrl":"https:\/\/secure.gravatar.com\/avatar\/c584d9147b7b50bb9ff2edf1db3d93d38f22473bdde645a7942ee41f752cce3f?s=96&d=blank&r=g","caption":"Martin B\u00e9rub\u00e9"},"description":"Amoureux de Montr\u00e9al, fascin\u00e9 par l'histoire de la ville, son urbanisme et sa toponymie, ni historien ni sp\u00e9cialiste du sujet, Martin n'\u00e9tait m\u00eame pas n\u00e9 \u00e0 l'\u00e9poque de 99% des sujets discut\u00e9s de ce site. Il aime trouver des r\u00e9ponses aux questions qui sont pos\u00e9es. Les billets que vous lisez ne sont que les r\u00e9sultats de la qu\u00eate vers des r\u00e9ponses et le besoin de partager.","sameAs":["http:\/\/proposmontreal.com","https:\/\/www.facebook.com\/proposmontreal","https:\/\/x.com\/proposmontreal"]}]}},"jetpack_featured_media_url":"","jetpack_sharing_enabled":true,"_links":{"self":[{"href":"https:\/\/proposmontreal.com\/index.php\/wp-json\/wp\/v2\/posts\/468","targetHints":{"allow":["GET"]}}],"collection":[{"href":"https:\/\/proposmontreal.com\/index.php\/wp-json\/wp\/v2\/posts"}],"about":[{"href":"https:\/\/proposmontreal.com\/index.php\/wp-json\/wp\/v2\/types\/post"}],"author":[{"embeddable":true,"href":"https:\/\/proposmontreal.com\/index.php\/wp-json\/wp\/v2\/users\/2"}],"replies":[{"embeddable":true,"href":"https:\/\/proposmontreal.com\/index.php\/wp-json\/wp\/v2\/comments?post=468"}],"version-history":[{"count":2,"href":"https:\/\/proposmontreal.com\/index.php\/wp-json\/wp\/v2\/posts\/468\/revisions"}],"predecessor-version":[{"id":471,"href":"https:\/\/proposmontreal.com\/index.php\/wp-json\/wp\/v2\/posts\/468\/revisions\/471"}],"wp:attachment":[{"href":"https:\/\/proposmontreal.com\/index.php\/wp-json\/wp\/v2\/media?parent=468"}],"wp:term":[{"taxonomy":"category","embeddable":true,"href":"https:\/\/proposmontreal.com\/index.php\/wp-json\/wp\/v2\/categories?post=468"},{"taxonomy":"post_tag","embeddable":true,"href":"https:\/\/proposmontreal.com\/index.php\/wp-json\/wp\/v2\/tags?post=468"}],"curies":[{"name":"wp","href":"https:\/\/api.w.org\/{rel}","templated":true}]}}