{"id":4678,"date":"2017-05-02T20:59:40","date_gmt":"2017-05-03T00:59:40","guid":{"rendered":"http:\/\/proposmontreal.com\/?p=4678"},"modified":"2022-07-15T12:11:54","modified_gmt":"2022-07-15T16:11:54","slug":"lavenue-donald-trump","status":"publish","type":"post","link":"https:\/\/proposmontreal.com\/index.php\/lavenue-donald-trump\/","title":{"rendered":"L&rsquo;avenue du Pr\u00e9sident Donald-Trump?"},"content":{"rendered":"<span class=\"span-reading-time rt-reading-time\" style=\"display: block;\"><span class=\"rt-label rt-prefix\">Temps de lecture approximatif de<\/span> <span class=\"rt-time\"> 7<\/span> <span class=\"rt-label rt-postfix\">minutes<\/span><\/span><p>Avec ce qui se passe au sud de la fronti\u00e8re et leur nouveau pr\u00e9sident, nous nous sommes pos\u00e9s une question. Quelle sont les chances de voir une avenue Donald-Trump dans la toponymie de Montr\u00e9al? Bonne nouvelle, elles sont plut\u00f4t minces. Sur les 44 anciens pr\u00e9sidents, il y en a que sept salu\u00e9s\u00a0sur l&rsquo;\u00eele de Montr\u00e9al.<\/p>\n<h6>Qu\u2019est-ce que \u00e7a prend?<\/h6>\n<p>Une visite dans la m\u00e9tropole ne vous garantit pas un odonyme. Seulement deux pr\u00e9sidents am\u00e9ricains sont venus en visites officielles \u00e0 Montr\u00e9al durant leur pr\u00e9sidence \u00e0 la Maison Blanche. Le 26 juin 1959, la Reine Elizabeth et le pr\u00e9sident Dwight D. Eisenhower se donnent rendez-vous dans la r\u00e9gion Montr\u00e9alaise lors de la c\u00e9r\u00e9monie officielle pour l\u2019ouverture de la voie maritime. Ensuite, il faudra attendre jusqu\u2019au 25 mai 1967 pour voir le pr\u00e9sident Lyndon B. Johnson donner un discours sur la Place des Nations de l\u2019Expo 67.<\/p>\n<p>On ne parle donc pas d\u2019histoire d\u2019amour entre les pr\u00e9sidents am\u00e9ricains et Montr\u00e9al, ni Eisenhower, ni Johnson ne se retrouvent dans la toponymie de la m\u00e9tropole. Alors, Qui\u00a0sont ces sept chefs d\u2019\u00e9tat am\u00e9ricain qui se retrouvent dans nos rues?<\/p>\n<h6><img loading=\"lazy\" decoding=\"async\" class=\"aligncenter size-full wp-image-4696\" src=\"https:\/\/proposmontreal.com\/wp-content\/uploads\/2017\/05\/james-madison.jpg\" alt=\"\" width=\"750\" height=\"300\" srcset=\"https:\/\/proposmontreal.com\/wp-content\/uploads\/2017\/05\/james-madison.jpg 750w, https:\/\/proposmontreal.com\/wp-content\/uploads\/2017\/05\/james-madison-150x60.jpg 150w, https:\/\/proposmontreal.com\/wp-content\/uploads\/2017\/05\/james-madison-300x120.jpg 300w\" sizes=\"auto, (max-width: 750px) 100vw, 750px\" \/><\/h6>\n<h6>Avenue Madison, Arr. NDG-CDN, James Madison (1751-1836)<\/h6>\n<p>Ce chemin d\u2019acc\u00e8s est c\u00e9d\u00e9 \u00e0 la municipalit\u00e9 de Notre-Dame-de-Gr\u00e2ce en 1907 par la West End Land Company. Plus tard, le chemin sera renomm\u00e9 en Avenue Madison, mais il n\u2019y a aucun document officiel sur le changement de nom. S&rsquo;il est possible que ce pr\u00e9sident qui a men\u00e9 les Am\u00e9ricains dans la guerre de 1812 ait bien sa place dans la toponymie, d\u2019autres sources mentionneront que la rue porte plut\u00f4t le nom de la capitale du Wisconsin, la ville de&#8230; Madison, qui de toute fa\u00e7on a \u00e9t\u00e9 nomm\u00e9 en honneur du pr\u00e9sident, c&rsquo;est donc la m\u00eame chose. Alors pourquoi le 4e pr\u00e9sident des \u00c9tats-Unis m\u00e9rite-t-il son odonyme? Les rues voisines ne suivent pas un th\u00e8me logique et personne n\u2019est en mesure de r\u00e9pondre \u00e0 cette question. Il se peut donc que le Madison soit simplement un homme important dont l\u2019histoire locale a perdu sa trace.<\/p>\n<p><img loading=\"lazy\" decoding=\"async\" class=\"size-full wp-image-4698 aligncenter\" src=\"https:\/\/proposmontreal.com\/wp-content\/uploads\/2017\/05\/Lincoln.jpg\" alt=\"Abraham Lincoln\" width=\"750\" height=\"300\" srcset=\"https:\/\/proposmontreal.com\/wp-content\/uploads\/2017\/05\/Lincoln.jpg 750w, https:\/\/proposmontreal.com\/wp-content\/uploads\/2017\/05\/Lincoln-150x60.jpg 150w, https:\/\/proposmontreal.com\/wp-content\/uploads\/2017\/05\/Lincoln-300x120.jpg 300w\" sizes=\"auto, (max-width: 750px) 100vw, 750px\" \/><\/p>\n<h6>Avenue Lincoln, Arr. Ville-Marie, Abraham Lincoln (1809-1865)<\/h6>\n<p>Le 16e pr\u00e9sident des \u00c9tats-Unis qui tient le poste de 1861 \u00e0 1865 n\u2019a plus vraiment besoin de pr\u00e9sentation. Son r\u00e8gne prendra fin le moment o\u00f9 l\u2019acteur John Wilkes Booth entre sur le balcon o\u00f9 se trouvait le pr\u00e9sident et lui tire une balle de fusil derri\u00e8re la t\u00eate. Le malheureux \u00e9v\u00e9nement du Th\u00e9\u00e2tre Ford \u00e0 Washington D.C. a donc \u00e9crit le nom de Lincoln dans les livres d\u2019histoire \u00e9tant le premier leader am\u00e9ricain a \u00eatre assassin\u00e9. Tout le monde le sait qu&rsquo;il fut le pr\u00e9sident du\u00a0d\u00e9but de la fin de l\u2019esclavage au sud de la fronti\u00e8re. Par contre, saviez-vous qu\u2019il a aussi \u00e9t\u00e9 celui qui a cr\u00e9\u00e9 le syst\u00e8me bancaire am\u00e9ricain, a men\u00e9 l\u2019Union \u00e0 la victoire dans la guerre civile et qu\u2019il a sign\u00e9 plusieurs lois am\u00e9liorant la vie de tous les jours pour tous ses citoyens?<\/p>\n<p>Lincoln, je crois, m\u00e9rite donc sa place dans les rues de Montr\u00e9al, sa marque sur l\u2019histoire de toute l\u2019Am\u00e9rique du Nord est ind\u00e9niable. Faits cocasses, saviez-vous que l\u2019assassin John Wilkes Booth a s\u00e9journ\u00e9\u00a0\u00e0 Montr\u00e9al pour environ dix jours en octobre 1864. Montr\u00e9al \u00e9tait un point de rencontre important pour l\u2019arm\u00e9e des \u00e9tats conf\u00e9d\u00e9r\u00e9s. Les rumeurs veulent que Booth ait planifi\u00e9 l\u2019assassinat pendant sa visite.<\/p>\n<h6><img loading=\"lazy\" decoding=\"async\" class=\"aligncenter size-full wp-image-4699\" src=\"https:\/\/proposmontreal.com\/wp-content\/uploads\/2017\/05\/Ulysse-Grant.jpg\" alt=\"Ulysses S. Grant\" width=\"750\" height=\"300\" srcset=\"https:\/\/proposmontreal.com\/wp-content\/uploads\/2017\/05\/Ulysse-Grant.jpg 750w, https:\/\/proposmontreal.com\/wp-content\/uploads\/2017\/05\/Ulysse-Grant-150x60.jpg 150w, https:\/\/proposmontreal.com\/wp-content\/uploads\/2017\/05\/Ulysse-Grant-300x120.jpg 300w\" sizes=\"auto, (max-width: 750px) 100vw, 750px\" \/><\/h6>\n<h6>Avenue Grant, Arr. Pierrefonds-Roxboro, Ulysses S. Grant (1822-1885)<\/h6>\n<p>L\u2019avenue est nomm\u00e9e \u00e0 la m\u00e9moire de Ulysses S. Grant, 18e pr\u00e9sident des \u00c9tats-Unis. Grant eut une brillante carri\u00e8re militaire au c\u00f4t\u00e9 de Lincoln avant de devenir pr\u00e9sident en 1869. Aux \u00c9.-U., il est rappel\u00e9 dans la m\u00e9moire collective pour la reconstruction du Sud suite \u00e0 la guerre de S\u00e9cession. Grant eut aussi une grande politique pro-am\u00e9rindienne et sous sa pr\u00e9sidence, le chemin de fer transcontinental fut compl\u00e9t\u00e9. Mais il est difficile de ne pas parler de la grande d\u00e9pression \u00e9conomique de 1873 qui, m\u00eame si elle fut surtout europ\u00e9enne, est venue teinter sa pr\u00e9sidence.<\/p>\n<p>Autre qu\u2019il fut une personne importante dans l\u2019histoire des \u00c9tats-Unis, je ne sais tout simplement pas pourquoi il a sa place dans notre toponymie. La lign\u00e9e de rues de ce quartier de Roxboro porte pour la plupart des noms de militaires importants en Harwood, Montgomery, G\u00e9n\u00e9ral-Brock, Baldwin et Arnold. Peut-\u00eatre que Grant m\u00e9ritait sa place parmi ces grands amiraux et g\u00e9n\u00e9raux britanniques.<\/p>\n<h6><\/h6>\n<h6><img loading=\"lazy\" decoding=\"async\" class=\"aligncenter size-full wp-image-4721\" src=\"https:\/\/proposmontreal.com\/wp-content\/uploads\/2017\/05\/roosevelt.jpg\" alt=\"\" width=\"750\" height=\"300\" srcset=\"https:\/\/proposmontreal.com\/wp-content\/uploads\/2017\/05\/roosevelt.jpg 750w, https:\/\/proposmontreal.com\/wp-content\/uploads\/2017\/05\/roosevelt-150x60.jpg 150w, https:\/\/proposmontreal.com\/wp-content\/uploads\/2017\/05\/roosevelt-300x120.jpg 300w\" sizes=\"auto, (max-width: 750px) 100vw, 750px\" \/><\/h6>\n<h6>Rue Roosevelt, Kirkland, Theodore Roosevelt (1858\u20131919)<\/h6>\n<p>Gagnant d\u2019un Nobel de la paix, Theodore Roosevelt a une importante participation dans le trait\u00e9 officialisant la fin de la guerre russo-japonaise. Durant sa pr\u00e9sidence, les \u00c9tats-Unis reconnaissent l\u2019ind\u00e9pendance du Panama sur la Colombie et obtiennent le contr\u00f4le du fameux canal. 26e pr\u00e9sident des \u00c9tats-Unis entre 1901 et\u00a01909, il est souvent reconnu plus pour sa participation aux actions internationales que locales. Dans la culture populaire, le \u00abteddy\u00bb de \u00abteddy bear\u00bb est nomm\u00e9 en son honneur, la l\u00e9gende raconte que lors d\u2019un voyage de chasse en 1902, Roosevelt refusa de tirer un ours sans d\u00e9fense qui avait \u00e9t\u00e9 attach\u00e9 \u00e0 un arbre. Je ne sais pas la relation entre Kirkland et Roosevelt et la raison de sa pr\u00e9sence dans la toponymie de cette ville de l\u2019ouest de l\u2019\u00eele, mais Theodore Roosevelt m\u00e9rite tout de m\u00eame cette accolade.<\/p>\n<h6><img loading=\"lazy\" decoding=\"async\" class=\"aligncenter size-full wp-image-4701\" src=\"https:\/\/proposmontreal.com\/wp-content\/uploads\/2017\/05\/FDR.jpg\" alt=\"FDR\" width=\"750\" height=\"300\" srcset=\"https:\/\/proposmontreal.com\/wp-content\/uploads\/2017\/05\/FDR.jpg 750w, https:\/\/proposmontreal.com\/wp-content\/uploads\/2017\/05\/FDR-150x60.jpg 150w, https:\/\/proposmontreal.com\/wp-content\/uploads\/2017\/05\/FDR-300x120.jpg 300w\" sizes=\"auto, (max-width: 750px) 100vw, 750px\" \/><\/h6>\n<h6>Avenue Roosevelt, Ville de Mont-Royal, Franklin D. Roosevelt (1882\u20131945)<\/h6>\n<p>L\u2019autre Roosevelt, Franklin D, aussi appel\u00e9 FDR, est le 32e pr\u00e9sident du pays. Il est reconnu pour son <em>New Deal<\/em> qui a eu pour but de contrer la d\u00e9pression de 1929 et il est un personnage important de la Deuxi\u00e8me Guerre mondiale. C&rsquo;est celui-ci\u00a0qui sera\u00a0entra\u00een\u00e9 dans la 2e Grande Guerre suite \u00e0 l\u2019attaque sur Pearl Harbor par les Japonais. Il est \u00e9lu pour quatre mandats de 1933 \u00e0 1945 et il d\u00e9c\u00e8de durant le\u00a0dernier suite \u00e0 une longue maladie. Son vice-pr\u00e9sident et successeur, Truman sera celui qui appuiera sur le bouton rouge quelques mois plus tard.<\/p>\n<p>Voir cet odonyme dans les rues de Mont-Royal n\u2019est vraiment pas surprenant, TMR poss\u00e8de plusieurs noms de rues rappelant les grandes guerres et ses protagonistes. La bataille de Dunkirk, Winston Churchill et Bernard Law Montgomery n\u2019en sont que quelques exemples.<\/p>\n<h6><img loading=\"lazy\" decoding=\"async\" class=\"aligncenter size-full wp-image-4702\" src=\"https:\/\/proposmontreal.com\/wp-content\/uploads\/2017\/05\/truman.jpg\" alt=\"Harry Truman\" width=\"750\" height=\"300\" srcset=\"https:\/\/proposmontreal.com\/wp-content\/uploads\/2017\/05\/truman.jpg 750w, https:\/\/proposmontreal.com\/wp-content\/uploads\/2017\/05\/truman-150x60.jpg 150w, https:\/\/proposmontreal.com\/wp-content\/uploads\/2017\/05\/truman-300x120.jpg 300w\" sizes=\"auto, (max-width: 750px) 100vw, 750px\" \/><\/h6>\n<h6>Rue Truman, Arr. Verdun, Harry S. Truman (1884-1972)<\/h6>\n<p>Truman est certainement reconnu pour avoir mis fin \u00e0 la 2e Grande Guerre en autorisant les bombes atomiques sur Hiroshima et Nagasaki, tuant presque 200 000 personnes. Mais on lui doit aussi le Plan Marshall reconstruisant l\u2019Europe apr\u00e8s la guerre et il commande les \u00c9tats-Unis dans la guerre de Cor\u00e9e. En g\u00e9n\u00e9ral, ses deux mandats \u00e0 la t\u00eate du pays furent dans un moment o\u00f9 la guerre \u00e9tait une option viable.<\/p>\n<p>La rue Truman se trouve dans le quartier Crawford Park de Verdun, un quartier qui \u00e0 l\u2019\u00e9poque se voulait peu dispendieux et offrait l\u2019acc\u00e8s \u00e0 la propri\u00e9t\u00e9 aux anciens combattants de la 2e guerre mondiale. Le lien avec Truman, parall\u00e8le au parc Reine-\u00c9lizabeth n\u2019est donc pas vraiment surprenant.<\/p>\n<h6><img loading=\"lazy\" decoding=\"async\" class=\"aligncenter size-full wp-image-4703\" src=\"https:\/\/proposmontreal.com\/wp-content\/uploads\/2017\/05\/kennedy.jpg\" alt=\"JFK\" width=\"750\" height=\"300\" srcset=\"https:\/\/proposmontreal.com\/wp-content\/uploads\/2017\/05\/kennedy.jpg 750w, https:\/\/proposmontreal.com\/wp-content\/uploads\/2017\/05\/kennedy-150x60.jpg 150w, https:\/\/proposmontreal.com\/wp-content\/uploads\/2017\/05\/kennedy-300x120.jpg 300w\" sizes=\"auto, (max-width: 750px) 100vw, 750px\" \/><\/h6>\n<h6>John F. Kennedy (1917-1963)<\/h6>\n<p>Je ne vous dirais pas que j&rsquo;ai gard\u00e9 le meilleur pour la fin, mais je dois dire que Kennedy est plus que pr\u00e9sent dans la toponymie de la ville. la plupart d&rsquo;entre-vous connaissez son histoire et je n&rsquo;en ferais pas un grand r\u00e9cit ici. John Fitzgerald Kennedy fut asserment\u00e9 au poste de 35e pr\u00e9sident des \u00c9tats-Unis en 1961 apr\u00e8s sa victoire contre Richard Nixon aux \u00e9lections de 1960. Deux ans plus tard, le 22 novembre 1963, au moment que le cort\u00e8ge pr\u00e9sidentiel traverse les rues de Dallas, Lee Harvey Oswald assassine le pr\u00e9sident de la fen\u00eatre d&rsquo;un immeuble surplombant le parcours. Sa carri\u00e8re politique fut plus que prolifique, des r\u00e9ussites comme le lancement de la course vers l&rsquo;espace avec l&rsquo;URSS \u00e0 de cuisantes d\u00e9faites comme le d\u00e9barquement de la baie des Cochons contre Cuba. Et ce, passant par la guerre froide avec l&rsquo;Union Sovi\u00e9tique et le trait\u00e9 d&rsquo;interdiction partielle des essais nucl\u00e9aires. Int\u00e9ressant, comme Booth avec Lincoln et selon l&rsquo;agence douani\u00e8re am\u00e9ricaine, Oswald aurait pass\u00e9 quelques jours \u00e0 Montr\u00e9al quelques mois avant l&rsquo;assassinat de JFK pour distribuer des tracts pro-cubain.<\/p>\n<p>Dans notre toponymie, JFK c&rsquo;est l&rsquo;avenue du Pr\u00e9sident-Kennedy dans Ville-Marie, c&rsquo;est la rue John-F.-Kennedy \u00e0 LaSalle et la Place Kennedy dans Dorval. C&rsquo;est 18 autres odonymes partout dans la province en plus de la d\u00e9signation d&rsquo;une partie de la route 173. De retour \u00e0 Montr\u00e9al, on retrouve dans le quartier de St-Michel l&rsquo;\u00e9cole John F. Kennedy, une importante \u00e9cole secondaire pour la communaut\u00e9 anglophone de l&rsquo;\u00eele et un parc dans Outremont. Nous nous sommes s\u00e9rieusement demand\u00e9 pourquoi toute cette place laiss\u00e9e \u00e0 un pr\u00e9sident qui, malgr\u00e9 son importance pour les Am\u00e9ricains, n&rsquo;a vraiment rien eu comme connexion directe ou indirecte avec Montr\u00e9al.<\/p>\n<h6>Pourquoi tant d&rsquo;admiration alors?<\/h6>\n<p>Premier pr\u00e9sident \u00abt\u00e9l\u00e9vis\u00e9\u00bb si je peux le dire ainsi, \u00e9tant une des personnalit\u00e9s les plus marquantes du 20e si\u00e8cle, je comprends son importance. Je me suis tout de m\u00eame tourn\u00e9 vers la<a href=\"http:\/\/www.toponymie.gouv.qc.ca\/\"> Commission de Toponymie du Qu\u00e9bec<\/a> pour leur poser la question directement. ProposMontr\u00e9al a re\u00e7u une r\u00e9ponse tr\u00e8s int\u00e9ressante et tr\u00e8s rapide de M. Le Blanc, conseiller en relations publiques et porte-parole pour l&rsquo;organisme provincial. \u00abLa pr\u00e9sence de J.F. Kennedy dans la toponymie r\u00e9v\u00e8le l\u2019importance de cette personnalit\u00e9 politique dans la culture qu\u00e9b\u00e9coise des ann\u00e9es 1960. D\u2019origine irlandaise, JFK \u00e9tait le premier pr\u00e9sident catholique, caract\u00e9ristique importante dans un Qu\u00e9bec, encore religieux, des ann\u00e9es 1960. Il \u00e9tait per\u00e7u comme un politicien en marge de la politique traditionnelle. Les Am\u00e9ricains voyaient en lui celui qui allait r\u00e9former les droits civiques vers une meilleure justice sociale. Son assassinat a \u00e9t\u00e9 un \u00e9v\u00e9nement tragique pour toute une g\u00e9n\u00e9ration\u00bb.<\/p>\n<p><img loading=\"lazy\" decoding=\"async\" class=\"aligncenter size-full wp-image-4704\" src=\"https:\/\/proposmontreal.com\/wp-content\/uploads\/2017\/05\/kennedy-Dallas.jpg\" alt=\"Pr\u00e9sident Kennedy \u00e0 Dallas.\" width=\"750\" height=\"300\" srcset=\"https:\/\/proposmontreal.com\/wp-content\/uploads\/2017\/05\/kennedy-Dallas.jpg 750w, https:\/\/proposmontreal.com\/wp-content\/uploads\/2017\/05\/kennedy-Dallas-150x60.jpg 150w, https:\/\/proposmontreal.com\/wp-content\/uploads\/2017\/05\/kennedy-Dallas-300x120.jpg 300w\" sizes=\"auto, (max-width: 750px) 100vw, 750px\" \/><\/p>\n<p>Assassin\u00e9 le 22 novembre 1963, c&rsquo;est que quelques jours plus tard, le 4 d\u00e9cembre, que le gouvernement du Qu\u00e9bec adopte un arr\u00eat\u00e9 en conseil (no 2119) pour rappeler son souvenir dans la toponymie. Celle-ci se lit ainsi; \u00abAttendu que la mort brutale du jeune et brillant chef d\u2019\u00c9tat am\u00e9ricain, John F. Kennedy a vivement affect\u00e9 la population qu\u00e9b\u00e9coise; attendu qu\u2019il y a lieu de rappeler sa m\u00e9moire en donnant son nom \u00e0 la route L\u00e9vis-Jackman, qui est la voie la plus directe entre la capitale de la province et le lieu de naissance du Pr\u00e9sident Kennedy en Nouvelle-Angleterre, il est propos\u00e9 en cons\u00e9quence, sur la proposition du premier ministre: Que, en hommage \u00e0 la m\u00e9moire du Pr\u00e9sident John F. Kennedy, la route L\u00e9vis-Jackman soit d\u00e9sormais d\u00e9sign\u00e9e sous le nom de \u201cPr\u00e9sident-Kennedy\u201d\u00bb.<\/p>\n<p>Le 9 janvier 1964, \u00e0 Montr\u00e9al, le comit\u00e9 ex\u00e9cutif vote en faveur de nommer une nouvelle art\u00e8re actuellement en construction au nom du pr\u00e9sident. On peut lire dans La Presse du lendemain, \u00abPar suite d&rsquo;une d\u00e9cision prise hier apr\u00e8s-midi, par le comit\u00e9 ex\u00e9cutif de l&rsquo;h\u00f4tel de ville, il y a maintenant \u00e0 Montr\u00e9al une art\u00e8re baptis\u00e9e \u201cavenue du pr\u00e9sident Kennedy\u201d (appellation en fran\u00e7ais seulement). Ainsi a \u00e9t\u00e9 baptis\u00e9e la nouvelle<br \/>\nart\u00e8re en voie d&rsquo;am\u00e9nagement au nord des rues Ontario et Burnside, de la rue St-Urbain, vers l\u2019ouest, jusqu&rsquo;\u00e0 la rue Victoria\u00bb.<\/p>\n<p>Je suis convaincu suite \u00e0 cette lecture que Kennedy est probablement, de notre\u00a0liste de chefs d&rsquo;\u00e9tat, celui qui m\u00e9rite le plus son espace dans les rues de notre ville. Notons que Kennedy a visit\u00e9 Montr\u00e9al le 4 d\u00e9cembre 1953, alors S\u00e9nateur, celui-ci fait m\u00eame <a href=\"https:\/\/www.jfklibrary.org\/Research\/Research-Aids\/JFK-Speeches\/University-of-Montreal_19531204.aspx\">un discours<\/a> \u00e0 l&rsquo;Universit\u00e9 de Montr\u00e9al.<\/p>\n<h6>J&rsquo;ai oubli\u00e9 quelqu&rsquo;un?<\/h6>\n<p>Il y a bien la pr\u00e9sence des rues Clinton, Pierce ou Buchanan dans la ville de Montr\u00e9al et m\u00eame si ces noms pourraient aussi rappeler ceux\u00a0de pr\u00e9sidents am\u00e9ricains, elles furent toutes nomm\u00e9es en l&rsquo;honneur de personnalit\u00e9s locales. Dans l&rsquo;ouest, la ville de Pointe-Claire a deux rues aux noms de Jefferson et Jackson, mais je n\u2019ai pas \u00e9t\u00e9 en mesure de les lier \u00e0 Thomas Jefferson ou \u00e0 Andrew Jackson respectivement parce que personne de la ville a \u00e9t\u00e9 capable de r\u00e9pondre \u00e0 mes questions.<\/p>\n<p>\u00c0 la fin de l&rsquo;exercice, si ce n&rsquo;est qu&rsquo;ils \u00e9taient des hommes d&rsquo;\u00e9tat am\u00e9ricains, je n\u2019ai pas \u00e9t\u00e9 capable de comprendre enti\u00e8rement pourquoi ces personnages qui n\u2019ont jamais mis les pieds ici ont \u00e9t\u00e9 honor\u00e9s de cette fa\u00e7on. Autres \u00e9poques, autres m\u0153urs faut croire. Verra-t-on un autre pr\u00e9sident appara\u00eetre sur une plaque odonymique de Montr\u00e9al? J&rsquo;en doute, vous pouvez donc dormir tranquille, il n\u2019y aura fort probablement jamais d\u2019avenue Donald-Trump. Surtout avec cette pouss\u00e9e m\u00e9rit\u00e9e de la part de Toponymie Montr\u00e9al vers les noms f\u00e9minins, vous avez plus de chance de voir une rue au nom d\u2019Eleanor Roosevelt, de Barbara Bush ou de Michelle Obama qui \u00e0 leur mani\u00e8re ont aussi marqu\u00e9 l\u2019histoire en tant que premi\u00e8re dame et souvent plus que leur \u00e9poux.<\/p>\n<p><span style=\"font-size: 16px; font-family: Raleway, Arial, Helvetica, sans-serif; white-space: normal; word-spacing: 0px; text-transform: none; float: none; font-weight: normal; color: #4d4d4d; font-style: normal; orphans: 2; widows: 2; display: inline !important; letter-spacing: normal; background-color: #ffffff; text-indent: 0px; font-variant-ligatures: normal; font-variant-caps: normal; -webkit-text-stroke-width: 0px; text-decoration-style: initial; text-decoration-color: initial;\">Avez-vous une id\u00e9e de th\u00e8me toponymique que vous aimeriez que l&rsquo;on couvre? Faites-nous-en part sur nos diff\u00e9rents m\u00e9dias sociaux ou par courriel, ce sera un plaisir de prendre toutes vos suggestions en compte lors de notre prochaine chronique des rues de Montr\u00e9al.<\/span><\/p>\n","protected":false},"excerpt":{"rendered":"<p><span class=\"span-reading-time rt-reading-time\" style=\"display: block;\"><span class=\"rt-label rt-prefix\">Temps de lecture approximatif de<\/span> <span class=\"rt-time\"> 7<\/span> <span class=\"rt-label rt-postfix\">minutes<\/span><\/span>Le pr\u00e9sident des USA actuel faisant les manchettes sur une base r\u00e9guli\u00e8re, Est-il est possible de voir l&rsquo;influence de ses pr\u00e9d\u00e9cesseurs dans notre toponymie?<\/p>\n<div class=\"more-link-wrapper\"><a class=\"more-link\" href=\"https:\/\/proposmontreal.com\/index.php\/lavenue-donald-trump\/\">Pour lire l&#039;article&#8230;<span class=\"screen-reader-text\">L&rsquo;avenue du Pr\u00e9sident Donald-Trump?<\/span><\/a><\/div>\n","protected":false},"author":2,"featured_media":4694,"comment_status":"closed","ping_status":"closed","sticky":false,"template":"","format":"standard","meta":{"jetpack_post_was_ever_published":false,"_jetpack_newsletter_access":"","_jetpack_dont_email_post_to_subs":false,"_jetpack_newsletter_tier_id":0,"_jetpack_memberships_contains_paywalled_content":false,"_jetpack_memberships_contains_paid_content":false,"footnotes":""},"categories":[241],"tags":[1543,1544,1546,30,1542,1426,1545,1541],"class_list":["post-4678","post","type-post","status-publish","format-standard","has-post-thumbnail","hentry","category-toponymie","tag-donald-trum","tag-kennedy","tag-lincoln","tag-montreal","tag-president","tag-toponymie","tag-truman","tag-usa","excerpt","zoom","full-without-featured","even","excerpt-0"],"yoast_head":"<!-- This site is optimized with the Yoast SEO plugin v26.5 - https:\/\/yoast.com\/wordpress\/plugins\/seo\/ -->\n<title>L&#039;avenue Donald-Trump. Pr\u00e9sident dans notre toponymie<\/title>\n<meta name=\"description\" content=\"Le pr\u00e9sident des USA actuel faisant les manchettes sur une base r\u00e9guli\u00e8re, Il est possible de voir l&#039;influence de ses pr\u00e9d\u00e9cesseurs dans notre toponymie.\" \/>\n<meta name=\"robots\" content=\"index, follow, max-snippet:-1, max-image-preview:large, max-video-preview:-1\" \/>\n<link rel=\"canonical\" href=\"https:\/\/proposmontreal.com\/index.php\/lavenue-donald-trump\/\" \/>\n<meta property=\"og:locale\" content=\"fr_FR\" \/>\n<meta property=\"og:type\" content=\"article\" \/>\n<meta property=\"og:title\" content=\"L&#039;avenue Donald-Trump, est-ce une possibilit\u00e9?\" \/>\n<meta property=\"og:url\" content=\"https:\/\/proposmontreal.com\/index.php\/lavenue-donald-trump\/\" \/>\n<meta property=\"og:site_name\" content=\"ProposMontr\u00e9al\" \/>\n<meta property=\"article:publisher\" content=\"https:\/\/www.facebook.com\/proposmontreal\" \/>\n<meta property=\"article:author\" content=\"https:\/\/www.facebook.com\/proposmontreal\" \/>\n<meta property=\"article:published_time\" content=\"2017-05-03T00:59:40+00:00\" \/>\n<meta property=\"article:modified_time\" content=\"2022-07-15T16:11:54+00:00\" \/>\n<meta property=\"og:image\" content=\"https:\/\/proposmontreal.com\/wp-content\/uploads\/2017\/05\/facebook-donald-trump.jpg\" \/>\n\t<meta property=\"og:image:width\" content=\"1200\" \/>\n\t<meta property=\"og:image:height\" content=\"630\" \/>\n\t<meta property=\"og:image:type\" content=\"image\/jpeg\" \/>\n<meta name=\"author\" content=\"Martin B\u00e9rub\u00e9\" \/>\n<meta name=\"twitter:card\" content=\"summary_large_image\" \/>\n<meta name=\"twitter:title\" content=\"L&#039;avenue Donald-Trump, est-ce une possibilit\u00e9?\" \/>\n<meta name=\"twitter:description\" content=\"Le pr\u00e9sident des USA actuel faisant les manchettes sur une base r\u00e9guli\u00e8re, Est-il est possible de voir l&#039;influence de ses pr\u00e9d\u00e9cesseurs dans notre toponymie?\" \/>\n<meta name=\"twitter:image\" content=\"http:\/\/proposmontreal.com\/wp-content\/uploads\/2017\/05\/facebook-donald-trump.jpg\" \/>\n<meta name=\"twitter:creator\" content=\"@proposmontreal\" \/>\n<meta name=\"twitter:site\" content=\"@ProposMontreal\" \/>\n<meta name=\"twitter:label1\" content=\"\u00c9crit par\" \/>\n\t<meta name=\"twitter:data1\" content=\"Martin B\u00e9rub\u00e9\" \/>\n\t<meta name=\"twitter:label2\" content=\"Dur\u00e9e de lecture estim\u00e9e\" \/>\n\t<meta name=\"twitter:data2\" content=\"12 minutes\" \/>\n<script type=\"application\/ld+json\" class=\"yoast-schema-graph\">{\"@context\":\"https:\/\/schema.org\",\"@graph\":[{\"@type\":\"WebPage\",\"@id\":\"https:\/\/proposmontreal.com\/index.php\/lavenue-donald-trump\/\",\"url\":\"https:\/\/proposmontreal.com\/index.php\/lavenue-donald-trump\/\",\"name\":\"L'avenue Donald-Trump. Pr\u00e9sident dans notre toponymie\",\"isPartOf\":{\"@id\":\"https:\/\/proposmontreal.com\/#website\"},\"primaryImageOfPage\":{\"@id\":\"https:\/\/proposmontreal.com\/index.php\/lavenue-donald-trump\/#primaryimage\"},\"image\":{\"@id\":\"https:\/\/proposmontreal.com\/index.php\/lavenue-donald-trump\/#primaryimage\"},\"thumbnailUrl\":\"https:\/\/proposmontreal.com\/wp-content\/uploads\/2017\/05\/presidents-toponymie.jpg\",\"datePublished\":\"2017-05-03T00:59:40+00:00\",\"dateModified\":\"2022-07-15T16:11:54+00:00\",\"author\":{\"@id\":\"https:\/\/proposmontreal.com\/#\/schema\/person\/7d7acef09662dd8c0283a456e39b3254\"},\"description\":\"Le pr\u00e9sident des USA actuel faisant les manchettes sur une base r\u00e9guli\u00e8re, Il est possible de voir l'influence de ses pr\u00e9d\u00e9cesseurs dans notre toponymie.\",\"breadcrumb\":{\"@id\":\"https:\/\/proposmontreal.com\/index.php\/lavenue-donald-trump\/#breadcrumb\"},\"inLanguage\":\"fr-FR\",\"potentialAction\":[{\"@type\":\"ReadAction\",\"target\":[\"https:\/\/proposmontreal.com\/index.php\/lavenue-donald-trump\/\"]}]},{\"@type\":\"ImageObject\",\"inLanguage\":\"fr-FR\",\"@id\":\"https:\/\/proposmontreal.com\/index.php\/lavenue-donald-trump\/#primaryimage\",\"url\":\"https:\/\/proposmontreal.com\/wp-content\/uploads\/2017\/05\/presidents-toponymie.jpg\",\"contentUrl\":\"https:\/\/proposmontreal.com\/wp-content\/uploads\/2017\/05\/presidents-toponymie.jpg\",\"width\":1920,\"height\":900,\"caption\":\"Pr.\u00e9sident toponymie\"},{\"@type\":\"BreadcrumbList\",\"@id\":\"https:\/\/proposmontreal.com\/index.php\/lavenue-donald-trump\/#breadcrumb\",\"itemListElement\":[{\"@type\":\"ListItem\",\"position\":1,\"name\":\"Accueil\",\"item\":\"https:\/\/proposmontreal.com\/\"},{\"@type\":\"ListItem\",\"position\":2,\"name\":\"L&rsquo;avenue du Pr\u00e9sident Donald-Trump?\"}]},{\"@type\":\"WebSite\",\"@id\":\"https:\/\/proposmontreal.com\/#website\",\"url\":\"https:\/\/proposmontreal.com\/\",\"name\":\"ProposMontr\u00e9al\",\"description\":\"Histoire, Urbanisme, Architecture et Opinions.\",\"potentialAction\":[{\"@type\":\"SearchAction\",\"target\":{\"@type\":\"EntryPoint\",\"urlTemplate\":\"https:\/\/proposmontreal.com\/?s={search_term_string}\"},\"query-input\":{\"@type\":\"PropertyValueSpecification\",\"valueRequired\":true,\"valueName\":\"search_term_string\"}}],\"inLanguage\":\"fr-FR\"},{\"@type\":\"Person\",\"@id\":\"https:\/\/proposmontreal.com\/#\/schema\/person\/7d7acef09662dd8c0283a456e39b3254\",\"name\":\"Martin B\u00e9rub\u00e9\",\"image\":{\"@type\":\"ImageObject\",\"inLanguage\":\"fr-FR\",\"@id\":\"https:\/\/proposmontreal.com\/#\/schema\/person\/image\/\",\"url\":\"https:\/\/secure.gravatar.com\/avatar\/c584d9147b7b50bb9ff2edf1db3d93d38f22473bdde645a7942ee41f752cce3f?s=96&d=blank&r=g\",\"contentUrl\":\"https:\/\/secure.gravatar.com\/avatar\/c584d9147b7b50bb9ff2edf1db3d93d38f22473bdde645a7942ee41f752cce3f?s=96&d=blank&r=g\",\"caption\":\"Martin B\u00e9rub\u00e9\"},\"description\":\"Amoureux de Montr\u00e9al, fascin\u00e9 par l'histoire de la ville, son urbanisme et sa toponymie, ni historien ni sp\u00e9cialiste du sujet, Martin n'\u00e9tait m\u00eame pas n\u00e9 \u00e0 l'\u00e9poque de 99% des sujets discut\u00e9s de ce site. Il aime trouver des r\u00e9ponses aux questions qui sont pos\u00e9es. Les billets que vous lisez ne sont que les r\u00e9sultats de la qu\u00eate vers des r\u00e9ponses et le besoin de partager.\",\"sameAs\":[\"http:\/\/proposmontreal.com\",\"https:\/\/www.facebook.com\/proposmontreal\",\"https:\/\/x.com\/proposmontreal\"]}]}<\/script>\n<!-- \/ Yoast SEO plugin. -->","yoast_head_json":{"title":"L'avenue Donald-Trump. Pr\u00e9sident dans notre toponymie","description":"Le pr\u00e9sident des USA actuel faisant les manchettes sur une base r\u00e9guli\u00e8re, Il est possible de voir l'influence de ses pr\u00e9d\u00e9cesseurs dans notre toponymie.","robots":{"index":"index","follow":"follow","max-snippet":"max-snippet:-1","max-image-preview":"max-image-preview:large","max-video-preview":"max-video-preview:-1"},"canonical":"https:\/\/proposmontreal.com\/index.php\/lavenue-donald-trump\/","og_locale":"fr_FR","og_type":"article","og_title":"L'avenue Donald-Trump, est-ce une possibilit\u00e9?","og_url":"https:\/\/proposmontreal.com\/index.php\/lavenue-donald-trump\/","og_site_name":"ProposMontr\u00e9al","article_publisher":"https:\/\/www.facebook.com\/proposmontreal","article_author":"https:\/\/www.facebook.com\/proposmontreal","article_published_time":"2017-05-03T00:59:40+00:00","article_modified_time":"2022-07-15T16:11:54+00:00","og_image":[{"width":1200,"height":630,"url":"https:\/\/proposmontreal.com\/wp-content\/uploads\/2017\/05\/facebook-donald-trump.jpg","type":"image\/jpeg"}],"author":"Martin B\u00e9rub\u00e9","twitter_card":"summary_large_image","twitter_title":"L'avenue Donald-Trump, est-ce une possibilit\u00e9?","twitter_description":"Le pr\u00e9sident des USA actuel faisant les manchettes sur une base r\u00e9guli\u00e8re, Est-il est possible de voir l'influence de ses pr\u00e9d\u00e9cesseurs dans notre toponymie?","twitter_image":"http:\/\/proposmontreal.com\/wp-content\/uploads\/2017\/05\/facebook-donald-trump.jpg","twitter_creator":"@proposmontreal","twitter_site":"@ProposMontreal","twitter_misc":{"\u00c9crit par":"Martin B\u00e9rub\u00e9","Dur\u00e9e de lecture estim\u00e9e":"12 minutes"},"schema":{"@context":"https:\/\/schema.org","@graph":[{"@type":"WebPage","@id":"https:\/\/proposmontreal.com\/index.php\/lavenue-donald-trump\/","url":"https:\/\/proposmontreal.com\/index.php\/lavenue-donald-trump\/","name":"L'avenue Donald-Trump. Pr\u00e9sident dans notre toponymie","isPartOf":{"@id":"https:\/\/proposmontreal.com\/#website"},"primaryImageOfPage":{"@id":"https:\/\/proposmontreal.com\/index.php\/lavenue-donald-trump\/#primaryimage"},"image":{"@id":"https:\/\/proposmontreal.com\/index.php\/lavenue-donald-trump\/#primaryimage"},"thumbnailUrl":"https:\/\/proposmontreal.com\/wp-content\/uploads\/2017\/05\/presidents-toponymie.jpg","datePublished":"2017-05-03T00:59:40+00:00","dateModified":"2022-07-15T16:11:54+00:00","author":{"@id":"https:\/\/proposmontreal.com\/#\/schema\/person\/7d7acef09662dd8c0283a456e39b3254"},"description":"Le pr\u00e9sident des USA actuel faisant les manchettes sur une base r\u00e9guli\u00e8re, Il est possible de voir l'influence de ses pr\u00e9d\u00e9cesseurs dans notre toponymie.","breadcrumb":{"@id":"https:\/\/proposmontreal.com\/index.php\/lavenue-donald-trump\/#breadcrumb"},"inLanguage":"fr-FR","potentialAction":[{"@type":"ReadAction","target":["https:\/\/proposmontreal.com\/index.php\/lavenue-donald-trump\/"]}]},{"@type":"ImageObject","inLanguage":"fr-FR","@id":"https:\/\/proposmontreal.com\/index.php\/lavenue-donald-trump\/#primaryimage","url":"https:\/\/proposmontreal.com\/wp-content\/uploads\/2017\/05\/presidents-toponymie.jpg","contentUrl":"https:\/\/proposmontreal.com\/wp-content\/uploads\/2017\/05\/presidents-toponymie.jpg","width":1920,"height":900,"caption":"Pr.\u00e9sident toponymie"},{"@type":"BreadcrumbList","@id":"https:\/\/proposmontreal.com\/index.php\/lavenue-donald-trump\/#breadcrumb","itemListElement":[{"@type":"ListItem","position":1,"name":"Accueil","item":"https:\/\/proposmontreal.com\/"},{"@type":"ListItem","position":2,"name":"L&rsquo;avenue du Pr\u00e9sident Donald-Trump?"}]},{"@type":"WebSite","@id":"https:\/\/proposmontreal.com\/#website","url":"https:\/\/proposmontreal.com\/","name":"ProposMontr\u00e9al","description":"Histoire, Urbanisme, Architecture et Opinions.","potentialAction":[{"@type":"SearchAction","target":{"@type":"EntryPoint","urlTemplate":"https:\/\/proposmontreal.com\/?s={search_term_string}"},"query-input":{"@type":"PropertyValueSpecification","valueRequired":true,"valueName":"search_term_string"}}],"inLanguage":"fr-FR"},{"@type":"Person","@id":"https:\/\/proposmontreal.com\/#\/schema\/person\/7d7acef09662dd8c0283a456e39b3254","name":"Martin B\u00e9rub\u00e9","image":{"@type":"ImageObject","inLanguage":"fr-FR","@id":"https:\/\/proposmontreal.com\/#\/schema\/person\/image\/","url":"https:\/\/secure.gravatar.com\/avatar\/c584d9147b7b50bb9ff2edf1db3d93d38f22473bdde645a7942ee41f752cce3f?s=96&d=blank&r=g","contentUrl":"https:\/\/secure.gravatar.com\/avatar\/c584d9147b7b50bb9ff2edf1db3d93d38f22473bdde645a7942ee41f752cce3f?s=96&d=blank&r=g","caption":"Martin B\u00e9rub\u00e9"},"description":"Amoureux de Montr\u00e9al, fascin\u00e9 par l'histoire de la ville, son urbanisme et sa toponymie, ni historien ni sp\u00e9cialiste du sujet, Martin n'\u00e9tait m\u00eame pas n\u00e9 \u00e0 l'\u00e9poque de 99% des sujets discut\u00e9s de ce site. Il aime trouver des r\u00e9ponses aux questions qui sont pos\u00e9es. Les billets que vous lisez ne sont que les r\u00e9sultats de la qu\u00eate vers des r\u00e9ponses et le besoin de partager.","sameAs":["http:\/\/proposmontreal.com","https:\/\/www.facebook.com\/proposmontreal","https:\/\/x.com\/proposmontreal"]}]}},"jetpack_featured_media_url":"https:\/\/proposmontreal.com\/wp-content\/uploads\/2017\/05\/presidents-toponymie.jpg","jetpack_sharing_enabled":true,"_links":{"self":[{"href":"https:\/\/proposmontreal.com\/index.php\/wp-json\/wp\/v2\/posts\/4678","targetHints":{"allow":["GET"]}}],"collection":[{"href":"https:\/\/proposmontreal.com\/index.php\/wp-json\/wp\/v2\/posts"}],"about":[{"href":"https:\/\/proposmontreal.com\/index.php\/wp-json\/wp\/v2\/types\/post"}],"author":[{"embeddable":true,"href":"https:\/\/proposmontreal.com\/index.php\/wp-json\/wp\/v2\/users\/2"}],"replies":[{"embeddable":true,"href":"https:\/\/proposmontreal.com\/index.php\/wp-json\/wp\/v2\/comments?post=4678"}],"version-history":[{"count":3,"href":"https:\/\/proposmontreal.com\/index.php\/wp-json\/wp\/v2\/posts\/4678\/revisions"}],"predecessor-version":[{"id":5320,"href":"https:\/\/proposmontreal.com\/index.php\/wp-json\/wp\/v2\/posts\/4678\/revisions\/5320"}],"wp:featuredmedia":[{"embeddable":true,"href":"https:\/\/proposmontreal.com\/index.php\/wp-json\/wp\/v2\/media\/4694"}],"wp:attachment":[{"href":"https:\/\/proposmontreal.com\/index.php\/wp-json\/wp\/v2\/media?parent=4678"}],"wp:term":[{"taxonomy":"category","embeddable":true,"href":"https:\/\/proposmontreal.com\/index.php\/wp-json\/wp\/v2\/categories?post=4678"},{"taxonomy":"post_tag","embeddable":true,"href":"https:\/\/proposmontreal.com\/index.php\/wp-json\/wp\/v2\/tags?post=4678"}],"curies":[{"name":"wp","href":"https:\/\/api.w.org\/{rel}","templated":true}]}}