{"id":4627,"date":"2017-03-18T18:32:50","date_gmt":"2017-03-18T22:32:50","guid":{"rendered":"http:\/\/proposmontreal.com\/?p=4627"},"modified":"2022-07-15T12:12:12","modified_gmt":"2022-07-15T16:12:12","slug":"projets-pour-le-pont-champlain-et-le-silo-no5","status":"publish","type":"post","link":"https:\/\/proposmontreal.com\/index.php\/projets-pour-le-pont-champlain-et-le-silo-no5\/","title":{"rendered":"Projets pour le pont Champlain et le Silo n\u00ba5"},"content":{"rendered":"<span class=\"span-reading-time rt-reading-time\" style=\"display: block;\"><span class=\"rt-label rt-prefix\">Temps de lecture approximatif de<\/span> <span class=\"rt-time\"> 6<\/span> <span class=\"rt-label rt-postfix\">minutes<\/span><\/span><p>En 2014, au moment o\u00f9 les projets d\u00e9ferlaient sur la conf\u00e9rence <em>\u00ab Je vois MTL \u00bb<\/em> nous avions sugg\u00e9r\u00e9 sur le blogue deux id\u00e9es qui nous tenaient \u00e0 c\u0153ur \u00e0 ce moment-l\u00e0. <a href=\"https:\/\/proposmontreal.com\/index.php\/pm-voit-mtl\/\" target=\"_blank\" rel=\"noopener\">Nous avions propos\u00e9 ces id\u00e9es \u00e0 absolument personne<\/a>, sauf ceux et celles qui voulaient bien lire notre texte sur des projets qui pour nous auraient am\u00e9lior\u00e9 la ville dans son ensemble. Forc\u00e9 d\u2019admettre qu\u2019il y a des gens qui pensaient comme nous puisque le pont Jacques-Cartier a vu ses premiers tests d\u2019illumination au cours des derni\u00e8res semaines. L\u2019autre id\u00e9e que nous avions, la r\u00e9ouverture du restaurant \u00cele-de-France situ\u00e9 dans le mythique 9e \u00e9tage du Complexe les Ailes, qui \u00e0 l\u2019\u00e9poque \u00e9tait l\u2019Eaton du centre-ville. Pour ce dernier, je crois que c&rsquo;est toujours possible. <\/p>\n<p>2017, l&rsquo;ann\u00e9e du 375e est d\u00e9j\u00e0 bien remplie de projets, r\u00e9ussis ou non. (un rod\u00e9o, s\u00e9rieusement?) Nous nous permettons tout de m\u00eame de refaire cet exercice de 2014 et de vous proposer deux projets qui dans nos t\u00eates de r\u00eaveurs \u00e9ternels, pourraient se r\u00e9aliser au cours des prochaines ann\u00e9es.<\/p>\n<p><strong>La transformation du vieux Pont Champlain<\/strong><br \/>\nAlors que le nouveau Pont Champlain sort de l\u2019eau en parall\u00e8le \u00e0 son pr\u00e9d\u00e9cesseur, il y a peu de discussions sur l\u2019avenir de ce dernier qui vient de nous co\u00fbter rien de moins que 370 millions de dollars pour son renforcement. On ne se le cachera pas, le Pont Champlain a mauvaise mine. Je ne suis pas ing\u00e9nieur, mais quand tous les professionnels qui touchent de loin ou de pr\u00eat \u00e0 sa structure nous affirment que le pont est dangereux, je crois qu\u2019il n\u2019y a pas de th\u00e9orie du complot ici. On parle du pont le plus occup\u00e9 du Canada avec autour de 150 000 v\u00e9hicules qui y circulent chaque jour, comme disaient nos parents, \u00e7a fait du monde \u00e0 messe \u00e7a! Or voil\u00e0, pourquoi ne pas transformer cette d\u00e9pense en investissement?<\/p>\n<div align=\"center\">\n<figure id=\"attachment_4634\" aria-describedby=\"caption-attachment-4634\" style=\"width: 800px\" class=\"wp-caption aligncenter\"><a href=\"https:\/\/proposmontreal.com\/wp-content\/uploads\/2017\/03\/champlain.jpg\"><img loading=\"lazy\" decoding=\"async\" src=\"https:\/\/proposmontreal.com\/wp-content\/uploads\/2017\/03\/champlain.jpg\" alt=\"\" width=\"800\" height=\"450\" class=\"size-full wp-image-4634\" srcset=\"https:\/\/proposmontreal.com\/wp-content\/uploads\/2017\/03\/champlain.jpg 800w, https:\/\/proposmontreal.com\/wp-content\/uploads\/2017\/03\/champlain-150x84.jpg 150w, https:\/\/proposmontreal.com\/wp-content\/uploads\/2017\/03\/champlain-300x169.jpg 300w, https:\/\/proposmontreal.com\/wp-content\/uploads\/2017\/03\/champlain-768x432.jpg 768w\" sizes=\"auto, (max-width: 800px) 100vw, 800px\" \/><\/a><figcaption id=\"caption-attachment-4634\" class=\"wp-caption-text\">Dernier treillis de renforcement du pont Champlain<br \/>Photo: PJCCI<\/figcaption><\/figure>\n<\/div>\n<p>L\u2019id\u00e9e n\u2019est pas nouvelle et a \u00e9t\u00e9 lanc\u00e9e \u00e0 qui veut bien l\u2019entendre \u00e0 quelques reprises. Pourquoi ne pas transformer le lien entre Montr\u00e9al et la Rive-Sud en un espace public. Le sel et le calcium sont les facteurs principaux \u00e0 la d\u00e9gradation de Champlain. Ajouter \u00e0 \u00e7a la grande quantit\u00e9 de passages routiers, la multiplication des autobus suite \u00e0 l\u2019\u00e9talement urbain et les vibrations des camions encore plus fr\u00e9quents dans ce corridor vers les \u00c9tats-Unis et cela vous donne beaucoup de raisons pour \u00e9riger un nouveau pont qui rencontre toutes les normes de s\u00e9curit\u00e9. Enlevez tout \u00e7a, qu\u2019est-ce qui vous reste? Ce n\u2019est pas la pr\u00e9sence d\u2019un peu de verdure, de quelques centaines de cyclistes et de pi\u00e9tons qui mettraient la vie de la structure en danger? Le Saint Graal pour plusieurs urbanistes est le fameux High Line Park de New York qui a transform\u00e9 une partie de la ligne ferroviaire sur\u00e9lev\u00e9e West Side en parc lin\u00e9aire. \u00c0 chaque projet de verdissement, les autorit\u00e9s adorent lancer le \u00ab High Line Park \u00bb comme un mot cl\u00e9, un genre de terme \u00e0 la mode, un mot branch\u00e9 qui pour une raison ou une autre est le point \u00e0 atteindre lors d\u2019un nouvel espace public. <\/p>\n<div align=\"center\">\n<figure id=\"attachment_4632\" aria-describedby=\"caption-attachment-4632\" style=\"width: 800px\" class=\"wp-caption aligncenter\"><a href=\"https:\/\/proposmontreal.com\/wp-content\/uploads\/2017\/03\/highlinepark.jpg\"><img loading=\"lazy\" decoding=\"async\" src=\"https:\/\/proposmontreal.com\/wp-content\/uploads\/2017\/03\/highlinepark.jpg\" alt=\"\" width=\"800\" height=\"468\" class=\"size-full wp-image-4632\" srcset=\"https:\/\/proposmontreal.com\/wp-content\/uploads\/2017\/03\/highlinepark.jpg 800w, https:\/\/proposmontreal.com\/wp-content\/uploads\/2017\/03\/highlinepark-150x88.jpg 150w, https:\/\/proposmontreal.com\/wp-content\/uploads\/2017\/03\/highlinepark-300x176.jpg 300w, https:\/\/proposmontreal.com\/wp-content\/uploads\/2017\/03\/highlinepark-768x449.jpg 768w\" sizes=\"auto, (max-width: 800px) 100vw, 800px\" \/><\/a><figcaption id=\"caption-attachment-4632\" class=\"wp-caption-text\">High Line Park, New York<\/figcaption><\/figure>\n<\/div>\n<p>Imaginez un parc lin\u00e9aire entre Verdun et Brossard avec des stationnements payants sur les deux rives ayant acc\u00e8s \u00e0 la piste cyclable existante qui se rend d\u00e9j\u00e0 \u00e0 l\u2019\u00eele des S\u0153urs. En plus, il faut avouer qu\u2019il manque \u00e9norm\u00e9ment de liens cyclables au-dessus du St-Laurent. Avec la piste du Pont Jacques-Cartier ferm\u00e9e quatre mois sur douze, celle du Pont Champlain pourrait \u00eatre ouverte \u00e0 l\u2019ann\u00e9e. Imaginez des \u00e9v\u00e9nements comme le D\u00eener en Blanc avoir lieu sur le tablier, ou bien un concert gratuit sur la structure principale? Si le poids moyen d\u2019une voiture est de 1 400 kg, \u00e7a fait beaucoup de gens qui peuvent profiter de cet espace avant de tomber dans la limite du dangereux. Quelques cl\u00f4tures anti-suicide comme celles de Jacques-Cartier viendraient s\u00e9curiser le tout sans emp\u00eacher de regarder les bateaux d\u00e9ambuler sous nos pieds dans la voie maritime. \u00c0 l\u2019extr\u00eame, installons une passerelle de verres pour les plus t\u00e9m\u00e9raires d\u2019entre nous. Les possibilit\u00e9s sont tellement grandes que l\u2019id\u00e9e doit d\u00e9j\u00e0 germer dans la t\u00eate d\u2019une personne qui a les moyens politiques et la force d\u2019\u00eatre \u00e9cout\u00e9e \u00e0 quelques parts. <\/p>\n<div align=\"center\">\n<figure id=\"attachment_4630\" aria-describedby=\"caption-attachment-4630\" style=\"width: 615px\" class=\"wp-caption aligncenter\"><a href=\"https:\/\/proposmontreal.com\/wp-content\/uploads\/2017\/03\/projetpontvert.jpg\"><img loading=\"lazy\" decoding=\"async\" src=\"https:\/\/proposmontreal.com\/wp-content\/uploads\/2017\/03\/projetpontvert.jpg\" alt=\"\" width=\"615\" height=\"504\" class=\"size-full wp-image-4630\" srcset=\"https:\/\/proposmontreal.com\/wp-content\/uploads\/2017\/03\/projetpontvert.jpg 615w, https:\/\/proposmontreal.com\/wp-content\/uploads\/2017\/03\/projetpontvert-150x123.jpg 150w, https:\/\/proposmontreal.com\/wp-content\/uploads\/2017\/03\/projetpontvert-300x246.jpg 300w\" sizes=\"auto, (max-width: 615px) 100vw, 615px\" \/><\/a><figcaption id=\"caption-attachment-4630\" class=\"wp-caption-text\">Image tir\u00e9e de la page <a href=\"https:\/\/www.facebook.com\/PontChamplainPourUnCorridorVertSureleve\/\" target=\"_blank\" rel=\"noopener\">Facebook Pont Champlain &#8211; Pour un corridor vert sur\u00e9lev\u00e9<\/a><\/figcaption><\/figure>\n<\/div>\n<p><a href=\"https:\/\/www.facebook.com\/PontChamplainPourUnCorridorVertSureleve\/\" target=\"_blank\" rel=\"noopener\">Une page Facebook<\/a> a \u00e9t\u00e9 cr\u00e9\u00e9e voil\u00e0 quelques ann\u00e9es sans grand succ\u00e8s. Je dois avouer que les \u00e9vocations m\u2019ont grandement aid\u00e9 \u00e0 me faire une id\u00e9e visuelle de ce qu\u2019aurait l\u2019air un tel espace public. Je ne fais que m\u2019imaginer un grand espace, avec peut-\u00eatre un casse-cro\u00fbte \u00e0 mi-chemin, quelques machines distributrices, un peu comme on peut voir dans la portion ouest du Vieux-Port. M\u00eame si je cris plus une installation municipale, le pont lui, est f\u00e9d\u00e9ral. Cela pourrait alors \u00eatre g\u00e9r\u00e9 par Parcs Canada comme ils le font avec succ\u00e8s pour le parc du Canal Lachine par exemple. Je sais, j\u2019ai s\u00fbrement manqu\u00e9 des bouts, mais rien ne m\u2019emp\u00eache de r\u00eaver un peu. Ayant grandi dans l\u2019ombre du Pont Champlain, voir cette structure dispara\u00eetre serait pour moi comme la perte d\u2019un ami.<\/p>\n<p><strong>Un centre de ski int\u00e9rieur<\/strong><br \/>\nOn parle souvent de notre nordicit\u00e9 et \u00e0 voir la temp\u00e9rature en ce moment, Montr\u00e9al n\u2019a pas totalement perdu la sienne. Beaucoup de r\u00e9sidents ont finalement embrass\u00e9 cette longue saison. Le ski de fond est de plus en plus pr\u00e9sent sur les rives des rapides de Lachine et ce de Verdun \u00e0 Dorval. La raquette reprend une grande popularit\u00e9 et Montr\u00e9al est un hub du v\u00e9lo d\u2019hiver. De plus, les gens se d\u00e9placent en grand nombre dans les diff\u00e9rentes montagnes de la Mont\u00e9r\u00e9gie ou des Laurentides pour aller faire du ski alpin. Ajoutons \u00e0 \u00e7a note touche personnelle avec des festivals comme Montr\u00e9al en Lumi\u00e8re et l\u2019Igloofest qui font aussi sortir les gens par temps froids, Montr\u00e9al est une vraie ville hivernale, difficile de le cacher. Si les snowbirds font leurs migrations annuelles pour aller d\u00e9penser leur argent du c\u00f4t\u00e9 de Donald Trump, plusieurs d\u2019entre nous reprennent go\u00fbt \u00e0 l\u2019hiver. C\u2019est avec \u00e7a en t\u00eate que je me demande pourquoi je ne peux pas pratiquer mon sport d\u2019hiver pr\u00e9f\u00e9r\u00e9 \u00e0 longueur d\u2019ann\u00e9e. Le hockey et autres sports de glace sont disponible douze mois par ann\u00e9e, pourquoi pas le ski alpin?<\/p>\n<div align=\"center\">\n<figure id=\"attachment_4635\" aria-describedby=\"caption-attachment-4635\" style=\"width: 770px\" class=\"wp-caption aligncenter\"><a href=\"https:\/\/proposmontreal.com\/wp-content\/uploads\/2017\/03\/SNEZhcom_Krasnogorsk.jpg\"><img loading=\"lazy\" decoding=\"async\" src=\"https:\/\/proposmontreal.com\/wp-content\/uploads\/2017\/03\/SNEZhcom_Krasnogorsk.jpg\" alt=\"\" width=\"770\" height=\"513\" class=\"size-full wp-image-4635\" srcset=\"https:\/\/proposmontreal.com\/wp-content\/uploads\/2017\/03\/SNEZhcom_Krasnogorsk.jpg 770w, https:\/\/proposmontreal.com\/wp-content\/uploads\/2017\/03\/SNEZhcom_Krasnogorsk-150x100.jpg 150w, https:\/\/proposmontreal.com\/wp-content\/uploads\/2017\/03\/SNEZhcom_Krasnogorsk-300x200.jpg 300w, https:\/\/proposmontreal.com\/wp-content\/uploads\/2017\/03\/SNEZhcom_Krasnogorsk-768x512.jpg 768w\" sizes=\"auto, (max-width: 770px) 100vw, 770px\" \/><\/a><figcaption id=\"caption-attachment-4635\" class=\"wp-caption-text\">Centre de Ski \u00e0 Krasnogorsk (Moscou)<\/figcaption><\/figure>\n<\/div>\n<p>Pour ma prochaine id\u00e9e, je vous apporte donc dans le petit monde des pistes de ski int\u00e9rieures. Si vous ne le savez pas encore, il existe une vingtaine de ces centres de ski partout dans le monde, mais pas ici! Je n\u2019ai pas fait une recherche extr\u00eame sur le sujet, mais les plus connues sont surtout \u00e0 Duba\u00ef parce que pendant qu\u2019il fait 40\u00b0C \u00e0 l\u2019ext\u00e9rieur, il est possible de skier \u00e0 l\u2019int\u00e9rieur d\u2019un centre d\u2019achat sur cinq pistes, dont une de 400m. Ce n\u2019est pas tr\u00e8s long, je vous l\u2019accorde, mais pour pratiquer ce sport \u00e0 longueur d\u2019ann\u00e9e, c\u2019est pas mal. (Attention, avertissement de sarcasme.) Un pays reconnu pour son ski est s\u00fbrement l\u2019Angleterre qui poss\u00e8de cinq de ces centres sportifs, dont la plus longue piste a 180m. Nomm\u00e9 Chill Factore (oui, avec un e), l\u2019\u00e9tablissement offre en plus du ski, de la glisse sur tube et des murs pour l\u2019escalade. Les Pays-Bas ont six de ces centres et il est aussi possible d\u2019en trouver en Russie, en Espagne, en Allemagne et au Japon. En France on retrouve, avec un nom tr\u00e8s fran\u00e7ais, Le Snow Hall avec, comme dit la publicit\u00e9 ci-bas, l\u2019unique piste indoor de France, avec 620m de long. <\/p>\n<div align=\"center\">\n<iframe loading=\"lazy\" width=\"853\" height=\"480\" src=\"https:\/\/www.youtube.com\/embed\/qM_aes5uB_k?rel=0&amp;showinfo=0\" frameborder=\"0\" allowfullscreen><\/iframe>\n<\/div>\n<p>Vous \u00eates r\u00eaveur? Alors, tenez-vous bien, je vous apporte dans une id\u00e9e loufoque, mais \u00f4 combien convaincante. Pourquoi ne pas construire un centre sportif avec pistes de ski int\u00e9rieures, murs d\u2019escalade, patinoire int\u00e9rieure et autres activit\u00e9s hivernales directement sur le quai de la Pointe-du-Moulin o\u00f9 est actuellement le Silo n\u00ba5? Nous avons la hauteur et la longueur, entre la pointe du quai et son plus proche voisin important (ADM), il y a presque 700m. Bien s\u00fbr, il y a quelques entrep\u00f4ts en piteux \u00e9tat, mais ne sommes-nous pas \u00e0 une expropriation pr\u00eate? J\u2019exag\u00e8re, je sais, mais l\u2019endroit reste int\u00e9ressant. \u00c7a redonnerait <a href=\"https:\/\/proposmontreal.com\/index.php\/le-silo-a-grain-no-5\/\" target=\"_blank\" rel=\"noopener\">la nouvelle vie \u00e0 l\u2019ancien \u00e9l\u00e9vateur<\/a> tant attendue et nous pourrions profiter de sa pr\u00e9sence comme un attrait public. Si cet \u00e9t\u00e9 Parcs Canada, propri\u00e9taire du terrain, a d\u00e9cid\u00e9 de placer un camping de luxe avec le <a href=\"https:\/\/www.villagedesecluses.com\/\" target=\"_blank\" rel=\"noopener\">Village des \u00c9cluses<\/a>, l\u2019acc\u00e8s aux sports est la prochaine \u00e9tape logique et viendrait ajouter une offre touristique importante \u00e0 la ville. <\/p>\n<div align=\"center\">\n<a href=\"https:\/\/proposmontreal.com\/wp-content\/uploads\/2016\/04\/silo_no5.jpg\"><img loading=\"lazy\" decoding=\"async\" src=\"https:\/\/proposmontreal.com\/wp-content\/uploads\/2016\/04\/silo_no5.jpg\" alt=\"\" width=\"1024\" height=\"683\" class=\"aligncenter size-full wp-image-4159\" srcset=\"https:\/\/proposmontreal.com\/wp-content\/uploads\/2016\/04\/silo_no5.jpg 1024w, https:\/\/proposmontreal.com\/wp-content\/uploads\/2016\/04\/silo_no5-150x100.jpg 150w, https:\/\/proposmontreal.com\/wp-content\/uploads\/2016\/04\/silo_no5-300x200.jpg 300w, https:\/\/proposmontreal.com\/wp-content\/uploads\/2016\/04\/silo_no5-768x512.jpg 768w, https:\/\/proposmontreal.com\/wp-content\/uploads\/2016\/04\/silo_no5-525x350.jpg 525w\" sizes=\"auto, (max-width: 1024px) 100vw, 1024px\" \/><\/a>\n<\/div>\n<p>Vous avez s\u00fbrement remarqu\u00e9 que je rigole un peu, mais je suis quand m\u00eame s\u00e9rieux quand j\u2019affirme que ce serait un emplacement parfait pour ce genre de centre touristique. Autre avantage, cela pourrait permettre \u00e0 nos skieurs acrobatiques de peut-\u00eatre pratiquer 12 mois par ann\u00e9e \u00e0 la maison, l\u2019hiver sur les montagnes et l\u2019\u00e9t\u00e9 \u00e0 l\u2019int\u00e9rieur, \u00e0 Montr\u00e9al. Apr\u00e8s tout, nous avons parmi les meilleurs au monde, \u00e7a serait plus qu\u2019int\u00e9ressant de les regarder s\u2019entra\u00eener durant les p\u00e9riodes o\u00f9 il n\u2019y a pas de comp\u00e9titions internationales. Ajout\u00e9 \u00e0 \u00e7a des camps de jour pendant les mois de rel\u00e2che scolaire, des salles de r\u00e9ceptions pour \u00e9v\u00e9nements sp\u00e9ciaux et vous avez sur les mains une machine \u00e0 imprimer de l\u2019argent (mani\u00e8re de parler.)<\/p>\n<p>Ces deux \u00ab projets \u00bb sont bien s\u00fbr que des id\u00e9es d\u2019un r\u00eaveur qui aime Montr\u00e9al et souhaite de tout son c\u0153ur voir la ville am\u00e9liorer son offre touristique. Si l\u2019ann\u00e9e derni\u00e8re plus de 10 000 000 de touristes sont venus nous visiter (<a href=\"http:\/\/www.lapresse.ca\/actualites\/montreal\/201703\/14\/01-5078518-montreal-croissance-de-35-du-tourisme-en-2016.php\" target=\"_blank\" rel=\"noopener\">source<\/a>), un superbe parc unique sur Champlain et un centre sportif hivernal en pleine zone touristique seraient dans le r\u00e8gne du possible. Je ne suis pas les capacit\u00e9s pour savoir si tout \u00e7a est faisable et je n\u2019ai pas les moyens financiers d\u2019un Alexandre Taillefer alors, qui sait ce qui peut se passer. J\u2019aime partager mes id\u00e9es comme celles-ci, en 2008, sur le forum MTLurb o\u00f9 j\u2019avais fait part de mon id\u00e9e de taxis \u00e9lectriques (<a href=\"http:\/\/www.mtlurb.com\/forums\/l-actualit-current-events\/14044-une-signature-visuelle-les-taxis-2.html#post37582\" target=\"_blank\" rel=\"noopener\">vous pouvez lire le texte ici<\/a>). Je ne dis pas que je suis la seule personne \u00e0 y avoir pens\u00e9, mais vous verrez les similitudes avec l\u2019aventure qu\u2019est T\u00e9o Taxi. C&rsquo;est en lan\u00e7ant des id\u00e9es comme celles que vous avez lues aujourd\u2019hui, que peut-\u00eatre quelqu\u2019un qui a les moyens et les bonnes connexions pourrait prendre la balle au rebond et courir avec, tout \u00e7a, pour am\u00e9liorer notre ville.<\/p>\n","protected":false},"excerpt":{"rendered":"<p><span class=\"span-reading-time rt-reading-time\" style=\"display: block;\"><span class=\"rt-label rt-prefix\">Temps de lecture approximatif de<\/span> <span class=\"rt-time\"> 6<\/span> <span class=\"rt-label rt-postfix\">minutes<\/span><\/span>Un parc lin\u00e9aire sur le vieux pont Champlain et une piste de ski int\u00e9rieur pour mousser l&rsquo;offre touristique montr\u00e9alaise. <\/p>\n<div class=\"more-link-wrapper\"><a class=\"more-link\" href=\"https:\/\/proposmontreal.com\/index.php\/projets-pour-le-pont-champlain-et-le-silo-no5\/\">Pour lire l&#039;article&#8230;<span class=\"screen-reader-text\">Projets pour le pont Champlain et le Silo n\u00ba5<\/span><\/a><\/div>\n","protected":false},"author":2,"featured_media":4635,"comment_status":"closed","ping_status":"closed","sticky":false,"template":"","format":"standard","meta":{"jetpack_post_was_ever_published":false,"_jetpack_newsletter_access":"","_jetpack_dont_email_post_to_subs":true,"_jetpack_newsletter_tier_id":0,"_jetpack_memberships_contains_paywalled_content":false,"_jetpack_memberships_contains_paid_content":false,"footnotes":""},"categories":[1723],"tags":[521,1537,474,249,697,1536,700],"class_list":["post-4627","post","type-post","status-publish","format-standard","has-post-thumbnail","hentry","category-opinion","tag-champlain","tag-interieur","tag-pont","tag-projets","tag-silo","tag-ski","tag-vieux-ports","excerpt","zoom","full-without-featured","even","excerpt-0"],"yoast_head":"<!-- This site is optimized with the Yoast SEO plugin v26.5 - https:\/\/yoast.com\/wordpress\/plugins\/seo\/ -->\n<title>Projets pour le pont Champlain et le Silo n\u00ba5<\/title>\n<meta name=\"description\" content=\"Un parc lin\u00e9aire sur le vieux pont Champlain et une piste de ski int\u00e9rieur pour mousser l&#039;offre touristique montr\u00e9alaise.\" \/>\n<meta name=\"robots\" content=\"index, follow, max-snippet:-1, max-image-preview:large, max-video-preview:-1\" \/>\n<link rel=\"canonical\" href=\"https:\/\/proposmontreal.com\/index.php\/projets-pour-le-pont-champlain-et-le-silo-no5\/\" \/>\n<meta property=\"og:locale\" content=\"fr_FR\" \/>\n<meta property=\"og:type\" content=\"article\" \/>\n<meta property=\"og:title\" content=\"Projets pour le pont Champlain et le Silo n\u00ba5\" \/>\n<meta property=\"og:url\" content=\"https:\/\/proposmontreal.com\/index.php\/projets-pour-le-pont-champlain-et-le-silo-no5\/\" \/>\n<meta property=\"og:site_name\" content=\"ProposMontr\u00e9al\" \/>\n<meta property=\"article:publisher\" content=\"https:\/\/www.facebook.com\/proposmontreal\" \/>\n<meta property=\"article:author\" content=\"https:\/\/www.facebook.com\/proposmontreal\" \/>\n<meta property=\"article:published_time\" content=\"2017-03-18T22:32:50+00:00\" \/>\n<meta property=\"article:modified_time\" content=\"2022-07-15T16:12:12+00:00\" \/>\n<meta property=\"og:image\" content=\"https:\/\/proposmontreal.com\/wp-content\/uploads\/2017\/03\/SNEZhcom_Krasnogorsk.jpg\" \/>\n\t<meta property=\"og:image:width\" content=\"770\" \/>\n\t<meta property=\"og:image:height\" content=\"513\" \/>\n\t<meta property=\"og:image:type\" content=\"image\/jpeg\" \/>\n<meta name=\"author\" content=\"Martin B\u00e9rub\u00e9\" \/>\n<meta name=\"twitter:card\" content=\"summary_large_image\" \/>\n<meta name=\"twitter:creator\" content=\"@proposmontreal\" \/>\n<meta name=\"twitter:site\" content=\"@ProposMontreal\" \/>\n<meta name=\"twitter:label1\" content=\"\u00c9crit par\" \/>\n\t<meta name=\"twitter:data1\" content=\"Martin B\u00e9rub\u00e9\" \/>\n\t<meta name=\"twitter:label2\" content=\"Dur\u00e9e de lecture estim\u00e9e\" \/>\n\t<meta name=\"twitter:data2\" content=\"10 minutes\" \/>\n<script type=\"application\/ld+json\" class=\"yoast-schema-graph\">{\"@context\":\"https:\/\/schema.org\",\"@graph\":[{\"@type\":\"WebPage\",\"@id\":\"https:\/\/proposmontreal.com\/index.php\/projets-pour-le-pont-champlain-et-le-silo-no5\/\",\"url\":\"https:\/\/proposmontreal.com\/index.php\/projets-pour-le-pont-champlain-et-le-silo-no5\/\",\"name\":\"Projets pour le pont Champlain et le Silo n\u00ba5\",\"isPartOf\":{\"@id\":\"https:\/\/proposmontreal.com\/#website\"},\"primaryImageOfPage\":{\"@id\":\"https:\/\/proposmontreal.com\/index.php\/projets-pour-le-pont-champlain-et-le-silo-no5\/#primaryimage\"},\"image\":{\"@id\":\"https:\/\/proposmontreal.com\/index.php\/projets-pour-le-pont-champlain-et-le-silo-no5\/#primaryimage\"},\"thumbnailUrl\":\"https:\/\/proposmontreal.com\/wp-content\/uploads\/2017\/03\/SNEZhcom_Krasnogorsk.jpg\",\"datePublished\":\"2017-03-18T22:32:50+00:00\",\"dateModified\":\"2022-07-15T16:12:12+00:00\",\"author\":{\"@id\":\"https:\/\/proposmontreal.com\/#\/schema\/person\/7d7acef09662dd8c0283a456e39b3254\"},\"description\":\"Un parc lin\u00e9aire sur le vieux pont Champlain et une piste de ski int\u00e9rieur pour mousser l'offre touristique montr\u00e9alaise.\",\"breadcrumb\":{\"@id\":\"https:\/\/proposmontreal.com\/index.php\/projets-pour-le-pont-champlain-et-le-silo-no5\/#breadcrumb\"},\"inLanguage\":\"fr-FR\",\"potentialAction\":[{\"@type\":\"ReadAction\",\"target\":[\"https:\/\/proposmontreal.com\/index.php\/projets-pour-le-pont-champlain-et-le-silo-no5\/\"]}]},{\"@type\":\"ImageObject\",\"inLanguage\":\"fr-FR\",\"@id\":\"https:\/\/proposmontreal.com\/index.php\/projets-pour-le-pont-champlain-et-le-silo-no5\/#primaryimage\",\"url\":\"https:\/\/proposmontreal.com\/wp-content\/uploads\/2017\/03\/SNEZhcom_Krasnogorsk.jpg\",\"contentUrl\":\"https:\/\/proposmontreal.com\/wp-content\/uploads\/2017\/03\/SNEZhcom_Krasnogorsk.jpg\",\"width\":770,\"height\":513,\"caption\":\"Centre de Ski \u00e0 Krasnogorsk (Moscou)\"},{\"@type\":\"BreadcrumbList\",\"@id\":\"https:\/\/proposmontreal.com\/index.php\/projets-pour-le-pont-champlain-et-le-silo-no5\/#breadcrumb\",\"itemListElement\":[{\"@type\":\"ListItem\",\"position\":1,\"name\":\"Accueil\",\"item\":\"https:\/\/proposmontreal.com\/\"},{\"@type\":\"ListItem\",\"position\":2,\"name\":\"Projets pour le pont Champlain et le Silo n\u00ba5\"}]},{\"@type\":\"WebSite\",\"@id\":\"https:\/\/proposmontreal.com\/#website\",\"url\":\"https:\/\/proposmontreal.com\/\",\"name\":\"ProposMontr\u00e9al\",\"description\":\"Histoire, Urbanisme, Architecture et Opinions.\",\"potentialAction\":[{\"@type\":\"SearchAction\",\"target\":{\"@type\":\"EntryPoint\",\"urlTemplate\":\"https:\/\/proposmontreal.com\/?s={search_term_string}\"},\"query-input\":{\"@type\":\"PropertyValueSpecification\",\"valueRequired\":true,\"valueName\":\"search_term_string\"}}],\"inLanguage\":\"fr-FR\"},{\"@type\":\"Person\",\"@id\":\"https:\/\/proposmontreal.com\/#\/schema\/person\/7d7acef09662dd8c0283a456e39b3254\",\"name\":\"Martin B\u00e9rub\u00e9\",\"image\":{\"@type\":\"ImageObject\",\"inLanguage\":\"fr-FR\",\"@id\":\"https:\/\/proposmontreal.com\/#\/schema\/person\/image\/\",\"url\":\"https:\/\/secure.gravatar.com\/avatar\/c584d9147b7b50bb9ff2edf1db3d93d38f22473bdde645a7942ee41f752cce3f?s=96&d=blank&r=g\",\"contentUrl\":\"https:\/\/secure.gravatar.com\/avatar\/c584d9147b7b50bb9ff2edf1db3d93d38f22473bdde645a7942ee41f752cce3f?s=96&d=blank&r=g\",\"caption\":\"Martin B\u00e9rub\u00e9\"},\"description\":\"Amoureux de Montr\u00e9al, fascin\u00e9 par l'histoire de la ville, son urbanisme et sa toponymie, ni historien ni sp\u00e9cialiste du sujet, Martin n'\u00e9tait m\u00eame pas n\u00e9 \u00e0 l'\u00e9poque de 99% des sujets discut\u00e9s de ce site. Il aime trouver des r\u00e9ponses aux questions qui sont pos\u00e9es. Les billets que vous lisez ne sont que les r\u00e9sultats de la qu\u00eate vers des r\u00e9ponses et le besoin de partager.\",\"sameAs\":[\"http:\/\/proposmontreal.com\",\"https:\/\/www.facebook.com\/proposmontreal\",\"https:\/\/x.com\/proposmontreal\"]}]}<\/script>\n<!-- \/ Yoast SEO plugin. -->","yoast_head_json":{"title":"Projets pour le pont Champlain et le Silo n\u00ba5","description":"Un parc lin\u00e9aire sur le vieux pont Champlain et une piste de ski int\u00e9rieur pour mousser l'offre touristique montr\u00e9alaise.","robots":{"index":"index","follow":"follow","max-snippet":"max-snippet:-1","max-image-preview":"max-image-preview:large","max-video-preview":"max-video-preview:-1"},"canonical":"https:\/\/proposmontreal.com\/index.php\/projets-pour-le-pont-champlain-et-le-silo-no5\/","og_locale":"fr_FR","og_type":"article","og_title":"Projets pour le pont Champlain et le Silo n\u00ba5","og_url":"https:\/\/proposmontreal.com\/index.php\/projets-pour-le-pont-champlain-et-le-silo-no5\/","og_site_name":"ProposMontr\u00e9al","article_publisher":"https:\/\/www.facebook.com\/proposmontreal","article_author":"https:\/\/www.facebook.com\/proposmontreal","article_published_time":"2017-03-18T22:32:50+00:00","article_modified_time":"2022-07-15T16:12:12+00:00","og_image":[{"width":770,"height":513,"url":"https:\/\/proposmontreal.com\/wp-content\/uploads\/2017\/03\/SNEZhcom_Krasnogorsk.jpg","type":"image\/jpeg"}],"author":"Martin B\u00e9rub\u00e9","twitter_card":"summary_large_image","twitter_creator":"@proposmontreal","twitter_site":"@ProposMontreal","twitter_misc":{"\u00c9crit par":"Martin B\u00e9rub\u00e9","Dur\u00e9e de lecture estim\u00e9e":"10 minutes"},"schema":{"@context":"https:\/\/schema.org","@graph":[{"@type":"WebPage","@id":"https:\/\/proposmontreal.com\/index.php\/projets-pour-le-pont-champlain-et-le-silo-no5\/","url":"https:\/\/proposmontreal.com\/index.php\/projets-pour-le-pont-champlain-et-le-silo-no5\/","name":"Projets pour le pont Champlain et le Silo n\u00ba5","isPartOf":{"@id":"https:\/\/proposmontreal.com\/#website"},"primaryImageOfPage":{"@id":"https:\/\/proposmontreal.com\/index.php\/projets-pour-le-pont-champlain-et-le-silo-no5\/#primaryimage"},"image":{"@id":"https:\/\/proposmontreal.com\/index.php\/projets-pour-le-pont-champlain-et-le-silo-no5\/#primaryimage"},"thumbnailUrl":"https:\/\/proposmontreal.com\/wp-content\/uploads\/2017\/03\/SNEZhcom_Krasnogorsk.jpg","datePublished":"2017-03-18T22:32:50+00:00","dateModified":"2022-07-15T16:12:12+00:00","author":{"@id":"https:\/\/proposmontreal.com\/#\/schema\/person\/7d7acef09662dd8c0283a456e39b3254"},"description":"Un parc lin\u00e9aire sur le vieux pont Champlain et une piste de ski int\u00e9rieur pour mousser l'offre touristique montr\u00e9alaise.","breadcrumb":{"@id":"https:\/\/proposmontreal.com\/index.php\/projets-pour-le-pont-champlain-et-le-silo-no5\/#breadcrumb"},"inLanguage":"fr-FR","potentialAction":[{"@type":"ReadAction","target":["https:\/\/proposmontreal.com\/index.php\/projets-pour-le-pont-champlain-et-le-silo-no5\/"]}]},{"@type":"ImageObject","inLanguage":"fr-FR","@id":"https:\/\/proposmontreal.com\/index.php\/projets-pour-le-pont-champlain-et-le-silo-no5\/#primaryimage","url":"https:\/\/proposmontreal.com\/wp-content\/uploads\/2017\/03\/SNEZhcom_Krasnogorsk.jpg","contentUrl":"https:\/\/proposmontreal.com\/wp-content\/uploads\/2017\/03\/SNEZhcom_Krasnogorsk.jpg","width":770,"height":513,"caption":"Centre de Ski \u00e0 Krasnogorsk (Moscou)"},{"@type":"BreadcrumbList","@id":"https:\/\/proposmontreal.com\/index.php\/projets-pour-le-pont-champlain-et-le-silo-no5\/#breadcrumb","itemListElement":[{"@type":"ListItem","position":1,"name":"Accueil","item":"https:\/\/proposmontreal.com\/"},{"@type":"ListItem","position":2,"name":"Projets pour le pont Champlain et le Silo n\u00ba5"}]},{"@type":"WebSite","@id":"https:\/\/proposmontreal.com\/#website","url":"https:\/\/proposmontreal.com\/","name":"ProposMontr\u00e9al","description":"Histoire, Urbanisme, Architecture et Opinions.","potentialAction":[{"@type":"SearchAction","target":{"@type":"EntryPoint","urlTemplate":"https:\/\/proposmontreal.com\/?s={search_term_string}"},"query-input":{"@type":"PropertyValueSpecification","valueRequired":true,"valueName":"search_term_string"}}],"inLanguage":"fr-FR"},{"@type":"Person","@id":"https:\/\/proposmontreal.com\/#\/schema\/person\/7d7acef09662dd8c0283a456e39b3254","name":"Martin B\u00e9rub\u00e9","image":{"@type":"ImageObject","inLanguage":"fr-FR","@id":"https:\/\/proposmontreal.com\/#\/schema\/person\/image\/","url":"https:\/\/secure.gravatar.com\/avatar\/c584d9147b7b50bb9ff2edf1db3d93d38f22473bdde645a7942ee41f752cce3f?s=96&d=blank&r=g","contentUrl":"https:\/\/secure.gravatar.com\/avatar\/c584d9147b7b50bb9ff2edf1db3d93d38f22473bdde645a7942ee41f752cce3f?s=96&d=blank&r=g","caption":"Martin B\u00e9rub\u00e9"},"description":"Amoureux de Montr\u00e9al, fascin\u00e9 par l'histoire de la ville, son urbanisme et sa toponymie, ni historien ni sp\u00e9cialiste du sujet, Martin n'\u00e9tait m\u00eame pas n\u00e9 \u00e0 l'\u00e9poque de 99% des sujets discut\u00e9s de ce site. Il aime trouver des r\u00e9ponses aux questions qui sont pos\u00e9es. Les billets que vous lisez ne sont que les r\u00e9sultats de la qu\u00eate vers des r\u00e9ponses et le besoin de partager.","sameAs":["http:\/\/proposmontreal.com","https:\/\/www.facebook.com\/proposmontreal","https:\/\/x.com\/proposmontreal"]}]}},"jetpack_featured_media_url":"https:\/\/proposmontreal.com\/wp-content\/uploads\/2017\/03\/SNEZhcom_Krasnogorsk.jpg","jetpack_sharing_enabled":true,"_links":{"self":[{"href":"https:\/\/proposmontreal.com\/index.php\/wp-json\/wp\/v2\/posts\/4627","targetHints":{"allow":["GET"]}}],"collection":[{"href":"https:\/\/proposmontreal.com\/index.php\/wp-json\/wp\/v2\/posts"}],"about":[{"href":"https:\/\/proposmontreal.com\/index.php\/wp-json\/wp\/v2\/types\/post"}],"author":[{"embeddable":true,"href":"https:\/\/proposmontreal.com\/index.php\/wp-json\/wp\/v2\/users\/2"}],"replies":[{"embeddable":true,"href":"https:\/\/proposmontreal.com\/index.php\/wp-json\/wp\/v2\/comments?post=4627"}],"version-history":[{"count":3,"href":"https:\/\/proposmontreal.com\/index.php\/wp-json\/wp\/v2\/posts\/4627\/revisions"}],"predecessor-version":[{"id":7398,"href":"https:\/\/proposmontreal.com\/index.php\/wp-json\/wp\/v2\/posts\/4627\/revisions\/7398"}],"wp:featuredmedia":[{"embeddable":true,"href":"https:\/\/proposmontreal.com\/index.php\/wp-json\/wp\/v2\/media\/4635"}],"wp:attachment":[{"href":"https:\/\/proposmontreal.com\/index.php\/wp-json\/wp\/v2\/media?parent=4627"}],"wp:term":[{"taxonomy":"category","embeddable":true,"href":"https:\/\/proposmontreal.com\/index.php\/wp-json\/wp\/v2\/categories?post=4627"},{"taxonomy":"post_tag","embeddable":true,"href":"https:\/\/proposmontreal.com\/index.php\/wp-json\/wp\/v2\/tags?post=4627"}],"curies":[{"name":"wp","href":"https:\/\/api.w.org\/{rel}","templated":true}]}}