{"id":425,"date":"2010-07-05T09:42:30","date_gmt":"2010-07-05T13:42:30","guid":{"rendered":"http:\/\/proposmontreal.com\/?p=425"},"modified":"2016-01-01T15:23:35","modified_gmt":"2016-01-01T20:23:35","slug":"metro-montreal-le-square-viger","status":"publish","type":"post","link":"https:\/\/proposmontreal.com\/index.php\/metro-montreal-le-square-viger\/","title":{"rendered":"M\u00e9tro Montr\u00e9al: Le Square Viger"},"content":{"rendered":"<span class=\"span-reading-time rt-reading-time\" style=\"display: block;\"><span class=\"rt-label rt-prefix\">Temps de lecture approximatif de<\/span> <span class=\"rt-time\"> &lt;\u00a01<\/span> <span class=\"rt-label rt-postfix\">minute<\/span><\/span><p>Le Journal M\u00e9tro nous pr\u00e9sente cette semaine une s\u00e9rie de reportages d&rsquo;endroits menac\u00e9s de la m\u00e9tropole. Le M\u00e9tro nous offre donc son premier article ce matin avec une pr\u00e9sentation r\u00e9ussie du Square Viger, pourquoi il est boud\u00e9 et pourquoi ne sert-il tout simplement pas. Suivez les autres articles tout au cours de la semaine.<\/p>\n<p>Un square Viger rejet\u00e9 et qui manque d\u2019attention EAVB_QGWUZRGHFZ<\/p>\n","protected":false},"excerpt":{"rendered":"<p><span class=\"span-reading-time rt-reading-time\" style=\"display: block;\"><span class=\"rt-label rt-prefix\">Temps de lecture approximatif de<\/span> <span class=\"rt-time\"> &lt;\u00a01<\/span> <span class=\"rt-label rt-postfix\">minute<\/span><\/span>Le Journal M\u00e9tro nous pr\u00e9sente cette semaine une s\u00e9rie de reportages d&rsquo;endroits menac\u00e9s de la m\u00e9tropole. Le M\u00e9tro nous offre donc son premier article ce&#8230;<\/p>\n<div class=\"more-link-wrapper\"><a class=\"more-link\" href=\"https:\/\/proposmontreal.com\/index.php\/metro-montreal-le-square-viger\/\">Pour lire l&#039;article&#8230;<span class=\"screen-reader-text\">M\u00e9tro Montr\u00e9al: Le Square Viger<\/span><\/a><\/div>\n","protected":false},"author":2,"featured_media":0,"comment_status":"open","ping_status":"open","sticky":false,"template":"","format":"standard","meta":{"jetpack_post_was_ever_published":false,"_jetpack_newsletter_access":"","_jetpack_dont_email_post_to_subs":false,"_jetpack_newsletter_tier_id":0,"_jetpack_memberships_contains_paywalled_content":false,"_jetpack_memberships_contains_paid_content":false,"footnotes":""},"categories":[1,6],"tags":[],"class_list":["post-425","post","type-post","status-publish","format-standard","hentry","category-actualite","category-urbanisme","excerpt","zoom","full-without-featured","even","excerpt-0"],"yoast_head":"<!-- This site is optimized with the Yoast SEO plugin v26.5 - https:\/\/yoast.com\/wordpress\/plugins\/seo\/ -->\n<title>M\u00e9tro Montr\u00e9al: Le Square Viger - ProposMontr\u00e9al<\/title>\n<meta name=\"robots\" content=\"index, follow, max-snippet:-1, max-image-preview:large, max-video-preview:-1\" \/>\n<link rel=\"canonical\" href=\"https:\/\/proposmontreal.com\/index.php\/metro-montreal-le-square-viger\/\" \/>\n<meta property=\"og:locale\" content=\"fr_FR\" \/>\n<meta property=\"og:type\" content=\"article\" \/>\n<meta property=\"og:title\" content=\"M\u00e9tro Montr\u00e9al: Le Square Viger - ProposMontr\u00e9al\" \/>\n<meta property=\"og:url\" content=\"https:\/\/proposmontreal.com\/index.php\/metro-montreal-le-square-viger\/\" \/>\n<meta property=\"og:site_name\" content=\"ProposMontr\u00e9al\" \/>\n<meta property=\"article:publisher\" content=\"https:\/\/www.facebook.com\/proposmontreal\" \/>\n<meta property=\"article:author\" content=\"https:\/\/www.facebook.com\/proposmontreal\" \/>\n<meta property=\"article:published_time\" content=\"2010-07-05T13:42:30+00:00\" \/>\n<meta property=\"article:modified_time\" content=\"2016-01-01T20:23:35+00:00\" \/>\n<meta name=\"author\" content=\"Martin B\u00e9rub\u00e9\" \/>\n<meta name=\"twitter:card\" content=\"summary_large_image\" \/>\n<meta name=\"twitter:creator\" content=\"@proposmontreal\" \/>\n<meta name=\"twitter:site\" content=\"@ProposMontreal\" \/>\n<meta name=\"twitter:label1\" content=\"\u00c9crit par\" \/>\n\t<meta name=\"twitter:data1\" content=\"Martin B\u00e9rub\u00e9\" \/>\n<script type=\"application\/ld+json\" class=\"yoast-schema-graph\">{\"@context\":\"https:\/\/schema.org\",\"@graph\":[{\"@type\":\"WebPage\",\"@id\":\"https:\/\/proposmontreal.com\/index.php\/metro-montreal-le-square-viger\/\",\"url\":\"https:\/\/proposmontreal.com\/index.php\/metro-montreal-le-square-viger\/\",\"name\":\"M\u00e9tro Montr\u00e9al: Le Square Viger - ProposMontr\u00e9al\",\"isPartOf\":{\"@id\":\"https:\/\/proposmontreal.com\/#website\"},\"datePublished\":\"2010-07-05T13:42:30+00:00\",\"dateModified\":\"2016-01-01T20:23:35+00:00\",\"author\":{\"@id\":\"https:\/\/proposmontreal.com\/#\/schema\/person\/7d7acef09662dd8c0283a456e39b3254\"},\"breadcrumb\":{\"@id\":\"https:\/\/proposmontreal.com\/index.php\/metro-montreal-le-square-viger\/#breadcrumb\"},\"inLanguage\":\"fr-FR\",\"potentialAction\":[{\"@type\":\"ReadAction\",\"target\":[\"https:\/\/proposmontreal.com\/index.php\/metro-montreal-le-square-viger\/\"]}]},{\"@type\":\"BreadcrumbList\",\"@id\":\"https:\/\/proposmontreal.com\/index.php\/metro-montreal-le-square-viger\/#breadcrumb\",\"itemListElement\":[{\"@type\":\"ListItem\",\"position\":1,\"name\":\"Accueil\",\"item\":\"https:\/\/proposmontreal.com\/\"},{\"@type\":\"ListItem\",\"position\":2,\"name\":\"M\u00e9tro Montr\u00e9al: Le Square Viger\"}]},{\"@type\":\"WebSite\",\"@id\":\"https:\/\/proposmontreal.com\/#website\",\"url\":\"https:\/\/proposmontreal.com\/\",\"name\":\"ProposMontr\u00e9al\",\"description\":\"Histoire, Urbanisme, Architecture et Opinions.\",\"potentialAction\":[{\"@type\":\"SearchAction\",\"target\":{\"@type\":\"EntryPoint\",\"urlTemplate\":\"https:\/\/proposmontreal.com\/?s={search_term_string}\"},\"query-input\":{\"@type\":\"PropertyValueSpecification\",\"valueRequired\":true,\"valueName\":\"search_term_string\"}}],\"inLanguage\":\"fr-FR\"},{\"@type\":\"Person\",\"@id\":\"https:\/\/proposmontreal.com\/#\/schema\/person\/7d7acef09662dd8c0283a456e39b3254\",\"name\":\"Martin B\u00e9rub\u00e9\",\"image\":{\"@type\":\"ImageObject\",\"inLanguage\":\"fr-FR\",\"@id\":\"https:\/\/proposmontreal.com\/#\/schema\/person\/image\/\",\"url\":\"https:\/\/secure.gravatar.com\/avatar\/c584d9147b7b50bb9ff2edf1db3d93d38f22473bdde645a7942ee41f752cce3f?s=96&d=blank&r=g\",\"contentUrl\":\"https:\/\/secure.gravatar.com\/avatar\/c584d9147b7b50bb9ff2edf1db3d93d38f22473bdde645a7942ee41f752cce3f?s=96&d=blank&r=g\",\"caption\":\"Martin B\u00e9rub\u00e9\"},\"description\":\"Amoureux de Montr\u00e9al, fascin\u00e9 par l'histoire de la ville, son urbanisme et sa toponymie, ni historien ni sp\u00e9cialiste du sujet, Martin n'\u00e9tait m\u00eame pas n\u00e9 \u00e0 l'\u00e9poque de 99% des sujets discut\u00e9s de ce site. Il aime trouver des r\u00e9ponses aux questions qui sont pos\u00e9es. Les billets que vous lisez ne sont que les r\u00e9sultats de la qu\u00eate vers des r\u00e9ponses et le besoin de partager.\",\"sameAs\":[\"http:\/\/proposmontreal.com\",\"https:\/\/www.facebook.com\/proposmontreal\",\"https:\/\/x.com\/proposmontreal\"]}]}<\/script>\n<!-- \/ Yoast SEO plugin. -->","yoast_head_json":{"title":"M\u00e9tro Montr\u00e9al: Le Square Viger - ProposMontr\u00e9al","robots":{"index":"index","follow":"follow","max-snippet":"max-snippet:-1","max-image-preview":"max-image-preview:large","max-video-preview":"max-video-preview:-1"},"canonical":"https:\/\/proposmontreal.com\/index.php\/metro-montreal-le-square-viger\/","og_locale":"fr_FR","og_type":"article","og_title":"M\u00e9tro Montr\u00e9al: Le Square Viger - ProposMontr\u00e9al","og_url":"https:\/\/proposmontreal.com\/index.php\/metro-montreal-le-square-viger\/","og_site_name":"ProposMontr\u00e9al","article_publisher":"https:\/\/www.facebook.com\/proposmontreal","article_author":"https:\/\/www.facebook.com\/proposmontreal","article_published_time":"2010-07-05T13:42:30+00:00","article_modified_time":"2016-01-01T20:23:35+00:00","author":"Martin B\u00e9rub\u00e9","twitter_card":"summary_large_image","twitter_creator":"@proposmontreal","twitter_site":"@ProposMontreal","twitter_misc":{"\u00c9crit par":"Martin B\u00e9rub\u00e9"},"schema":{"@context":"https:\/\/schema.org","@graph":[{"@type":"WebPage","@id":"https:\/\/proposmontreal.com\/index.php\/metro-montreal-le-square-viger\/","url":"https:\/\/proposmontreal.com\/index.php\/metro-montreal-le-square-viger\/","name":"M\u00e9tro Montr\u00e9al: Le Square Viger - ProposMontr\u00e9al","isPartOf":{"@id":"https:\/\/proposmontreal.com\/#website"},"datePublished":"2010-07-05T13:42:30+00:00","dateModified":"2016-01-01T20:23:35+00:00","author":{"@id":"https:\/\/proposmontreal.com\/#\/schema\/person\/7d7acef09662dd8c0283a456e39b3254"},"breadcrumb":{"@id":"https:\/\/proposmontreal.com\/index.php\/metro-montreal-le-square-viger\/#breadcrumb"},"inLanguage":"fr-FR","potentialAction":[{"@type":"ReadAction","target":["https:\/\/proposmontreal.com\/index.php\/metro-montreal-le-square-viger\/"]}]},{"@type":"BreadcrumbList","@id":"https:\/\/proposmontreal.com\/index.php\/metro-montreal-le-square-viger\/#breadcrumb","itemListElement":[{"@type":"ListItem","position":1,"name":"Accueil","item":"https:\/\/proposmontreal.com\/"},{"@type":"ListItem","position":2,"name":"M\u00e9tro Montr\u00e9al: Le Square Viger"}]},{"@type":"WebSite","@id":"https:\/\/proposmontreal.com\/#website","url":"https:\/\/proposmontreal.com\/","name":"ProposMontr\u00e9al","description":"Histoire, Urbanisme, Architecture et Opinions.","potentialAction":[{"@type":"SearchAction","target":{"@type":"EntryPoint","urlTemplate":"https:\/\/proposmontreal.com\/?s={search_term_string}"},"query-input":{"@type":"PropertyValueSpecification","valueRequired":true,"valueName":"search_term_string"}}],"inLanguage":"fr-FR"},{"@type":"Person","@id":"https:\/\/proposmontreal.com\/#\/schema\/person\/7d7acef09662dd8c0283a456e39b3254","name":"Martin B\u00e9rub\u00e9","image":{"@type":"ImageObject","inLanguage":"fr-FR","@id":"https:\/\/proposmontreal.com\/#\/schema\/person\/image\/","url":"https:\/\/secure.gravatar.com\/avatar\/c584d9147b7b50bb9ff2edf1db3d93d38f22473bdde645a7942ee41f752cce3f?s=96&d=blank&r=g","contentUrl":"https:\/\/secure.gravatar.com\/avatar\/c584d9147b7b50bb9ff2edf1db3d93d38f22473bdde645a7942ee41f752cce3f?s=96&d=blank&r=g","caption":"Martin B\u00e9rub\u00e9"},"description":"Amoureux de Montr\u00e9al, fascin\u00e9 par l'histoire de la ville, son urbanisme et sa toponymie, ni historien ni sp\u00e9cialiste du sujet, Martin n'\u00e9tait m\u00eame pas n\u00e9 \u00e0 l'\u00e9poque de 99% des sujets discut\u00e9s de ce site. Il aime trouver des r\u00e9ponses aux questions qui sont pos\u00e9es. Les billets que vous lisez ne sont que les r\u00e9sultats de la qu\u00eate vers des r\u00e9ponses et le besoin de partager.","sameAs":["http:\/\/proposmontreal.com","https:\/\/www.facebook.com\/proposmontreal","https:\/\/x.com\/proposmontreal"]}]}},"jetpack_featured_media_url":"","jetpack_sharing_enabled":true,"_links":{"self":[{"href":"https:\/\/proposmontreal.com\/index.php\/wp-json\/wp\/v2\/posts\/425","targetHints":{"allow":["GET"]}}],"collection":[{"href":"https:\/\/proposmontreal.com\/index.php\/wp-json\/wp\/v2\/posts"}],"about":[{"href":"https:\/\/proposmontreal.com\/index.php\/wp-json\/wp\/v2\/types\/post"}],"author":[{"embeddable":true,"href":"https:\/\/proposmontreal.com\/index.php\/wp-json\/wp\/v2\/users\/2"}],"replies":[{"embeddable":true,"href":"https:\/\/proposmontreal.com\/index.php\/wp-json\/wp\/v2\/comments?post=425"}],"version-history":[{"count":4,"href":"https:\/\/proposmontreal.com\/index.php\/wp-json\/wp\/v2\/posts\/425\/revisions"}],"predecessor-version":[{"id":3921,"href":"https:\/\/proposmontreal.com\/index.php\/wp-json\/wp\/v2\/posts\/425\/revisions\/3921"}],"wp:attachment":[{"href":"https:\/\/proposmontreal.com\/index.php\/wp-json\/wp\/v2\/media?parent=425"}],"wp:term":[{"taxonomy":"category","embeddable":true,"href":"https:\/\/proposmontreal.com\/index.php\/wp-json\/wp\/v2\/categories?post=425"},{"taxonomy":"post_tag","embeddable":true,"href":"https:\/\/proposmontreal.com\/index.php\/wp-json\/wp\/v2\/tags?post=425"}],"curies":[{"name":"wp","href":"https:\/\/api.w.org\/{rel}","templated":true}]}}