{"id":412,"date":"2010-06-06T14:55:28","date_gmt":"2010-06-06T18:55:28","guid":{"rendered":"http:\/\/proposmontreal.com\/?p=412"},"modified":"2014-01-26T21:27:00","modified_gmt":"2014-01-27T02:27:00","slug":"angus","status":"publish","type":"post","link":"https:\/\/proposmontreal.com\/index.php\/angus\/","title":{"rendered":"Angus"},"content":{"rendered":"<span class=\"span-reading-time rt-reading-time\" style=\"display: block;\"><span class=\"rt-label rt-prefix\">Temps de lecture approximatif de<\/span> <span class=\"rt-time\"> &lt;\u00a01<\/span> <span class=\"rt-label rt-postfix\">minute<\/span><\/span><p><img decoding=\"async\" src=\"https:\/\/proposmontreal.com\/wp-content\/uploads\/2010\/06\/anguslivre.png\" alt=\"Angus\" title=\"Shops Angus\" class=\"alignleft size-full wp-image-195\" \/>Peu d&rsquo;endroit \u00e0 Montr\u00e9al poss\u00e8de autant d&rsquo;histoires \u00e0 dire que les Shop Angus, l&rsquo;expression \u00ab\u00a0si les murs pouvaient parler\u00a0\u00bb s&rsquo;applique particuli\u00e8rement \u00e0 ce lieu puisque tout ce qui en reste sont que quelques murs. Des noms tels que Dandurand, Shaughnessy, Van Horne et Laurendeau sont d&rsquo;exemples de noms qui aujourd&rsquo;hui repr\u00e9sente des rues, des \u00e9coles et des parcs, mais qui au tournant du si\u00e8cle dernier \u00e9taient finement reli\u00e9s aux chemins de fer et aux Shops Angus.<\/p>\n<p>Au moment de sa construction dans Petite-C\u00f4te, vers 1900 les ateliers Angus, sont destin\u00e9s \u00e0 la fabrication de mat\u00e9riel ferroviaire dirig\u00e9s par Richard Bladworth Angus. Comme une ville dans la ville, on retrouve, \u00e0 l&rsquo;int\u00e9rieur de ce vaste complexe des plus modernes, construit entre 1902 et 1905, outre les b\u00e2timents industriels, un h\u00f4pital, un poste de pompiers et une banque. Quelque 8000 ouvriers travaillent \u00e0 la fabrication quotidienne de 30 wagons. La plupart d&rsquo;entre eux habitent le quartier qui conna\u00eet alors un d\u00e9veloppement acc\u00e9l\u00e9r\u00e9. Aujourd&rsquo;hui, il ne reste que quelques murs, <a href=\"http:\/\/fr.wikipedia.org\/wiki\/Parc_Angus\">la caserne de pompiers<\/a> est maintenant un \u00e9tablissement de la SAQ et de nouvelles rues ont \u00e9t\u00e9 d\u00e9velopp\u00e9es avec de nouvelles constructions qui ont le look des ateliers de briques rouges.<\/p>\n<p><a href=\"http:\/\/www.renaud-bray.com\/Livres_Produit.aspx?id=1032281&#038;def=Angus,NADEAU,+GA%C3%89TAN,9782762129533\">Le livre \u00ab\u00a0Angus\u00a0\u00bb<\/a> d\u00e9couvert lors de l&rsquo;\u00e9mission <a href=\"http:\/\/www.radio-canada.ca\/emissions\/les_chemins_de_travers\/2009-2010\/\">Les Chemins de Travers<\/a> sur les ondes de la premi\u00e8re cha\u00eene de Radio-Canada, L&rsquo;auteur, Ga\u00e9tan Nadeau discute des histoires rencontr\u00e9es lors de ces recherches. De l&rsquo;utilisation des ateliers pour la construction de munitions et de blind\u00e9s pour les grandes guerres, ces liens avec l&rsquo;\u00e9glise catholique toujours pr\u00e9sente \u00e0 Montr\u00e9al jusqu&rsquo;\u00e0 sa fermeture en 1992. L&rsquo;iconographie du livre est compl\u00e8te et les textes n&rsquo;oublient pas la partie importante des travailleurs eux m\u00eames et du d\u00e9veloppement de quartiers complets dans Rosemont et tout l&rsquo;Est de Montr\u00e9al.<\/p>\n","protected":false},"excerpt":{"rendered":"<p><span class=\"span-reading-time rt-reading-time\" style=\"display: block;\"><span class=\"rt-label rt-prefix\">Temps de lecture approximatif de<\/span> <span class=\"rt-time\"> &lt;\u00a01<\/span> <span class=\"rt-label rt-postfix\">minute<\/span><\/span>Le livre Angus de Ga\u00e9tan Nadeau et l&rsquo;histoire de ce quartier de Montr\u00e9al dans Rosemont-Petite-Patrie<\/p>\n<div class=\"more-link-wrapper\"><a class=\"more-link\" href=\"https:\/\/proposmontreal.com\/index.php\/angus\/\">Pour lire l&#039;article&#8230;<span class=\"screen-reader-text\">Angus<\/span><\/a><\/div>\n","protected":false},"author":2,"featured_media":0,"comment_status":"open","ping_status":"open","sticky":false,"template":"","format":"standard","meta":{"jetpack_post_was_ever_published":false,"_jetpack_newsletter_access":"","_jetpack_dont_email_post_to_subs":false,"_jetpack_newsletter_tier_id":0,"_jetpack_memberships_contains_paywalled_content":false,"_jetpack_memberships_contains_paid_content":false,"footnotes":""},"categories":[3,6],"tags":[298,300,33,297,55,299],"class_list":["post-412","post","type-post","status-publish","format-standard","hentry","category-culture","category-urbanisme","tag-angus","tag-ateliers","tag-histoire","tag-industriel","tag-livre","tag-shops","excerpt","zoom","full-without-featured","even","excerpt-0"],"yoast_head":"<!-- This site is optimized with the Yoast SEO plugin v26.5 - https:\/\/yoast.com\/wordpress\/plugins\/seo\/ -->\n<title>Angus<\/title>\n<meta name=\"description\" content=\"Le livre Angus de Ga\u00e9tan Nadeau et l&#039;histoire de ce quartier de Montr\u00e9al dans Rosemont-Petite-Patrie\" \/>\n<meta name=\"robots\" content=\"index, follow, max-snippet:-1, max-image-preview:large, max-video-preview:-1\" \/>\n<link rel=\"canonical\" href=\"https:\/\/proposmontreal.com\/index.php\/angus\/\" \/>\n<meta property=\"og:locale\" content=\"fr_FR\" \/>\n<meta property=\"og:type\" content=\"article\" \/>\n<meta property=\"og:title\" content=\"Angus\" \/>\n<meta property=\"og:url\" content=\"https:\/\/proposmontreal.com\/index.php\/angus\/\" \/>\n<meta property=\"og:site_name\" content=\"ProposMontr\u00e9al\" \/>\n<meta property=\"article:publisher\" content=\"https:\/\/www.facebook.com\/proposmontreal\" \/>\n<meta property=\"article:author\" content=\"https:\/\/www.facebook.com\/proposmontreal\" \/>\n<meta property=\"article:published_time\" content=\"2010-06-06T18:55:28+00:00\" \/>\n<meta property=\"article:modified_time\" content=\"2014-01-27T02:27:00+00:00\" \/>\n<meta property=\"og:image\" content=\"http:\/\/proposmontreal.com\/wp-content\/uploads\/2010\/06\/anguslivre.png\" \/>\n<meta name=\"author\" content=\"Martin B\u00e9rub\u00e9\" \/>\n<meta name=\"twitter:card\" content=\"summary_large_image\" \/>\n<meta name=\"twitter:creator\" content=\"@proposmontreal\" \/>\n<meta name=\"twitter:site\" content=\"@ProposMontreal\" \/>\n<meta name=\"twitter:label1\" content=\"\u00c9crit par\" \/>\n\t<meta name=\"twitter:data1\" content=\"Martin B\u00e9rub\u00e9\" \/>\n\t<meta name=\"twitter:label2\" content=\"Dur\u00e9e de lecture estim\u00e9e\" \/>\n\t<meta name=\"twitter:data2\" content=\"2 minutes\" \/>\n<script type=\"application\/ld+json\" class=\"yoast-schema-graph\">{\"@context\":\"https:\/\/schema.org\",\"@graph\":[{\"@type\":\"WebPage\",\"@id\":\"https:\/\/proposmontreal.com\/index.php\/angus\/\",\"url\":\"https:\/\/proposmontreal.com\/index.php\/angus\/\",\"name\":\"Angus\",\"isPartOf\":{\"@id\":\"https:\/\/proposmontreal.com\/#website\"},\"primaryImageOfPage\":{\"@id\":\"https:\/\/proposmontreal.com\/index.php\/angus\/#primaryimage\"},\"image\":{\"@id\":\"https:\/\/proposmontreal.com\/index.php\/angus\/#primaryimage\"},\"thumbnailUrl\":\"http:\/\/proposmontreal.com\/wp-content\/uploads\/2010\/06\/anguslivre.png\",\"datePublished\":\"2010-06-06T18:55:28+00:00\",\"dateModified\":\"2014-01-27T02:27:00+00:00\",\"author\":{\"@id\":\"https:\/\/proposmontreal.com\/#\/schema\/person\/7d7acef09662dd8c0283a456e39b3254\"},\"description\":\"Le livre Angus de Ga\u00e9tan Nadeau et l'histoire de ce quartier de Montr\u00e9al dans Rosemont-Petite-Patrie\",\"breadcrumb\":{\"@id\":\"https:\/\/proposmontreal.com\/index.php\/angus\/#breadcrumb\"},\"inLanguage\":\"fr-FR\",\"potentialAction\":[{\"@type\":\"ReadAction\",\"target\":[\"https:\/\/proposmontreal.com\/index.php\/angus\/\"]}]},{\"@type\":\"ImageObject\",\"inLanguage\":\"fr-FR\",\"@id\":\"https:\/\/proposmontreal.com\/index.php\/angus\/#primaryimage\",\"url\":\"http:\/\/proposmontreal.com\/wp-content\/uploads\/2010\/06\/anguslivre.png\",\"contentUrl\":\"http:\/\/proposmontreal.com\/wp-content\/uploads\/2010\/06\/anguslivre.png\"},{\"@type\":\"BreadcrumbList\",\"@id\":\"https:\/\/proposmontreal.com\/index.php\/angus\/#breadcrumb\",\"itemListElement\":[{\"@type\":\"ListItem\",\"position\":1,\"name\":\"Accueil\",\"item\":\"https:\/\/proposmontreal.com\/\"},{\"@type\":\"ListItem\",\"position\":2,\"name\":\"Angus\"}]},{\"@type\":\"WebSite\",\"@id\":\"https:\/\/proposmontreal.com\/#website\",\"url\":\"https:\/\/proposmontreal.com\/\",\"name\":\"ProposMontr\u00e9al\",\"description\":\"Histoire, Urbanisme, Architecture et Opinions.\",\"potentialAction\":[{\"@type\":\"SearchAction\",\"target\":{\"@type\":\"EntryPoint\",\"urlTemplate\":\"https:\/\/proposmontreal.com\/?s={search_term_string}\"},\"query-input\":{\"@type\":\"PropertyValueSpecification\",\"valueRequired\":true,\"valueName\":\"search_term_string\"}}],\"inLanguage\":\"fr-FR\"},{\"@type\":\"Person\",\"@id\":\"https:\/\/proposmontreal.com\/#\/schema\/person\/7d7acef09662dd8c0283a456e39b3254\",\"name\":\"Martin B\u00e9rub\u00e9\",\"image\":{\"@type\":\"ImageObject\",\"inLanguage\":\"fr-FR\",\"@id\":\"https:\/\/proposmontreal.com\/#\/schema\/person\/image\/\",\"url\":\"https:\/\/secure.gravatar.com\/avatar\/c584d9147b7b50bb9ff2edf1db3d93d38f22473bdde645a7942ee41f752cce3f?s=96&d=blank&r=g\",\"contentUrl\":\"https:\/\/secure.gravatar.com\/avatar\/c584d9147b7b50bb9ff2edf1db3d93d38f22473bdde645a7942ee41f752cce3f?s=96&d=blank&r=g\",\"caption\":\"Martin B\u00e9rub\u00e9\"},\"description\":\"Amoureux de Montr\u00e9al, fascin\u00e9 par l'histoire de la ville, son urbanisme et sa toponymie, ni historien ni sp\u00e9cialiste du sujet, Martin n'\u00e9tait m\u00eame pas n\u00e9 \u00e0 l'\u00e9poque de 99% des sujets discut\u00e9s de ce site. Il aime trouver des r\u00e9ponses aux questions qui sont pos\u00e9es. Les billets que vous lisez ne sont que les r\u00e9sultats de la qu\u00eate vers des r\u00e9ponses et le besoin de partager.\",\"sameAs\":[\"http:\/\/proposmontreal.com\",\"https:\/\/www.facebook.com\/proposmontreal\",\"https:\/\/x.com\/proposmontreal\"]}]}<\/script>\n<!-- \/ Yoast SEO plugin. -->","yoast_head_json":{"title":"Angus","description":"Le livre Angus de Ga\u00e9tan Nadeau et l'histoire de ce quartier de Montr\u00e9al dans Rosemont-Petite-Patrie","robots":{"index":"index","follow":"follow","max-snippet":"max-snippet:-1","max-image-preview":"max-image-preview:large","max-video-preview":"max-video-preview:-1"},"canonical":"https:\/\/proposmontreal.com\/index.php\/angus\/","og_locale":"fr_FR","og_type":"article","og_title":"Angus","og_url":"https:\/\/proposmontreal.com\/index.php\/angus\/","og_site_name":"ProposMontr\u00e9al","article_publisher":"https:\/\/www.facebook.com\/proposmontreal","article_author":"https:\/\/www.facebook.com\/proposmontreal","article_published_time":"2010-06-06T18:55:28+00:00","article_modified_time":"2014-01-27T02:27:00+00:00","og_image":[{"url":"http:\/\/proposmontreal.com\/wp-content\/uploads\/2010\/06\/anguslivre.png","type":"","width":"","height":""}],"author":"Martin B\u00e9rub\u00e9","twitter_card":"summary_large_image","twitter_creator":"@proposmontreal","twitter_site":"@ProposMontreal","twitter_misc":{"\u00c9crit par":"Martin B\u00e9rub\u00e9","Dur\u00e9e de lecture estim\u00e9e":"2 minutes"},"schema":{"@context":"https:\/\/schema.org","@graph":[{"@type":"WebPage","@id":"https:\/\/proposmontreal.com\/index.php\/angus\/","url":"https:\/\/proposmontreal.com\/index.php\/angus\/","name":"Angus","isPartOf":{"@id":"https:\/\/proposmontreal.com\/#website"},"primaryImageOfPage":{"@id":"https:\/\/proposmontreal.com\/index.php\/angus\/#primaryimage"},"image":{"@id":"https:\/\/proposmontreal.com\/index.php\/angus\/#primaryimage"},"thumbnailUrl":"http:\/\/proposmontreal.com\/wp-content\/uploads\/2010\/06\/anguslivre.png","datePublished":"2010-06-06T18:55:28+00:00","dateModified":"2014-01-27T02:27:00+00:00","author":{"@id":"https:\/\/proposmontreal.com\/#\/schema\/person\/7d7acef09662dd8c0283a456e39b3254"},"description":"Le livre Angus de Ga\u00e9tan Nadeau et l'histoire de ce quartier de Montr\u00e9al dans Rosemont-Petite-Patrie","breadcrumb":{"@id":"https:\/\/proposmontreal.com\/index.php\/angus\/#breadcrumb"},"inLanguage":"fr-FR","potentialAction":[{"@type":"ReadAction","target":["https:\/\/proposmontreal.com\/index.php\/angus\/"]}]},{"@type":"ImageObject","inLanguage":"fr-FR","@id":"https:\/\/proposmontreal.com\/index.php\/angus\/#primaryimage","url":"http:\/\/proposmontreal.com\/wp-content\/uploads\/2010\/06\/anguslivre.png","contentUrl":"http:\/\/proposmontreal.com\/wp-content\/uploads\/2010\/06\/anguslivre.png"},{"@type":"BreadcrumbList","@id":"https:\/\/proposmontreal.com\/index.php\/angus\/#breadcrumb","itemListElement":[{"@type":"ListItem","position":1,"name":"Accueil","item":"https:\/\/proposmontreal.com\/"},{"@type":"ListItem","position":2,"name":"Angus"}]},{"@type":"WebSite","@id":"https:\/\/proposmontreal.com\/#website","url":"https:\/\/proposmontreal.com\/","name":"ProposMontr\u00e9al","description":"Histoire, Urbanisme, Architecture et Opinions.","potentialAction":[{"@type":"SearchAction","target":{"@type":"EntryPoint","urlTemplate":"https:\/\/proposmontreal.com\/?s={search_term_string}"},"query-input":{"@type":"PropertyValueSpecification","valueRequired":true,"valueName":"search_term_string"}}],"inLanguage":"fr-FR"},{"@type":"Person","@id":"https:\/\/proposmontreal.com\/#\/schema\/person\/7d7acef09662dd8c0283a456e39b3254","name":"Martin B\u00e9rub\u00e9","image":{"@type":"ImageObject","inLanguage":"fr-FR","@id":"https:\/\/proposmontreal.com\/#\/schema\/person\/image\/","url":"https:\/\/secure.gravatar.com\/avatar\/c584d9147b7b50bb9ff2edf1db3d93d38f22473bdde645a7942ee41f752cce3f?s=96&d=blank&r=g","contentUrl":"https:\/\/secure.gravatar.com\/avatar\/c584d9147b7b50bb9ff2edf1db3d93d38f22473bdde645a7942ee41f752cce3f?s=96&d=blank&r=g","caption":"Martin B\u00e9rub\u00e9"},"description":"Amoureux de Montr\u00e9al, fascin\u00e9 par l'histoire de la ville, son urbanisme et sa toponymie, ni historien ni sp\u00e9cialiste du sujet, Martin n'\u00e9tait m\u00eame pas n\u00e9 \u00e0 l'\u00e9poque de 99% des sujets discut\u00e9s de ce site. Il aime trouver des r\u00e9ponses aux questions qui sont pos\u00e9es. Les billets que vous lisez ne sont que les r\u00e9sultats de la qu\u00eate vers des r\u00e9ponses et le besoin de partager.","sameAs":["http:\/\/proposmontreal.com","https:\/\/www.facebook.com\/proposmontreal","https:\/\/x.com\/proposmontreal"]}]}},"jetpack_featured_media_url":"","jetpack_sharing_enabled":true,"_links":{"self":[{"href":"https:\/\/proposmontreal.com\/index.php\/wp-json\/wp\/v2\/posts\/412","targetHints":{"allow":["GET"]}}],"collection":[{"href":"https:\/\/proposmontreal.com\/index.php\/wp-json\/wp\/v2\/posts"}],"about":[{"href":"https:\/\/proposmontreal.com\/index.php\/wp-json\/wp\/v2\/types\/post"}],"author":[{"embeddable":true,"href":"https:\/\/proposmontreal.com\/index.php\/wp-json\/wp\/v2\/users\/2"}],"replies":[{"embeddable":true,"href":"https:\/\/proposmontreal.com\/index.php\/wp-json\/wp\/v2\/comments?post=412"}],"version-history":[{"count":6,"href":"https:\/\/proposmontreal.com\/index.php\/wp-json\/wp\/v2\/posts\/412\/revisions"}],"predecessor-version":[{"id":2258,"href":"https:\/\/proposmontreal.com\/index.php\/wp-json\/wp\/v2\/posts\/412\/revisions\/2258"}],"wp:attachment":[{"href":"https:\/\/proposmontreal.com\/index.php\/wp-json\/wp\/v2\/media?parent=412"}],"wp:term":[{"taxonomy":"category","embeddable":true,"href":"https:\/\/proposmontreal.com\/index.php\/wp-json\/wp\/v2\/categories?post=412"},{"taxonomy":"post_tag","embeddable":true,"href":"https:\/\/proposmontreal.com\/index.php\/wp-json\/wp\/v2\/tags?post=412"}],"curies":[{"name":"wp","href":"https:\/\/api.w.org\/{rel}","templated":true}]}}