{"id":3831,"date":"2015-11-01T16:54:55","date_gmt":"2015-11-01T21:54:55","guid":{"rendered":"http:\/\/proposmontreal.com\/?p=3831"},"modified":"2022-07-15T12:17:04","modified_gmt":"2022-07-15T16:17:04","slug":"la-tete-a-papineau","status":"publish","type":"post","link":"https:\/\/proposmontreal.com\/index.php\/la-tete-a-papineau\/","title":{"rendered":"La t\u00eate \u00e0 Papineau."},"content":{"rendered":"<span class=\"span-reading-time rt-reading-time\" style=\"display: block;\"><span class=\"rt-label rt-prefix\">Temps de lecture approximatif de<\/span> <span class=\"rt-time\"> 4<\/span> <span class=\"rt-label rt-postfix\">minutes<\/span><\/span>\n<div class=\"wp-block-image\"><figure class=\"aligncenter\"><a href=\"https:\/\/www.google.ca\/maps\/place\/1242+Rue+Saint-Denis,+Montr%C3%A9al,+QC+H2X+3J6\/@45.5132617,-73.5593656,3a,75y,234.41h,96.93t\/data=!3m7!1e1!3m5!1sr0TohXvsAFX3AvxJ4GS8hg!2e0!6s%2F%2Fgeo1.ggpht.com%2Fcbk%3Fpanoid%3Dr0TohXvsAFX3AvxJ4GS8hg%26output%3Dthumbnail%26cb_client%3Dsearch.TACTILE.gps%26thumb%3D2%26w%3D392%26h%3D106%26yaw%3D237.06081%26pitch%3D0!7i13312!8i6656!4m2!3m1!1s0x4cc91a4d5fa053b1:0x11167d7e040c1548!6m1!1e1\"><img loading=\"lazy\" decoding=\"async\" width=\"600\" height=\"382\" src=\"https:\/\/proposmontreal.com\/wp-content\/uploads\/2015\/11\/1242stdenis.jpg\" alt=\"Le 1242 Sait-Denis sur Google Streetview. \" class=\"wp-image-3842\" srcset=\"https:\/\/proposmontreal.com\/wp-content\/uploads\/2015\/11\/1242stdenis.jpg 600w, https:\/\/proposmontreal.com\/wp-content\/uploads\/2015\/11\/1242stdenis-150x96.jpg 150w, https:\/\/proposmontreal.com\/wp-content\/uploads\/2015\/11\/1242stdenis-300x191.jpg 300w\" sizes=\"auto, (max-width: 600px) 100vw, 600px\" \/><\/a><figcaption>Google Streetview.<\/figcaption><\/figure><\/div>\n\n\n\n<p>Vous connaissez Louis-Joseph Papineau, du moins les grandes lignes sur le chef du parti des Patriotes. Vous savez s\u00fbrement que Papineau a eu une influence importante sur l\u2019histoire du Qu\u00e9bec. Il y a une avenue \u00e0 son nom, mais aussi un parc, une station de m\u00e9tro et un district \u00e9lectoral f\u00e9d\u00e9ral qui ironiquement a comme d\u00e9put\u00e9, l\u2019actuel Premier ministre du Canada. <\/p>\n\n\n\n<p>Vous trouverez aussi l\u2019\u0153uvre de verres dans la station de m\u00e9tro et son visage fait une petite apparition dans le monument aux Patriotes au Pied-du-Courant. Je veux dire, l\u2019homme est si important qu\u2019il poss\u00e8de sa propre expression dans notre langage populaire.<\/p>\n\n\n\n<p>Voil\u00e0 pas si longtemps, j\u2019ai \u00e9crit un billet sur l\u2019ancien <a href=\"https:\/\/proposmontreal.com\/index.php\/ptite-vite-pm-le-winter-club-de-la-rue-drummond\/\">Winter Club de Montr\u00e9al<\/a> et plus r\u00e9cemment un article sur l\u2019<a href=\"https:\/\/proposmontreal.com\/index.php\/ernest-cormier\/\">Atelier Ernest-Cormier<\/a>. Ces deux textes m\u2019ont donn\u00e9 le go\u00fbt de jeter un coup d\u2019\u0153il aux immeubles anonymes que nous croisons tous les jours sans y penser deux fois.<\/p>\n\n\n\n<p>Ce texte est donc dans la lign\u00e9e des deux billets mentionn\u00e9s pr\u00e9c\u00e9demment. Notre int\u00e9r\u00eat d\u2019aujourd\u2019hui s\u2019arr\u00eate sur l\u2019immeuble en sandwich entre un b\u00e2timent de briques jaunes construit en 1940 et un b\u00e2timent de briques brunes construit en 1927. <\/p>\n\n\n\n<h2 class=\"wp-block-heading\">R\u00e9sidence Papineau-Bourassa<\/h2>\n\n\n\n<p>Le 1242 rue Saint-Denis, selon les diff\u00e9rentes sources qui ne semblent pas s\u2019entendre, est construite entre 1871 et 1879 par Napol\u00e9on Bourassa. Le peintre, architecte, sculpteur et professeur se voit offrir par son beau-p\u00e8re l\u2019occasion de construire sa demeure que ce dernier offrira en cadeau \u00e0 sa fille sur un de ces terrains de la Rue Saint-Denis. <\/p>\n\n\n\n<p>L\u2019\u00e9pouse de Bourassa, Az\u00e9lie Papineau, fille de Louis-Joseph Papineau vient d\u2019accoucher de leur cinqui\u00e8me et dernier enfant, Henri. La vie n\u2019est pas rose pour le couple Bourassa-Papineau et le beau-p\u00e8re n\u2019a pas toujours tenu son gendre dans son c\u0153ur. Mais le vent semble changer, les contrats de portraits par le S\u00e9minaire de Saint-Hyacinthe \u00e0 la fin des ann\u00e9es de 1860 leur permettent de reprendre le dessus. <\/p>\n\n\n\n<p>Malheureusement, six mois apr\u00e8s la naissance d\u2019Henri, l\u2019\u00e9pouse de Napol\u00e9on meurt de fa\u00e7on plut\u00f4t n\u00e9buleuse d\u2019une \u00ab fi\u00e8vre c\u00e9r\u00e9brale \u00bb en mars 1869, d\u2019autres diront qu\u2019elle est morte de d\u00e9pression ou de folie. Az\u00e9lie n\u2019habitera jamais la r\u00e9sidence d\u2019\u00e9t\u00e9 de la rue Saint-Denis.<\/p>\n\n\n\n<div class=\"wp-block-image size-full wp-image-3845\"><figure class=\"aligncenter is-resized\"><img loading=\"lazy\" decoding=\"async\" src=\"https:\/\/proposmontreal.com\/wp-content\/uploads\/2015\/11\/pb.jpg\" alt=\"Les fen\u00eatres portent les initiales P et B pour Papineau et Bourassa.\" class=\"wp-image-3845\" width=\"695\" height=\"221\" srcset=\"https:\/\/proposmontreal.com\/wp-content\/uploads\/2015\/11\/pb.jpg 600w, https:\/\/proposmontreal.com\/wp-content\/uploads\/2015\/11\/pb-150x48.jpg 150w, https:\/\/proposmontreal.com\/wp-content\/uploads\/2015\/11\/pb-300x96.jpg 300w\" sizes=\"auto, (max-width: 695px) 100vw, 695px\" \/><figcaption>Les fen\u00eatres portent les initiales P et B pour Papineau et Bourassa.<\/figcaption><\/figure><\/div>\n\n\n\n<p>Maintenant que le contexte est install\u00e9, je vais passer les d\u00e9tails g\u00e9n\u00e9alogiques pour revenir \u00e0 cette maison. C\u2019est \u00e0 cet endroit qu\u2019avec son apprenti, un certain Louis-Philippe H\u00e9bert, jeune sculpteur ayant fait des \u00e9tudes \u00e0 Rome, que les deux hommes dessinent ensemble, entre autres, les plans de la chapelle Notre-Dame-de-Lourde du 430 rue Sainte-Catherine Est et les esquisses d\u2019un monument honorant Maisonneuve qui sera install\u00e9 sur la Place d\u2019Armes de la ville. <\/p>\n\n\n\n<h2 class=\"wp-block-heading\">L&rsquo;oeuvre d&rsquo;H\u00e9bert<\/h2>\n\n\n\n<p>H\u00e9bert cr\u00e9era la sculpture qui ornera le dessus de la porte principale de la maison de Bourassa. Deux muses, une repr\u00e9sentant la peinture, l\u2019autre la sculpture. Au milieu un visage de femme qui pourrait bien symboliser l\u2019\u00e9pouse du ma\u00eetre. Plus haut, un masque repr\u00e9sentant Da Vinci regarde la rue d\u2019un \u0153il veillant. Mais regardez comme il faut la photo ci-bas, la g\u00e9om\u00e9trie de l\u2019\u0153uvre est bris\u00e9e par un buste \u00e0 sa gauche. <\/p>\n\n\n\n<p>En s\u2019y approchant, on remarque que c\u2019est Papineau lui-m\u00eame. Cach\u00e9e derri\u00e8re les muses se trouve la seule et unique statue du politicien \u00e0 Montr\u00e9al et seul un marcheur aguerri pourra en voir la pr\u00e9sence. Louis-Philippe H\u00e9bert deviendra un illustre sculpteur reconnu encore aujourd\u2019hui comme un des plus grands artistes de l\u2019\u00e9poque au canada. Ces \u0153uvres se retrouvent autant sur la colline parlementaire \u00e0 Ottawa que sur l\u2019H\u00f4tel du Parlement du Qu\u00e9bec.<\/p>\n\n\n\n<div class=\"wp-block-image size-full wp-image-3841\"><figure class=\"aligncenter\"><img loading=\"lazy\" decoding=\"async\" width=\"600\" height=\"378\" src=\"https:\/\/proposmontreal.com\/wp-content\/uploads\/2015\/11\/sculpture.jpg\" alt=\"Voyez-vous Papineau dans cette sculpture?\" class=\"wp-image-3841\" srcset=\"https:\/\/proposmontreal.com\/wp-content\/uploads\/2015\/11\/sculpture.jpg 600w, https:\/\/proposmontreal.com\/wp-content\/uploads\/2015\/11\/sculpture-150x95.jpg 150w, https:\/\/proposmontreal.com\/wp-content\/uploads\/2015\/11\/sculpture-300x189.jpg 300w\" sizes=\"auto, (max-width: 600px) 100vw, 600px\" \/><figcaption>Voyez-vous Papineau dans cette sculpture?<\/figcaption><\/figure><\/div>\n\n\n\n<div class=\"wp-block-image\"><figure class=\"aligncenter\"><img loading=\"lazy\" decoding=\"async\" width=\"600\" height=\"369\" src=\"https:\/\/proposmontreal.com\/wp-content\/uploads\/2015\/11\/teteapapineau.jpg\" alt=\"teteapapineau\" class=\"wp-image-3847\" srcset=\"https:\/\/proposmontreal.com\/wp-content\/uploads\/2015\/11\/teteapapineau.jpg 600w, https:\/\/proposmontreal.com\/wp-content\/uploads\/2015\/11\/teteapapineau-150x92.jpg 150w, https:\/\/proposmontreal.com\/wp-content\/uploads\/2015\/11\/teteapapineau-300x185.jpg 300w\" sizes=\"auto, (max-width: 600px) 100vw, 600px\" \/><\/figure><\/div>\n\n\n\n<p>Napol\u00e9on Bourassa ne se remariera jamais et \u00e9l\u00e8vera ses enfants avec l\u2019aide de la famille Papineau et surtout de sa belle-s\u0153ur, \u00c9zilda, s\u0153ur d\u2019Az\u00e9lie. Le petit Henri passera une bonne partie de sa jeunesse entre la maison de la rue Saint-Denis et la maison familiale de Montebello. <\/p>\n\n\n\n<h2 class=\"wp-block-heading\">Henri deviendra grand<\/h2>\n\n\n\n<p>Il h\u00e9ritera de l\u2019amour des beaux-arts et des lettres de son p\u00e8re, de la politique de son grand-p\u00e8re et de la religion de sa tante et \u00e9ducatrice. C\u2019est surtout la politique qui retiendra son attention, il deviendra m\u00eame maire de Montebello \u00e0 l\u2019\u00e2ge de 21 ans. En plus d\u2019\u00eatre un fermier dans la r\u00e9gion, il est aussi journaliste passionn\u00e9 et lance plusieurs journaux \u00e0 saveur sociopolitique pour les Franco-ontariens, <em>le Ralliement<\/em> et <em>l\u2019Interpr\u00e8te<\/em>. <\/p>\n\n\n\n<p>Sous les lib\u00e9raux de Laurier, il est \u00e9lu en 1896 d\u00e9put\u00e9 de Labelle. En signe de confiance, Wilfrid Laurier avec l\u2019aide de son ami Isra\u00ebl Tarte, propri\u00e9taire du journal La Patrie, lui trouve le poste de directeur de cette publication. Apr\u00e8s maintes victoires et d\u00e9faite dans le monde politique, Henri a comme projet de publier son propre quotidien pour partager ses id\u00e9ologies et principes politiques. La premi\u00e8re \u00e9dition du journal Le Devoir sera publi\u00e9e le 10 janvier 1910 avec comme devise \u00ab Fais ce que dois \u00bb.<\/p>\n\n\n\n<div class=\"wp-block-image size-full wp-image-3843\"><figure class=\"aligncenter\"><img loading=\"lazy\" decoding=\"async\" width=\"600\" height=\"230\" src=\"https:\/\/proposmontreal.com\/wp-content\/uploads\/2015\/11\/papineaubourassa.jpg\" alt=\"Dans l'ordre, Louis-Joseph Papineau, Napol\u00e9on Bourassa et Az\u00e9lie Papineau et Henri Bourassa.\" class=\"wp-image-3843\" srcset=\"https:\/\/proposmontreal.com\/wp-content\/uploads\/2015\/11\/papineaubourassa.jpg 600w, https:\/\/proposmontreal.com\/wp-content\/uploads\/2015\/11\/papineaubourassa-150x58.jpg 150w, https:\/\/proposmontreal.com\/wp-content\/uploads\/2015\/11\/papineaubourassa-300x115.jpg 300w\" sizes=\"auto, (max-width: 600px) 100vw, 600px\" \/><figcaption>Dans l&rsquo;ordre, Louis-Joseph Papineau, Napol\u00e9on Bourassa et Az\u00e9lie Papineau et Henri Bourassa.<\/figcaption><\/figure><\/div>\n\n\n\n<h2 class=\"wp-block-heading\">L&rsquo;anonymat<\/h2>\n\n\n\n<p>L\u2019apr\u00e8s-Bourassa-Papineau de la r\u00e9sidence est plus ou moins connu. Des sources y placent les bureaux de la Compagnie Chimique Franco-Am\u00e9ricaine. La compagnie pharmaceutique fait la cr\u00e9ation et la promotion de pilules rouges, m\u00e9dicament miracle pour la tuberculose et les femmes \u00ab p\u00e2les et faibles \u00bb. <\/p>\n\n\n\n<div class=\"wp-block-image size-full wp-image-3840\"><figure class=\"aligncenter\"><img loading=\"lazy\" decoding=\"async\" width=\"370\" height=\"182\" src=\"https:\/\/proposmontreal.com\/wp-content\/uploads\/2015\/11\/pilulerouge.jpg\" alt=\"Les Petites pilules rouges\" class=\"wp-image-3840\" srcset=\"https:\/\/proposmontreal.com\/wp-content\/uploads\/2015\/11\/pilulerouge.jpg 370w, https:\/\/proposmontreal.com\/wp-content\/uploads\/2015\/11\/pilulerouge-150x74.jpg 150w, https:\/\/proposmontreal.com\/wp-content\/uploads\/2015\/11\/pilulerouge-300x148.jpg 300w\" sizes=\"auto, (max-width: 370px) 100vw, 370px\" \/><figcaption>Les Petites pilules rouges<\/figcaption><\/figure><\/div>\n\n\n\n<p>Cette hypoth\u00e8se expliquerait le nom de l\u2019\u00e9difice grav\u00e9 au-dessus de la porte. Par contre, la seule adresse que je peux trouver pour la compagnie est le 274 rue Saint-Denis et je n\u2019arrive pas \u00e0 trouver de cartes de Montr\u00e9al qui replacent cette adresse vers cet endroit pr\u00e9cis dans l\u2019histoire. La premi\u00e8re facult\u00e9 de chirurgie dentaire de l\u2019universit\u00e9 Laval \u00e0 Montr\u00e9al y aurait aussi d\u00e9plac\u00e9 suite aux incendies majeurs avant le d\u00e9m\u00e9nagement \u00e0 l\u2019endroit actuel dans le Pavillon Roger-Gaudry. <\/p>\n\n\n\n<p>Encore une fois, aucun signe dans les archives de l\u2019Universit\u00e9 de Montr\u00e9al ne semble assigner la facult\u00e9 exactement \u00e0 cet endroit. Si vous en savez un peu plus sur ces deux hypoth\u00e8ses, merci de m\u2019en glisser un mot. <\/p>\n\n\n\n<p>La seule compagnie enregistr\u00e9e \u00e0 cette adresse que j\u2019ai \u00e9t\u00e9 en mesure de trouver dans les registres est l\u2019\u00e9diteur d\u2019un quotidien \u00e0 saveur satirique qui y installe ses bureaux et son imprimerie. Les chroniques courtes et dr\u00f4les du journal <em>Le Perroquet<\/em> d\u00e9noncent les travers de la soci\u00e9t\u00e9 qu\u00e9b\u00e9coise.<\/p>\n\n\n\n<p>Il traite de sujet aussi divers que la femme, le th\u00e9\u00e2tre, la m\u00e9decine et le cin\u00e9ma et les caricatures y sont mordantes pour l&rsquo;\u00e9poque. La premi\u00e8re parution du Perroquet fut le 13 juin 1926. Il m\u2019a \u00e9t\u00e9 possible de trouver d\u2019autres petites surprises, comme une annonce pour recevoir votre horoscope personnalis\u00e9 parut dans l\u2019\u00e9dition du Photo-Journal du 31 octobre 1940.<\/p>\n\n\n\n<div class=\"wp-block-image size-full wp-image-3839\"><figure class=\"aligncenter\"><img loading=\"lazy\" decoding=\"async\" width=\"550\" height=\"430\" src=\"https:\/\/proposmontreal.com\/wp-content\/uploads\/2015\/11\/mauricetabah1.jpg\" alt=\"Votre horoscope par la poste?\" class=\"wp-image-3839\" srcset=\"https:\/\/proposmontreal.com\/wp-content\/uploads\/2015\/11\/mauricetabah1.jpg 550w, https:\/\/proposmontreal.com\/wp-content\/uploads\/2015\/11\/mauricetabah1-150x117.jpg 150w, https:\/\/proposmontreal.com\/wp-content\/uploads\/2015\/11\/mauricetabah1-300x235.jpg 300w\" sizes=\"auto, (max-width: 550px) 100vw, 550px\" \/><figcaption>Votre horoscope par la poste?<\/figcaption><\/figure><\/div>\n\n\n\n<p>Ce que nous savons, c\u2019est qu\u2019aujourd\u2019hui ce n\u2019est qu\u2019un immeuble locatif portant le nom \u00ab Le Franco-Am\u00e9ricain \u00bb. Malgr\u00e9 son poids important dans l\u2019histoire du Qu\u00e9bec, ayant vu des familles aussi importantes que les Papineau et les Bourassa y habiter et l&rsquo;endroit sp\u00e9cifique des d\u00e9buts de l\u2019illustre artiste Louis-Philippe H\u00e9bert. <\/p>\n\n\n\n<p>Cet immeuble est tomb\u00e9 dans un anonymat compl\u00e8tement d\u00e9concertant, avec deux restaurants au rez-de-chauss\u00e9e. Je me demande m\u00eame si les r\u00e9sidents savent o\u00f9 ils se retrouvent. Cet endroit m\u00e9rite mieux comme destin et doit \u00eatre sauvegard\u00e9 par le patrimoine du minist\u00e8re de la Culture. <\/p>\n\n\n\n<p>\u00c7a ne prend pas la t\u00eate \u00e0 Papineau pour comprendre \u00e7a!<\/p>\n","protected":false},"excerpt":{"rendered":"<p><span class=\"span-reading-time rt-reading-time\" style=\"display: block;\"><span class=\"rt-label rt-prefix\">Temps de lecture approximatif de<\/span> <span class=\"rt-time\"> 4<\/span> <span class=\"rt-label rt-postfix\">minutes<\/span><\/span>Cet immeuble situ\u00e9 au 1242, rue Saint-Denis a un destin douteux et anonyme. Pourtant, son histoire fait partie int\u00e9grale de l&rsquo;histoire du Qu\u00e9bec. \u00c7a ne prend pas  la t\u00eate \u00e0 Papineau pour savoir \u00e7a!<\/p>\n<div class=\"more-link-wrapper\"><a class=\"more-link\" href=\"https:\/\/proposmontreal.com\/index.php\/la-tete-a-papineau\/\">Pour lire l&#039;article&#8230;<span class=\"screen-reader-text\">La t\u00eate \u00e0 Papineau.<\/span><\/a><\/div>\n","protected":false},"author":2,"featured_media":3841,"comment_status":"closed","ping_status":"closed","sticky":false,"template":"","format":"standard","meta":{"jetpack_post_was_ever_published":false,"_jetpack_newsletter_access":"","_jetpack_dont_email_post_to_subs":false,"_jetpack_newsletter_tier_id":0,"_jetpack_memberships_contains_paywalled_content":false,"_jetpack_memberships_contains_paid_content":false,"footnotes":""},"categories":[1725,393],"tags":[1457,1455,1451,1453,33,1454,30,1452,1298,1458,1456],"class_list":["post-3831","post","type-post","status-publish","format-standard","has-post-thumbnail","hentry","category-architecture","category-histoire-2","tag-1457","tag-azelie","tag-bourassa","tag-henri","tag-histoire","tag-louis-joseph","tag-montreal","tag-napoleon","tag-papineau","tag-pierres-grises","tag-saint-denis","excerpt","zoom","full-without-featured","even","excerpt-0"],"yoast_head":"<!-- This site is optimized with the Yoast SEO plugin v26.5 - https:\/\/yoast.com\/wordpress\/plugins\/seo\/ -->\n<title>La t\u00eate \u00e0 Papineau - ProposMontr\u00e9al<\/title>\n<meta name=\"description\" content=\"Cet immeuble, rue Saint-Denis au destin anonyme fait partie int\u00e9grale de l&#039;histoire du Qu\u00e9bec. \u00c7a ne prend pas la t\u00eate \u00e0 Papineau.\" \/>\n<meta name=\"robots\" content=\"index, follow, max-snippet:-1, max-image-preview:large, max-video-preview:-1\" \/>\n<link rel=\"canonical\" href=\"https:\/\/proposmontreal.com\/index.php\/la-tete-a-papineau\/\" \/>\n<meta property=\"og:locale\" content=\"fr_FR\" \/>\n<meta property=\"og:type\" content=\"article\" \/>\n<meta property=\"og:title\" content=\"La t\u00eate \u00e0 Papineau - ProposMontr\u00e9al\" \/>\n<meta property=\"og:url\" content=\"https:\/\/proposmontreal.com\/index.php\/la-tete-a-papineau\/\" \/>\n<meta property=\"og:site_name\" content=\"ProposMontr\u00e9al\" \/>\n<meta property=\"article:publisher\" content=\"https:\/\/www.facebook.com\/proposmontreal\" \/>\n<meta property=\"article:author\" content=\"https:\/\/www.facebook.com\/proposmontreal\" \/>\n<meta property=\"article:published_time\" content=\"2015-11-01T21:54:55+00:00\" \/>\n<meta property=\"article:modified_time\" content=\"2022-07-15T16:17:04+00:00\" \/>\n<meta property=\"og:image\" content=\"https:\/\/proposmontreal.com\/wp-content\/uploads\/2015\/11\/sculpture.jpg\" \/>\n\t<meta property=\"og:image:width\" content=\"600\" \/>\n\t<meta property=\"og:image:height\" content=\"378\" \/>\n\t<meta property=\"og:image:type\" content=\"image\/jpeg\" \/>\n<meta name=\"author\" content=\"Martin B\u00e9rub\u00e9\" \/>\n<meta name=\"twitter:card\" content=\"summary_large_image\" \/>\n<meta name=\"twitter:creator\" content=\"@proposmontreal\" \/>\n<meta name=\"twitter:site\" content=\"@ProposMontreal\" \/>\n<meta name=\"twitter:label1\" content=\"\u00c9crit par\" \/>\n\t<meta name=\"twitter:data1\" content=\"Martin B\u00e9rub\u00e9\" \/>\n\t<meta name=\"twitter:label2\" content=\"Dur\u00e9e de lecture estim\u00e9e\" \/>\n\t<meta name=\"twitter:data2\" content=\"7 minutes\" \/>\n<script type=\"application\/ld+json\" class=\"yoast-schema-graph\">{\"@context\":\"https:\/\/schema.org\",\"@graph\":[{\"@type\":\"WebPage\",\"@id\":\"https:\/\/proposmontreal.com\/index.php\/la-tete-a-papineau\/\",\"url\":\"https:\/\/proposmontreal.com\/index.php\/la-tete-a-papineau\/\",\"name\":\"La t\u00eate \u00e0 Papineau - ProposMontr\u00e9al\",\"isPartOf\":{\"@id\":\"https:\/\/proposmontreal.com\/#website\"},\"primaryImageOfPage\":{\"@id\":\"https:\/\/proposmontreal.com\/index.php\/la-tete-a-papineau\/#primaryimage\"},\"image\":{\"@id\":\"https:\/\/proposmontreal.com\/index.php\/la-tete-a-papineau\/#primaryimage\"},\"thumbnailUrl\":\"https:\/\/proposmontreal.com\/wp-content\/uploads\/2015\/11\/sculpture.jpg\",\"datePublished\":\"2015-11-01T21:54:55+00:00\",\"dateModified\":\"2022-07-15T16:17:04+00:00\",\"author\":{\"@id\":\"https:\/\/proposmontreal.com\/#\/schema\/person\/7d7acef09662dd8c0283a456e39b3254\"},\"description\":\"Cet immeuble, rue Saint-Denis au destin anonyme fait partie int\u00e9grale de l'histoire du Qu\u00e9bec. \u00c7a ne prend pas la t\u00eate \u00e0 Papineau.\",\"breadcrumb\":{\"@id\":\"https:\/\/proposmontreal.com\/index.php\/la-tete-a-papineau\/#breadcrumb\"},\"inLanguage\":\"fr-FR\",\"potentialAction\":[{\"@type\":\"ReadAction\",\"target\":[\"https:\/\/proposmontreal.com\/index.php\/la-tete-a-papineau\/\"]}]},{\"@type\":\"ImageObject\",\"inLanguage\":\"fr-FR\",\"@id\":\"https:\/\/proposmontreal.com\/index.php\/la-tete-a-papineau\/#primaryimage\",\"url\":\"https:\/\/proposmontreal.com\/wp-content\/uploads\/2015\/11\/sculpture.jpg\",\"contentUrl\":\"https:\/\/proposmontreal.com\/wp-content\/uploads\/2015\/11\/sculpture.jpg\",\"width\":600,\"height\":378,\"caption\":\"Voyez-vous Papineau dans cette sculpture?\"},{\"@type\":\"BreadcrumbList\",\"@id\":\"https:\/\/proposmontreal.com\/index.php\/la-tete-a-papineau\/#breadcrumb\",\"itemListElement\":[{\"@type\":\"ListItem\",\"position\":1,\"name\":\"Accueil\",\"item\":\"https:\/\/proposmontreal.com\/\"},{\"@type\":\"ListItem\",\"position\":2,\"name\":\"La t\u00eate \u00e0 Papineau.\"}]},{\"@type\":\"WebSite\",\"@id\":\"https:\/\/proposmontreal.com\/#website\",\"url\":\"https:\/\/proposmontreal.com\/\",\"name\":\"ProposMontr\u00e9al\",\"description\":\"Histoire, Urbanisme, Architecture et Opinions.\",\"potentialAction\":[{\"@type\":\"SearchAction\",\"target\":{\"@type\":\"EntryPoint\",\"urlTemplate\":\"https:\/\/proposmontreal.com\/?s={search_term_string}\"},\"query-input\":{\"@type\":\"PropertyValueSpecification\",\"valueRequired\":true,\"valueName\":\"search_term_string\"}}],\"inLanguage\":\"fr-FR\"},{\"@type\":\"Person\",\"@id\":\"https:\/\/proposmontreal.com\/#\/schema\/person\/7d7acef09662dd8c0283a456e39b3254\",\"name\":\"Martin B\u00e9rub\u00e9\",\"image\":{\"@type\":\"ImageObject\",\"inLanguage\":\"fr-FR\",\"@id\":\"https:\/\/proposmontreal.com\/#\/schema\/person\/image\/\",\"url\":\"https:\/\/secure.gravatar.com\/avatar\/c584d9147b7b50bb9ff2edf1db3d93d38f22473bdde645a7942ee41f752cce3f?s=96&d=blank&r=g\",\"contentUrl\":\"https:\/\/secure.gravatar.com\/avatar\/c584d9147b7b50bb9ff2edf1db3d93d38f22473bdde645a7942ee41f752cce3f?s=96&d=blank&r=g\",\"caption\":\"Martin B\u00e9rub\u00e9\"},\"description\":\"Amoureux de Montr\u00e9al, fascin\u00e9 par l'histoire de la ville, son urbanisme et sa toponymie, ni historien ni sp\u00e9cialiste du sujet, Martin n'\u00e9tait m\u00eame pas n\u00e9 \u00e0 l'\u00e9poque de 99% des sujets discut\u00e9s de ce site. Il aime trouver des r\u00e9ponses aux questions qui sont pos\u00e9es. Les billets que vous lisez ne sont que les r\u00e9sultats de la qu\u00eate vers des r\u00e9ponses et le besoin de partager.\",\"sameAs\":[\"http:\/\/proposmontreal.com\",\"https:\/\/www.facebook.com\/proposmontreal\",\"https:\/\/x.com\/proposmontreal\"]}]}<\/script>\n<!-- \/ Yoast SEO plugin. -->","yoast_head_json":{"title":"La t\u00eate \u00e0 Papineau - ProposMontr\u00e9al","description":"Cet immeuble, rue Saint-Denis au destin anonyme fait partie int\u00e9grale de l'histoire du Qu\u00e9bec. \u00c7a ne prend pas la t\u00eate \u00e0 Papineau.","robots":{"index":"index","follow":"follow","max-snippet":"max-snippet:-1","max-image-preview":"max-image-preview:large","max-video-preview":"max-video-preview:-1"},"canonical":"https:\/\/proposmontreal.com\/index.php\/la-tete-a-papineau\/","og_locale":"fr_FR","og_type":"article","og_title":"La t\u00eate \u00e0 Papineau - ProposMontr\u00e9al","og_url":"https:\/\/proposmontreal.com\/index.php\/la-tete-a-papineau\/","og_site_name":"ProposMontr\u00e9al","article_publisher":"https:\/\/www.facebook.com\/proposmontreal","article_author":"https:\/\/www.facebook.com\/proposmontreal","article_published_time":"2015-11-01T21:54:55+00:00","article_modified_time":"2022-07-15T16:17:04+00:00","og_image":[{"width":600,"height":378,"url":"https:\/\/proposmontreal.com\/wp-content\/uploads\/2015\/11\/sculpture.jpg","type":"image\/jpeg"}],"author":"Martin B\u00e9rub\u00e9","twitter_card":"summary_large_image","twitter_creator":"@proposmontreal","twitter_site":"@ProposMontreal","twitter_misc":{"\u00c9crit par":"Martin B\u00e9rub\u00e9","Dur\u00e9e de lecture estim\u00e9e":"7 minutes"},"schema":{"@context":"https:\/\/schema.org","@graph":[{"@type":"WebPage","@id":"https:\/\/proposmontreal.com\/index.php\/la-tete-a-papineau\/","url":"https:\/\/proposmontreal.com\/index.php\/la-tete-a-papineau\/","name":"La t\u00eate \u00e0 Papineau - ProposMontr\u00e9al","isPartOf":{"@id":"https:\/\/proposmontreal.com\/#website"},"primaryImageOfPage":{"@id":"https:\/\/proposmontreal.com\/index.php\/la-tete-a-papineau\/#primaryimage"},"image":{"@id":"https:\/\/proposmontreal.com\/index.php\/la-tete-a-papineau\/#primaryimage"},"thumbnailUrl":"https:\/\/proposmontreal.com\/wp-content\/uploads\/2015\/11\/sculpture.jpg","datePublished":"2015-11-01T21:54:55+00:00","dateModified":"2022-07-15T16:17:04+00:00","author":{"@id":"https:\/\/proposmontreal.com\/#\/schema\/person\/7d7acef09662dd8c0283a456e39b3254"},"description":"Cet immeuble, rue Saint-Denis au destin anonyme fait partie int\u00e9grale de l'histoire du Qu\u00e9bec. \u00c7a ne prend pas la t\u00eate \u00e0 Papineau.","breadcrumb":{"@id":"https:\/\/proposmontreal.com\/index.php\/la-tete-a-papineau\/#breadcrumb"},"inLanguage":"fr-FR","potentialAction":[{"@type":"ReadAction","target":["https:\/\/proposmontreal.com\/index.php\/la-tete-a-papineau\/"]}]},{"@type":"ImageObject","inLanguage":"fr-FR","@id":"https:\/\/proposmontreal.com\/index.php\/la-tete-a-papineau\/#primaryimage","url":"https:\/\/proposmontreal.com\/wp-content\/uploads\/2015\/11\/sculpture.jpg","contentUrl":"https:\/\/proposmontreal.com\/wp-content\/uploads\/2015\/11\/sculpture.jpg","width":600,"height":378,"caption":"Voyez-vous Papineau dans cette sculpture?"},{"@type":"BreadcrumbList","@id":"https:\/\/proposmontreal.com\/index.php\/la-tete-a-papineau\/#breadcrumb","itemListElement":[{"@type":"ListItem","position":1,"name":"Accueil","item":"https:\/\/proposmontreal.com\/"},{"@type":"ListItem","position":2,"name":"La t\u00eate \u00e0 Papineau."}]},{"@type":"WebSite","@id":"https:\/\/proposmontreal.com\/#website","url":"https:\/\/proposmontreal.com\/","name":"ProposMontr\u00e9al","description":"Histoire, Urbanisme, Architecture et Opinions.","potentialAction":[{"@type":"SearchAction","target":{"@type":"EntryPoint","urlTemplate":"https:\/\/proposmontreal.com\/?s={search_term_string}"},"query-input":{"@type":"PropertyValueSpecification","valueRequired":true,"valueName":"search_term_string"}}],"inLanguage":"fr-FR"},{"@type":"Person","@id":"https:\/\/proposmontreal.com\/#\/schema\/person\/7d7acef09662dd8c0283a456e39b3254","name":"Martin B\u00e9rub\u00e9","image":{"@type":"ImageObject","inLanguage":"fr-FR","@id":"https:\/\/proposmontreal.com\/#\/schema\/person\/image\/","url":"https:\/\/secure.gravatar.com\/avatar\/c584d9147b7b50bb9ff2edf1db3d93d38f22473bdde645a7942ee41f752cce3f?s=96&d=blank&r=g","contentUrl":"https:\/\/secure.gravatar.com\/avatar\/c584d9147b7b50bb9ff2edf1db3d93d38f22473bdde645a7942ee41f752cce3f?s=96&d=blank&r=g","caption":"Martin B\u00e9rub\u00e9"},"description":"Amoureux de Montr\u00e9al, fascin\u00e9 par l'histoire de la ville, son urbanisme et sa toponymie, ni historien ni sp\u00e9cialiste du sujet, Martin n'\u00e9tait m\u00eame pas n\u00e9 \u00e0 l'\u00e9poque de 99% des sujets discut\u00e9s de ce site. Il aime trouver des r\u00e9ponses aux questions qui sont pos\u00e9es. Les billets que vous lisez ne sont que les r\u00e9sultats de la qu\u00eate vers des r\u00e9ponses et le besoin de partager.","sameAs":["http:\/\/proposmontreal.com","https:\/\/www.facebook.com\/proposmontreal","https:\/\/x.com\/proposmontreal"]}]}},"jetpack_featured_media_url":"https:\/\/proposmontreal.com\/wp-content\/uploads\/2015\/11\/sculpture.jpg","jetpack_sharing_enabled":true,"_links":{"self":[{"href":"https:\/\/proposmontreal.com\/index.php\/wp-json\/wp\/v2\/posts\/3831","targetHints":{"allow":["GET"]}}],"collection":[{"href":"https:\/\/proposmontreal.com\/index.php\/wp-json\/wp\/v2\/posts"}],"about":[{"href":"https:\/\/proposmontreal.com\/index.php\/wp-json\/wp\/v2\/types\/post"}],"author":[{"embeddable":true,"href":"https:\/\/proposmontreal.com\/index.php\/wp-json\/wp\/v2\/users\/2"}],"replies":[{"embeddable":true,"href":"https:\/\/proposmontreal.com\/index.php\/wp-json\/wp\/v2\/comments?post=3831"}],"version-history":[{"count":2,"href":"https:\/\/proposmontreal.com\/index.php\/wp-json\/wp\/v2\/posts\/3831\/revisions"}],"predecessor-version":[{"id":6719,"href":"https:\/\/proposmontreal.com\/index.php\/wp-json\/wp\/v2\/posts\/3831\/revisions\/6719"}],"wp:featuredmedia":[{"embeddable":true,"href":"https:\/\/proposmontreal.com\/index.php\/wp-json\/wp\/v2\/media\/3841"}],"wp:attachment":[{"href":"https:\/\/proposmontreal.com\/index.php\/wp-json\/wp\/v2\/media?parent=3831"}],"wp:term":[{"taxonomy":"category","embeddable":true,"href":"https:\/\/proposmontreal.com\/index.php\/wp-json\/wp\/v2\/categories?post=3831"},{"taxonomy":"post_tag","embeddable":true,"href":"https:\/\/proposmontreal.com\/index.php\/wp-json\/wp\/v2\/tags?post=3831"}],"curies":[{"name":"wp","href":"https:\/\/api.w.org\/{rel}","templated":true}]}}