{"id":3556,"date":"2015-07-19T12:36:51","date_gmt":"2015-07-19T16:36:51","guid":{"rendered":"http:\/\/proposmontreal.com\/?p=3556"},"modified":"2022-07-15T12:18:58","modified_gmt":"2022-07-15T16:18:58","slug":"laffaire-corridart","status":"publish","type":"post","link":"https:\/\/proposmontreal.com\/index.php\/laffaire-corridart\/","title":{"rendered":"L&rsquo;affaire Corridart."},"content":{"rendered":"<span class=\"span-reading-time rt-reading-time\" style=\"display: block;\"><span class=\"rt-label rt-prefix\">Temps de lecture approximatif de<\/span> <span class=\"rt-time\"> 4<\/span> <span class=\"rt-label rt-postfix\">minutes<\/span><\/span><div align=\"center\">\n<img loading=\"lazy\" decoding=\"async\" src=\"https:\/\/proposmontreal.com\/wp-content\/uploads\/2015\/07\/corridart-banniere.jpg\" alt=\"Corridart Banni\u00e8re\" width=\"600\" height=\"262\" class=\"aligncenter size-full wp-image-3562\" srcset=\"https:\/\/proposmontreal.com\/wp-content\/uploads\/2015\/07\/corridart-banniere.jpg 600w, https:\/\/proposmontreal.com\/wp-content\/uploads\/2015\/07\/corridart-banniere-150x66.jpg 150w, https:\/\/proposmontreal.com\/wp-content\/uploads\/2015\/07\/corridart-banniere-300x131.jpg 300w\" sizes=\"auto, (max-width: 600px) 100vw, 600px\" \/>\n<\/div>\n<p>Ce qui s&rsquo;est pass\u00e9 \u00e0 Qu\u00e9bec avec la sculpture <em>Dialogue avec l&rsquo;histoire<\/em> de l&rsquo;artiste fran\u00e7ais Jean-Pierre Raynaud et ce qui risque de se passer avec l&rsquo;Agora de Daudelin plus proche de nous n&rsquo;est pas sans rappeler l&rsquo;affaire Corridart en 1976 o\u00f9 une installation temporaire, financ\u00e9e entre autres par le gouvernement du Qu\u00e9bec et le Comit\u00e9 Organisateur des Jeux (COJO) a vu l&rsquo;arriv\u00e9e des pics et des pelles au beau milieu de la nuit, quelques jours avant l&rsquo;ouverture des jeux de la XXIe olympiade de l&rsquo;\u00e8re moderne.<\/p>\n<p>Le concept revient \u00e0 Fernande Saint-Martin, alors directrice du MAC en collaboration avec le critique Normand Th\u00e9riault. L&rsquo;installation se voulait litt\u00e9ralement un corridor de plusieurs kilom\u00e8tres sur la Rue Sherbrooke entre l&rsquo;avenue Atwater dans l&rsquo;ouest jusqu&rsquo;aux installations olympiques coin du Boulevard Pie IX dans l&rsquo;est. Propos\u00e9 comme un festival d&rsquo;arts de rue et organis\u00e9 par l&rsquo;artiste Melvin Charney \u00e0 la demande du volet arts et cultures du COJO, un gigantesque mus\u00e9e offrant une plateforme pour de jeunes artistes. Le projet est m\u00eame financ\u00e9 par le Minist\u00e8re des Affaires Culturelles du Qu\u00e9bec \u00e0 une valeur de 390 000$. Le concours de propositions \u00e0 l&rsquo;automne 1975 verra plus de 300 soumissions, 16 seront accept\u00e9s en janvier 1976 par le jury pour un total de 22 \u0153uvres en comptant les commandes sp\u00e9cifiquement pour l&rsquo;\u00e9v\u00e9nement.  <\/p>\n<div align=\"center\">\n<figure id=\"attachment_3565\" aria-describedby=\"caption-attachment-3565\" style=\"width: 600px\" class=\"wp-caption aligncenter\"><img loading=\"lazy\" decoding=\"async\" src=\"https:\/\/proposmontreal.com\/wp-content\/uploads\/2015\/07\/croixdumontroyal-pierre-ayot.jpg\" alt=\"La Croix du Mont Royal Rue Sherbrooke par Pierre Ayot\" width=\"600\" height=\"442\" class=\"size-full wp-image-3565\" srcset=\"https:\/\/proposmontreal.com\/wp-content\/uploads\/2015\/07\/croixdumontroyal-pierre-ayot.jpg 600w, https:\/\/proposmontreal.com\/wp-content\/uploads\/2015\/07\/croixdumontroyal-pierre-ayot-150x111.jpg 150w, https:\/\/proposmontreal.com\/wp-content\/uploads\/2015\/07\/croixdumontroyal-pierre-ayot-300x221.jpg 300w\" sizes=\"auto, (max-width: 600px) 100vw, 600px\" \/><figcaption id=\"caption-attachment-3565\" class=\"wp-caption-text\">La Croix du Mont Royal Rue Sherbrooke par Pierre Ayot<\/figcaption><\/figure>\n<\/div>\n<p>La liste des artistes et certaines de leurs \u0153uvres que vous avez peut-\u00eatre d\u00e9j\u00e0 crois\u00e9es.<\/p>\n<ul>\n<li>Melvin Charney; \u00ab\u00a0Gratte-ciel, cascades d&rsquo;eau, rues, ruisseaux\u2026 une construction\u00a0\u00bb de la Place \u00c9milie Gamelin<\/li>\n<li>Pierre Ayot<\/li>\n<li>Jean-Claude Marsan<\/li>\n<li>Kina Reusch<\/li>\n<li>Guy Montpetit; Murales de la Station Assomption.<\/li>\n<li>Trevor Goring<\/li>\n<li>Jean No\u00ebl, \u00ab\u00a0Mais o\u00f9 vont donc toutes ces \u00e9motions?\u00a0\u00bb Pavillon Samuel-Bronfman, UdeM<\/li>\n<li>Andy Dutkewych; \u00ab\u00a0Entre-Nous\u00a0\u00bb sur les marches du Mus\u00e9e Pointe-\u00e0-Calli\u00e8re.<\/li>\n<li>Tom Dubicanac, Architecte<\/li>\n<li>Yvon Cozic et Monic Brassard; \u00ab\u00a0Hommage \u00e0 Ren\u00e9 L\u00e9vesque, Promenade Ren\u00e9-L\u00e9vesque, Longueuil<\/li>\n<li>Marc Cramer; Photographe<\/li>\n<li>Michael Haslam<\/li>\n<li>Kevin and Bob McKenna<\/li>\n<li>Claude Thibaudeau<\/li>\n<li>Danyelle Morin<\/li>\n<li>Laurent Gascon; pluiseurs murales en C\u00e9ramique Rue Ontario Est.<\/li>\n<li>Bill Vazan; Voretxit II, Le Navigateur et Story Rock, Parc Ren\u00e9-L\u00e9vesque, Lachine  <\/li>\n<li>Fran\u00e7oise Sullivan; Montagnes, Pavillon Pr\u00e9sidents-Kennedy, UQAM<\/li>\n<li>Jean-Pierre S\u00e9guin<\/li>\n<li>Serge Gagnon<\/li>\n<li>Bruno Caroit<\/li>\n<li>Louis L\u2019Abb\u00e9<\/li>\n<\/ul>\n<div align=\"center\">\n<figure id=\"attachment_3564\" aria-describedby=\"caption-attachment-3564\" style=\"width: 600px\" class=\"wp-caption aligncenter\"><img loading=\"lazy\" decoding=\"async\" src=\"https:\/\/proposmontreal.com\/wp-content\/uploads\/2015\/07\/corzig-cross-country.jpg\" alt=\"Cross-Country , Yvon et Monique Cozig\" width=\"600\" height=\"399\" class=\"size-full wp-image-3564\" srcset=\"https:\/\/proposmontreal.com\/wp-content\/uploads\/2015\/07\/corzig-cross-country.jpg 600w, https:\/\/proposmontreal.com\/wp-content\/uploads\/2015\/07\/corzig-cross-country-150x100.jpg 150w, https:\/\/proposmontreal.com\/wp-content\/uploads\/2015\/07\/corzig-cross-country-300x200.jpg 300w\" sizes=\"auto, (max-width: 600px) 100vw, 600px\" \/><figcaption id=\"caption-attachment-3564\" class=\"wp-caption-text\">Cross-Country , Yvon et Monique Cozig<\/figcaption><\/figure>\n<\/div>\n<p>De quelques heures allant \u00e0 quelques semaines, les \u0153uvres firent leur apparition sur le parcours. Pierre Ayot reproduisit la croix du mont Royal ou Charney avec ces \u00ab\u00a0Maisons de la Rue Sherbrooke\u00a0\u00bb. D&rsquo;autres furent plus l\u00e9g\u00e8res comme les cerfs-volants de Thibaudeau ou les banni\u00e8res de Morin, un Torii chinois de Reusch fit m\u00eame son apparition coin Amherst. \u00c0 saveur politique ou ludique, il y en avait pour tous les genres et tous les go\u00fbts. Le 7 juillet 1976 a lieu le vernissage de l&rsquo;\u00e9v\u00e9nement \u00e0 L&rsquo;UQAM, certains des artistes se rencontrent m\u00eame pour la premi\u00e8re fois, leurs installations artistiques pouvaient maintenant \u00eatre admir\u00e9s de tous jusqu&rsquo;au 31 juillet. <\/p>\n<div align=\"center\">\n<figure id=\"attachment_3568\" aria-describedby=\"caption-attachment-3568\" style=\"width: 600px\" class=\"wp-caption aligncenter\"><img loading=\"lazy\" decoding=\"async\" src=\"https:\/\/proposmontreal.com\/wp-content\/uploads\/2015\/07\/torii-Keusch.jpg\" alt=\"Torii, Kina Reusch\" width=\"600\" height=\"479\" class=\"size-full wp-image-3568\" srcset=\"https:\/\/proposmontreal.com\/wp-content\/uploads\/2015\/07\/torii-Keusch.jpg 600w, https:\/\/proposmontreal.com\/wp-content\/uploads\/2015\/07\/torii-Keusch-150x120.jpg 150w, https:\/\/proposmontreal.com\/wp-content\/uploads\/2015\/07\/torii-Keusch-300x240.jpg 300w\" sizes=\"auto, (max-width: 600px) 100vw, 600px\" \/><figcaption id=\"caption-attachment-3568\" class=\"wp-caption-text\">Torii, Kina Reusch<\/figcaption><\/figure>\n<\/div>\n<p>Or, ce ne fut pas le cas, vers 22h le 13 juillet, 75 cols bleus \u00e9quip\u00e9s de pelles m\u00e9caniques, de plateformes hydrauliques et de camions \u00e0 ordure commenc\u00e8rent le d\u00e9mant\u00e8lement des \u0153uvres, une par une, sans avertissement. Les artistes ne sont m\u00eame pas au courant et n&rsquo;oubliez pas, nous sommes en 76, pas de cellulaire, pas de texto pour une communication rapide, c&rsquo;est le bon vieux jeu du t\u00e9l\u00e9phone et un \u00e0 un au cours de la nuit les artistes se pointent voyant l&rsquo;ampleur des d\u00e9g\u00e2ts, se butant \u00e0 la police sur place. La destruction massive prendra jusqu&rsquo;\u00e0 trois jours, toujours sous surveillance polici\u00e8re. Ce n&rsquo;est que la journ\u00e9e apr\u00e8s le d\u00e9but de la mise \u00e0 terre, soit le 14 que la ville \u00e9mettra un communiqu\u00e9. Le Maire Drapeau et le comit\u00e9 ex\u00e9cutif de la ville ordonnent la d\u00e9molition de Corridart pr\u00e9textant que la majorit\u00e9 des cr\u00e9ations font fit de r\u00e8glements municipaux sur l&rsquo;occupation de l&rsquo;espace public, et dans quelques cas, sont jug\u00e9s comme une menace \u00e0 la s\u00e9curit\u00e9 des Montr\u00e9alais. Un porte-parole de la Mairie affirme que les installations se voulaient tout simplement laides et obsc\u00e8nes. La moralit\u00e9 du maire venait de frapper et la plupart des \u0153uvres furent grandement endommag\u00e9es ou purement d\u00e9truites sans chance d&rsquo;\u00eatre sauvegard\u00e9es. Les similarit\u00e9s avec ce qui s&rsquo;est pass\u00e9 derni\u00e8rement \u00e0 Qu\u00e9bec avec le \u00ab\u00a0cube\u00a0\u00bb sont plut\u00f4t flagrantes! <\/p>\n<div align=\"center\">\n<figure id=\"attachment_3566\" aria-describedby=\"caption-attachment-3566\" style=\"width: 600px\" class=\"wp-caption aligncenter\"><img loading=\"lazy\" decoding=\"async\" src=\"https:\/\/proposmontreal.com\/wp-content\/uploads\/2015\/07\/maisons-de-sherbrooke-charney.jpg\" alt=\"Les Maisons de la Rue Sherbrooke Avant-Apr\u00e8s\" width=\"600\" height=\"393\" class=\"size-full wp-image-3566\" srcset=\"https:\/\/proposmontreal.com\/wp-content\/uploads\/2015\/07\/maisons-de-sherbrooke-charney.jpg 600w, https:\/\/proposmontreal.com\/wp-content\/uploads\/2015\/07\/maisons-de-sherbrooke-charney-150x98.jpg 150w, https:\/\/proposmontreal.com\/wp-content\/uploads\/2015\/07\/maisons-de-sherbrooke-charney-300x197.jpg 300w\" sizes=\"auto, (max-width: 600px) 100vw, 600px\" \/><figcaption id=\"caption-attachment-3566\" class=\"wp-caption-text\">Les Maisons de la Rue Sherbrooke Avant-Apr\u00e8s<\/figcaption><\/figure>\n<\/div>\n<p>D\u00e8s le mois d&rsquo;ao\u00fbt suivant, les proc\u00e9dures judiciaires furent d\u00e9pos\u00e9es par les artistes encore avec l&rsquo;aide financi\u00e8re du Minist\u00e8re de la Culture, des erreurs des avocats retard\u00e8rent toutes les d\u00e9marches qui ne si\u00e9geront pas avant 1980. La premi\u00e8re d\u00e9faite des artistes arrive 1981 quand le juge accepte les explications de la ville qui pr\u00e9senteront des t\u00e9moignages d&rsquo;ing\u00e9nieurs et de r\u00e9sidents, le collectif fera appel de la d\u00e9cision. Ces derniers sont financ\u00e9s \u00e0 ce point que par la Galerie Graff (fond\u00e9 par Ayot) suite \u00e0 la publication d&rsquo;un livre sur Corridart et les profits d&rsquo;expositions r\u00e9trospectives. Les proc\u00e9dures s&rsquo;\u00e9tirent jusqu&rsquo;en 1988 quand la Ville de Montr\u00e9al, alors sous le nouveau Maire Dor\u00e9, conclut une entente \u00e0 l&rsquo;amiable avec les artistes. L&rsquo;entente, qui survient le jour m\u00eame o\u00f9 la cause doit \u00eatre entendue devant la Cour d&rsquo;appel du Qu\u00e9bec, accorde un montant de 4000$ \u00e0 5000$ par artiste ainsi que les frais juridiques engag\u00e9s par les plaignants, pour un montant total de 85 000 $. Ce qui restait des installations, conserv\u00e9s en tant que preuves par la cour sont alors offert aux archives de l&rsquo;Universit\u00e9 Concordia o\u00f9 ils r\u00e9sident encore. <\/p>\n<div align=\"center\">\n<img loading=\"lazy\" decoding=\"async\" src=\"https:\/\/proposmontreal.com\/wp-content\/uploads\/2015\/07\/corridart-danslarue.jpg\" alt=\"corridart-danslarue\" width=\"600\" height=\"401\" class=\"aligncenter size-full wp-image-3563\" srcset=\"https:\/\/proposmontreal.com\/wp-content\/uploads\/2015\/07\/corridart-danslarue.jpg 600w, https:\/\/proposmontreal.com\/wp-content\/uploads\/2015\/07\/corridart-danslarue-150x100.jpg 150w, https:\/\/proposmontreal.com\/wp-content\/uploads\/2015\/07\/corridart-danslarue-300x201.jpg 300w\" sizes=\"auto, (max-width: 600px) 100vw, 600px\" \/>\n<\/div>\n<p>Le d\u00e9mant\u00e8lement de Corridart ne ressemble en rien \u00e0 l&rsquo;affaire de l&rsquo;Agora du Square Viger. Franchement, je ne suis m\u00eame pas convaincu que l&rsquo;Agora est une oeuvre d&rsquo;art en-soi. Est-ce une installation architecturale, est-ce une oeuvre au sens large du terme ou est-ce qu&rsquo;un espace public de type brutaliste qui a fait son temps et demande une refonte totale du quartier. Je lis \u00e0 gauche et \u00e0 droite des arguments pour et contre qui font de moi encore un des ind\u00e9cis. J&rsquo;ai longtemps d\u00e9test\u00e9 cet endroit froid et aust\u00e8re qu&rsquo;est cet espace install\u00e9 au-dessus d&rsquo;une autoroute urbaine, j&rsquo;ai moi-m\u00eame demand\u00e9 son d\u00e9mant\u00e8lement sur le blogue \u00e0 mainte reprise. Ce n&rsquo;est pas une question des sans-abri qui en ont fait leur demeure, c&rsquo;est simplement que l&rsquo;endroit n&rsquo;a jamais \u00e9t\u00e9 appropri\u00e9 par les gens comme peut l&rsquo;avoir \u00e9t\u00e9 la Place \u00c9milie-Gamelin cet \u00e9t\u00e9 avec l&rsquo;installation \u00e9ph\u00e9m\u00e8re des Jardins Gamelin ou encore comme la Place Simon-Valois dans Hochelaga qui est devenue un carrefour de rencontres et d&rsquo;activit\u00e9s toujours occup\u00e9 par les r\u00e9sidents. J&rsquo;attends toujours l&rsquo;argument b\u00e9ton qui pourra chavirer mon point de vue d&rsquo;un c\u00f4t\u00e9 comme de l&rsquo;autre. Pour le moment, la reconversion du site est en t\u00eate, mais je ne refuse aucun argument contraire.<\/p>\n<p>L&rsquo;affaire Corridart, c&rsquo;est un coup de poing en pleine face de l&rsquo;art et des droits \u00e0 l&rsquo;expression. Montr\u00e9al ville artistique, \u00e7a n&rsquo;a pas toujours \u00e9t\u00e9 le cas. N&rsquo;oubliez pas que malgr\u00e9 les jeux et l&rsquo;Expo qu&rsquo;a apport\u00e9 le Maire Drapeau. Montr\u00e9al durant son r\u00e8gne a aussi perdu son titre de m\u00e9tropole du canada aux mains de Toronto et a endett\u00e9 des g\u00e9n\u00e9rations de Montr\u00e9alais. Le bien remporte-t-il sur le mal, l&rsquo;histoire en est m\u00eame pas encore certaine.<\/p>\n<div align=\"center\">\n<figure id=\"attachment_3567\" aria-describedby=\"caption-attachment-3567\" style=\"width: 600px\" class=\"wp-caption aligncenter\"><img loading=\"lazy\" decoding=\"async\" src=\"https:\/\/proposmontreal.com\/wp-content\/uploads\/2015\/07\/stone-maze-conu.jpg\" alt=\"Stone Maze, Bill Vazan\" width=\"600\" height=\"413\" class=\"size-full wp-image-3567\" srcset=\"https:\/\/proposmontreal.com\/wp-content\/uploads\/2015\/07\/stone-maze-conu.jpg 600w, https:\/\/proposmontreal.com\/wp-content\/uploads\/2015\/07\/stone-maze-conu-150x103.jpg 150w, https:\/\/proposmontreal.com\/wp-content\/uploads\/2015\/07\/stone-maze-conu-300x207.jpg 300w\" sizes=\"auto, (max-width: 600px) 100vw, 600px\" \/><figcaption id=\"caption-attachment-3567\" class=\"wp-caption-text\">Stone Maze, Bill Vazan<\/figcaption><\/figure>\n<\/div>\n","protected":false},"excerpt":{"rendered":"<p><span class=\"span-reading-time rt-reading-time\" style=\"display: block;\"><span class=\"rt-label rt-prefix\">Temps de lecture approximatif de<\/span> <span class=\"rt-time\"> 4<\/span> <span class=\"rt-label rt-postfix\">minutes<\/span><\/span>Connaissez-vous l&rsquo;affaire Corridart de 1976 ou le Maire Drapeau mit fin \u00e0 une exposition financ\u00e9 par le gouvernement de fa\u00e7on plut\u00f4t brutale? <\/p>\n<div class=\"more-link-wrapper\"><a class=\"more-link\" href=\"https:\/\/proposmontreal.com\/index.php\/laffaire-corridart\/\">Pour lire l&#039;article&#8230;<span class=\"screen-reader-text\">L&rsquo;affaire Corridart.<\/span><\/a><\/div>\n","protected":false},"author":2,"featured_media":3562,"comment_status":"closed","ping_status":"closed","sticky":false,"template":"","format":"standard","meta":{"jetpack_post_was_ever_published":false,"_jetpack_newsletter_access":"","_jetpack_dont_email_post_to_subs":true,"_jetpack_newsletter_tier_id":0,"_jetpack_memberships_contains_paywalled_content":false,"_jetpack_memberships_contains_paid_content":false,"footnotes":""},"categories":[3,393],"tags":[1385,1387,1384,893,1389,30,160,1386,1388],"class_list":["post-3556","post","type-post","status-publish","format-standard","has-post-thumbnail","hentry","category-culture","category-histoire-2","tag-charney","tag-concordia-archive","tag-corridart","tag-jean-drapeau","tag-marsand","tag-montreal","tag-olympique","tag-pierre-ayot","tag-sherbrooke","excerpt","zoom","full-without-featured","even","excerpt-0"],"yoast_head":"<!-- This site is optimized with the Yoast SEO plugin v26.5 - https:\/\/yoast.com\/wordpress\/plugins\/seo\/ -->\n<title>L&#039;Affaire Corridart<\/title>\n<meta name=\"description\" content=\"Connaissez-vous l&#039;affaire Corridart de 1976 ou le Maire Drapeau mit fin \u00e0 une exposition financ\u00e9 par le gouvernement de fa\u00e7on plut\u00f4t brutale?\" \/>\n<meta name=\"robots\" content=\"index, follow, max-snippet:-1, max-image-preview:large, max-video-preview:-1\" \/>\n<link rel=\"canonical\" href=\"https:\/\/proposmontreal.com\/index.php\/laffaire-corridart\/\" \/>\n<meta property=\"og:locale\" content=\"fr_FR\" \/>\n<meta property=\"og:type\" content=\"article\" \/>\n<meta property=\"og:title\" content=\"L&#039;Affaire Corridart\" \/>\n<meta property=\"og:url\" content=\"https:\/\/proposmontreal.com\/index.php\/laffaire-corridart\/\" \/>\n<meta property=\"og:site_name\" content=\"ProposMontr\u00e9al\" \/>\n<meta property=\"article:publisher\" content=\"https:\/\/www.facebook.com\/proposmontreal\" \/>\n<meta property=\"article:author\" content=\"https:\/\/www.facebook.com\/proposmontreal\" \/>\n<meta property=\"article:published_time\" content=\"2015-07-19T16:36:51+00:00\" \/>\n<meta property=\"article:modified_time\" content=\"2022-07-15T16:18:58+00:00\" \/>\n<meta property=\"og:image\" content=\"https:\/\/proposmontreal.com\/wp-content\/uploads\/2015\/07\/corridart-banniere.jpg\" \/>\n\t<meta property=\"og:image:width\" content=\"600\" \/>\n\t<meta property=\"og:image:height\" content=\"262\" \/>\n\t<meta property=\"og:image:type\" content=\"image\/jpeg\" \/>\n<meta name=\"author\" content=\"Martin B\u00e9rub\u00e9\" \/>\n<meta name=\"twitter:card\" content=\"summary_large_image\" \/>\n<meta name=\"twitter:creator\" content=\"@proposmontreal\" \/>\n<meta name=\"twitter:site\" content=\"@ProposMontreal\" \/>\n<meta name=\"twitter:label1\" content=\"\u00c9crit par\" \/>\n\t<meta name=\"twitter:data1\" content=\"Martin B\u00e9rub\u00e9\" \/>\n\t<meta name=\"twitter:label2\" content=\"Dur\u00e9e de lecture estim\u00e9e\" \/>\n\t<meta name=\"twitter:data2\" content=\"6 minutes\" \/>\n<script type=\"application\/ld+json\" class=\"yoast-schema-graph\">{\"@context\":\"https:\/\/schema.org\",\"@graph\":[{\"@type\":\"WebPage\",\"@id\":\"https:\/\/proposmontreal.com\/index.php\/laffaire-corridart\/\",\"url\":\"https:\/\/proposmontreal.com\/index.php\/laffaire-corridart\/\",\"name\":\"L'Affaire Corridart\",\"isPartOf\":{\"@id\":\"https:\/\/proposmontreal.com\/#website\"},\"primaryImageOfPage\":{\"@id\":\"https:\/\/proposmontreal.com\/index.php\/laffaire-corridart\/#primaryimage\"},\"image\":{\"@id\":\"https:\/\/proposmontreal.com\/index.php\/laffaire-corridart\/#primaryimage\"},\"thumbnailUrl\":\"https:\/\/proposmontreal.com\/wp-content\/uploads\/2015\/07\/corridart-banniere.jpg\",\"datePublished\":\"2015-07-19T16:36:51+00:00\",\"dateModified\":\"2022-07-15T16:18:58+00:00\",\"author\":{\"@id\":\"https:\/\/proposmontreal.com\/#\/schema\/person\/7d7acef09662dd8c0283a456e39b3254\"},\"description\":\"Connaissez-vous l'affaire Corridart de 1976 ou le Maire Drapeau mit fin \u00e0 une exposition financ\u00e9 par le gouvernement de fa\u00e7on plut\u00f4t brutale?\",\"breadcrumb\":{\"@id\":\"https:\/\/proposmontreal.com\/index.php\/laffaire-corridart\/#breadcrumb\"},\"inLanguage\":\"fr-FR\",\"potentialAction\":[{\"@type\":\"ReadAction\",\"target\":[\"https:\/\/proposmontreal.com\/index.php\/laffaire-corridart\/\"]}]},{\"@type\":\"ImageObject\",\"inLanguage\":\"fr-FR\",\"@id\":\"https:\/\/proposmontreal.com\/index.php\/laffaire-corridart\/#primaryimage\",\"url\":\"https:\/\/proposmontreal.com\/wp-content\/uploads\/2015\/07\/corridart-banniere.jpg\",\"contentUrl\":\"https:\/\/proposmontreal.com\/wp-content\/uploads\/2015\/07\/corridart-banniere.jpg\",\"width\":600,\"height\":262,\"caption\":\"Corridart Banni\u00e8re\"},{\"@type\":\"BreadcrumbList\",\"@id\":\"https:\/\/proposmontreal.com\/index.php\/laffaire-corridart\/#breadcrumb\",\"itemListElement\":[{\"@type\":\"ListItem\",\"position\":1,\"name\":\"Accueil\",\"item\":\"https:\/\/proposmontreal.com\/\"},{\"@type\":\"ListItem\",\"position\":2,\"name\":\"L&rsquo;affaire Corridart.\"}]},{\"@type\":\"WebSite\",\"@id\":\"https:\/\/proposmontreal.com\/#website\",\"url\":\"https:\/\/proposmontreal.com\/\",\"name\":\"ProposMontr\u00e9al\",\"description\":\"Histoire, Urbanisme, Architecture et Opinions.\",\"potentialAction\":[{\"@type\":\"SearchAction\",\"target\":{\"@type\":\"EntryPoint\",\"urlTemplate\":\"https:\/\/proposmontreal.com\/?s={search_term_string}\"},\"query-input\":{\"@type\":\"PropertyValueSpecification\",\"valueRequired\":true,\"valueName\":\"search_term_string\"}}],\"inLanguage\":\"fr-FR\"},{\"@type\":\"Person\",\"@id\":\"https:\/\/proposmontreal.com\/#\/schema\/person\/7d7acef09662dd8c0283a456e39b3254\",\"name\":\"Martin B\u00e9rub\u00e9\",\"image\":{\"@type\":\"ImageObject\",\"inLanguage\":\"fr-FR\",\"@id\":\"https:\/\/proposmontreal.com\/#\/schema\/person\/image\/\",\"url\":\"https:\/\/secure.gravatar.com\/avatar\/c584d9147b7b50bb9ff2edf1db3d93d38f22473bdde645a7942ee41f752cce3f?s=96&d=blank&r=g\",\"contentUrl\":\"https:\/\/secure.gravatar.com\/avatar\/c584d9147b7b50bb9ff2edf1db3d93d38f22473bdde645a7942ee41f752cce3f?s=96&d=blank&r=g\",\"caption\":\"Martin B\u00e9rub\u00e9\"},\"description\":\"Amoureux de Montr\u00e9al, fascin\u00e9 par l'histoire de la ville, son urbanisme et sa toponymie, ni historien ni sp\u00e9cialiste du sujet, Martin n'\u00e9tait m\u00eame pas n\u00e9 \u00e0 l'\u00e9poque de 99% des sujets discut\u00e9s de ce site. Il aime trouver des r\u00e9ponses aux questions qui sont pos\u00e9es. Les billets que vous lisez ne sont que les r\u00e9sultats de la qu\u00eate vers des r\u00e9ponses et le besoin de partager.\",\"sameAs\":[\"http:\/\/proposmontreal.com\",\"https:\/\/www.facebook.com\/proposmontreal\",\"https:\/\/x.com\/proposmontreal\"]}]}<\/script>\n<!-- \/ Yoast SEO plugin. -->","yoast_head_json":{"title":"L'Affaire Corridart","description":"Connaissez-vous l'affaire Corridart de 1976 ou le Maire Drapeau mit fin \u00e0 une exposition financ\u00e9 par le gouvernement de fa\u00e7on plut\u00f4t brutale?","robots":{"index":"index","follow":"follow","max-snippet":"max-snippet:-1","max-image-preview":"max-image-preview:large","max-video-preview":"max-video-preview:-1"},"canonical":"https:\/\/proposmontreal.com\/index.php\/laffaire-corridart\/","og_locale":"fr_FR","og_type":"article","og_title":"L'Affaire Corridart","og_url":"https:\/\/proposmontreal.com\/index.php\/laffaire-corridart\/","og_site_name":"ProposMontr\u00e9al","article_publisher":"https:\/\/www.facebook.com\/proposmontreal","article_author":"https:\/\/www.facebook.com\/proposmontreal","article_published_time":"2015-07-19T16:36:51+00:00","article_modified_time":"2022-07-15T16:18:58+00:00","og_image":[{"width":600,"height":262,"url":"https:\/\/proposmontreal.com\/wp-content\/uploads\/2015\/07\/corridart-banniere.jpg","type":"image\/jpeg"}],"author":"Martin B\u00e9rub\u00e9","twitter_card":"summary_large_image","twitter_creator":"@proposmontreal","twitter_site":"@ProposMontreal","twitter_misc":{"\u00c9crit par":"Martin B\u00e9rub\u00e9","Dur\u00e9e de lecture estim\u00e9e":"6 minutes"},"schema":{"@context":"https:\/\/schema.org","@graph":[{"@type":"WebPage","@id":"https:\/\/proposmontreal.com\/index.php\/laffaire-corridart\/","url":"https:\/\/proposmontreal.com\/index.php\/laffaire-corridart\/","name":"L'Affaire Corridart","isPartOf":{"@id":"https:\/\/proposmontreal.com\/#website"},"primaryImageOfPage":{"@id":"https:\/\/proposmontreal.com\/index.php\/laffaire-corridart\/#primaryimage"},"image":{"@id":"https:\/\/proposmontreal.com\/index.php\/laffaire-corridart\/#primaryimage"},"thumbnailUrl":"https:\/\/proposmontreal.com\/wp-content\/uploads\/2015\/07\/corridart-banniere.jpg","datePublished":"2015-07-19T16:36:51+00:00","dateModified":"2022-07-15T16:18:58+00:00","author":{"@id":"https:\/\/proposmontreal.com\/#\/schema\/person\/7d7acef09662dd8c0283a456e39b3254"},"description":"Connaissez-vous l'affaire Corridart de 1976 ou le Maire Drapeau mit fin \u00e0 une exposition financ\u00e9 par le gouvernement de fa\u00e7on plut\u00f4t brutale?","breadcrumb":{"@id":"https:\/\/proposmontreal.com\/index.php\/laffaire-corridart\/#breadcrumb"},"inLanguage":"fr-FR","potentialAction":[{"@type":"ReadAction","target":["https:\/\/proposmontreal.com\/index.php\/laffaire-corridart\/"]}]},{"@type":"ImageObject","inLanguage":"fr-FR","@id":"https:\/\/proposmontreal.com\/index.php\/laffaire-corridart\/#primaryimage","url":"https:\/\/proposmontreal.com\/wp-content\/uploads\/2015\/07\/corridart-banniere.jpg","contentUrl":"https:\/\/proposmontreal.com\/wp-content\/uploads\/2015\/07\/corridart-banniere.jpg","width":600,"height":262,"caption":"Corridart Banni\u00e8re"},{"@type":"BreadcrumbList","@id":"https:\/\/proposmontreal.com\/index.php\/laffaire-corridart\/#breadcrumb","itemListElement":[{"@type":"ListItem","position":1,"name":"Accueil","item":"https:\/\/proposmontreal.com\/"},{"@type":"ListItem","position":2,"name":"L&rsquo;affaire Corridart."}]},{"@type":"WebSite","@id":"https:\/\/proposmontreal.com\/#website","url":"https:\/\/proposmontreal.com\/","name":"ProposMontr\u00e9al","description":"Histoire, Urbanisme, Architecture et Opinions.","potentialAction":[{"@type":"SearchAction","target":{"@type":"EntryPoint","urlTemplate":"https:\/\/proposmontreal.com\/?s={search_term_string}"},"query-input":{"@type":"PropertyValueSpecification","valueRequired":true,"valueName":"search_term_string"}}],"inLanguage":"fr-FR"},{"@type":"Person","@id":"https:\/\/proposmontreal.com\/#\/schema\/person\/7d7acef09662dd8c0283a456e39b3254","name":"Martin B\u00e9rub\u00e9","image":{"@type":"ImageObject","inLanguage":"fr-FR","@id":"https:\/\/proposmontreal.com\/#\/schema\/person\/image\/","url":"https:\/\/secure.gravatar.com\/avatar\/c584d9147b7b50bb9ff2edf1db3d93d38f22473bdde645a7942ee41f752cce3f?s=96&d=blank&r=g","contentUrl":"https:\/\/secure.gravatar.com\/avatar\/c584d9147b7b50bb9ff2edf1db3d93d38f22473bdde645a7942ee41f752cce3f?s=96&d=blank&r=g","caption":"Martin B\u00e9rub\u00e9"},"description":"Amoureux de Montr\u00e9al, fascin\u00e9 par l'histoire de la ville, son urbanisme et sa toponymie, ni historien ni sp\u00e9cialiste du sujet, Martin n'\u00e9tait m\u00eame pas n\u00e9 \u00e0 l'\u00e9poque de 99% des sujets discut\u00e9s de ce site. Il aime trouver des r\u00e9ponses aux questions qui sont pos\u00e9es. Les billets que vous lisez ne sont que les r\u00e9sultats de la qu\u00eate vers des r\u00e9ponses et le besoin de partager.","sameAs":["http:\/\/proposmontreal.com","https:\/\/www.facebook.com\/proposmontreal","https:\/\/x.com\/proposmontreal"]}]}},"jetpack_featured_media_url":"https:\/\/proposmontreal.com\/wp-content\/uploads\/2015\/07\/corridart-banniere.jpg","jetpack_sharing_enabled":true,"_links":{"self":[{"href":"https:\/\/proposmontreal.com\/index.php\/wp-json\/wp\/v2\/posts\/3556","targetHints":{"allow":["GET"]}}],"collection":[{"href":"https:\/\/proposmontreal.com\/index.php\/wp-json\/wp\/v2\/posts"}],"about":[{"href":"https:\/\/proposmontreal.com\/index.php\/wp-json\/wp\/v2\/types\/post"}],"author":[{"embeddable":true,"href":"https:\/\/proposmontreal.com\/index.php\/wp-json\/wp\/v2\/users\/2"}],"replies":[{"embeddable":true,"href":"https:\/\/proposmontreal.com\/index.php\/wp-json\/wp\/v2\/comments?post=3556"}],"version-history":[{"count":3,"href":"https:\/\/proposmontreal.com\/index.php\/wp-json\/wp\/v2\/posts\/3556\/revisions"}],"predecessor-version":[{"id":4432,"href":"https:\/\/proposmontreal.com\/index.php\/wp-json\/wp\/v2\/posts\/3556\/revisions\/4432"}],"wp:featuredmedia":[{"embeddable":true,"href":"https:\/\/proposmontreal.com\/index.php\/wp-json\/wp\/v2\/media\/3562"}],"wp:attachment":[{"href":"https:\/\/proposmontreal.com\/index.php\/wp-json\/wp\/v2\/media?parent=3556"}],"wp:term":[{"taxonomy":"category","embeddable":true,"href":"https:\/\/proposmontreal.com\/index.php\/wp-json\/wp\/v2\/categories?post=3556"},{"taxonomy":"post_tag","embeddable":true,"href":"https:\/\/proposmontreal.com\/index.php\/wp-json\/wp\/v2\/tags?post=3556"}],"curies":[{"name":"wp","href":"https:\/\/api.w.org\/{rel}","templated":true}]}}