{"id":3239,"date":"2014-12-07T12:15:57","date_gmt":"2014-12-07T17:15:57","guid":{"rendered":"http:\/\/proposmontreal.com\/?p=3239"},"modified":"2022-07-15T12:22:08","modified_gmt":"2022-07-15T16:22:08","slug":"prendre-un-verre-de-biere-mon-minou-a-verdun","status":"publish","type":"post","link":"https:\/\/proposmontreal.com\/index.php\/prendre-un-verre-de-biere-mon-minou-a-verdun\/","title":{"rendered":"Prendre un verre de bi\u00e8re mon minou&#8230;  \u00c0 Verdun."},"content":{"rendered":"<span class=\"span-reading-time rt-reading-time\" style=\"display: block;\"><span class=\"rt-label rt-prefix\">Temps de lecture approximatif de<\/span> <span class=\"rt-time\"> 7<\/span> <span class=\"rt-label rt-postfix\">minutes<\/span><\/span><p>Je l&rsquo;ai mentionn\u00e9 souvent, je suis un immigr\u00e9, en effet, avant d&rsquo;\u00eatre un Montr\u00e9alais, j&rsquo;\u00e9tais un Verdunois (<a href=\"https:\/\/twitter.com\/search?f=realtime&#038;q=%23verdunluv&#038;src=typd\" target=\"_blank\" rel=\"noopener\">#verdunluv<\/a>) et je suis assez fier de ce que mon \u00ab\u00a0hood\u00a0\u00bb est devenu. Au milieu des ann\u00e9es 80, dire que vous \u00e9tiez de Verdun for\u00e7ait un automatisme, les gens se poussaient, se tassaient comme si vous aviez la grippe espagnole. Verdun a fait l&rsquo;annonce cette semaine de son ouverture vers une vie nocturne plus vivante pour finalement apporter la ville dans le 21e si\u00e8cle. \u00c0 court terme, vous verrez d\u00e9bat entre les anciens et les nouveaux verdunois, \u00e0 long terme, vous verrez l&rsquo;ancienne ville devenir un arrondissement en bonne et due forme de Montr\u00e9al et ce n&rsquo;est pas une mauvaise chose.<\/p>\n<p>Il y a dans les m\u00e9dias une grande erreur qui se r\u00e9p\u00e8te r\u00e9guli\u00e8rement quand on mentionne la s\u00e9cheresse de d\u00e9bits de boisson \u00e0 Verdun. La Loi Scott est souvent \u00e9voqu\u00e9e, le quartier est sous la Loi de la Temp\u00e9rance du Qu\u00e9bec et non la Loi Scott. En 1878 cette loi offre la possibilit\u00e9 aux municipalit\u00e9s de choisir au sujet de la vente d&rsquo;alcool sur leur territoire. On parle ici d&rsquo;une prohibition totale, aucune vente d&rsquo;alcool n&rsquo;\u00e9tant permise, pourtant l&rsquo;alcool est vendu dans les march\u00e9s et d\u00e9panneurs depuis plus ou moins toujours. La loi de la temp\u00e9rance du Qu\u00e9bec, permet \u00e0 une municipalit\u00e9 d&rsquo;interdire l&rsquo;ouverture de tavernes, bars et cabarets dans la cit\u00e9. Petit fait cocasse, un r\u00e9f\u00e9rendum f\u00e9d\u00e9ral le 29 septembre 1898 posent la question suivante sur une prohibition compl\u00e8te dans le pays. \u00ab\u00a0\u00cates-vous favorable \u00e0 la passation d&rsquo;une loi d\u00e9fendant l&rsquo;importation, la fabrication ou la vente de spiritueux, vins, bi\u00e8re, ale, cidre et de toutes autres liqueurs alcooliques comme breuvages\u00a0\u00bb. Sachez que le oui remporte une forte majorit\u00e9 dans toutes les provinces du pays, sauf une&#8230;au Qu\u00e9bec ou le camp du non gagne avec une \u00e9crasante victoire de 81,2%. Le r\u00e9f\u00e9rendum est tout de m\u00eame remport\u00e9 \u00e0 51,4% par le oui, mais la loi ne sera jamais d\u00e9velopp\u00e9e et le Canada ne verra pas vraiment de prohibition. Suite \u00e0 l&rsquo;annonce de cette semaine, il ne reste qu&rsquo;une seule ville sous le r\u00e8gne de la Temp\u00e9rance du Qu\u00e9bec, notre ville de \u00ab\u00a0pas dans ma cours\u00a0\u00bb pr\u00e9f\u00e9r\u00e9e, bien s\u00fbr, je parle de St-Lambert. <\/p>\n<p>De retour \u00e0 Verdun, jusqu&rsquo;en 1965, la seule fa\u00e7on d&rsquo;avoir sa petite bi\u00e8re ou son petit fort est de le prendre \u00e0 la maison. <a href=\"http:\/\/news.google.com\/newspapers?id=JsQtAAAAIBAJ&#038;sjid=W58FAAAAIBAJ&#038;dq=taverns%20and%20verdun&#038;pg=5268%2C5928633\" target=\"_blank\" rel=\"noopener\">Le r\u00e9f\u00e9rendum marathon de 58 heures<\/a> du 15 novembre 1965 avec une participation de 36% de la population votent en faveur de la vente d&rsquo;alcool sur son territoire vient changer tout \u00e7a. Avec 4 739 en faveur et 4 420 en d\u00e9saccord, ce n&rsquo;est qu&rsquo;une mince majorit\u00e9 de 319 votes qui feront la diff\u00e9rence. Cette victoire offre maintenant la chance aux restaurateurs de faire la demande pour un permis de vente de boisson. Le r\u00e9f\u00e9rendum \u00e9tant sous la loi de la temp\u00e9rance du Qu\u00e9bec avait des r\u00e8gles strictes qui expliquent sa dur\u00e9e de presque 58h. Une journ\u00e9e compl\u00e8te de 10:00 \u00e0 17:00 devait \u00eatre offert pour chaque 400 \u00e9lecteurs. Sous cette m\u00e9thode, le r\u00e9f\u00e9rendum aurait donc pu durer pendant 63 jours. Par contre, la loi stipule que si aucun \u00e9lecteur ne se pointe au bureau de vote pour une p\u00e9riode de plus de 30 minutes, le r\u00e9f\u00e9rendum prend fin. C&rsquo;est alors que les bureaux seront ferm\u00e9s le 24 novembre 1965 \u00e0 11:37. Le clan du Oui voulait une victoire pour pousser la construction d&rsquo;h\u00f4tels haut-de-gamme sur l&rsquo;\u00eele-des-Soeurs et ainsi aider son d\u00e9veloppement \u00e0 l&rsquo;ombre de l&rsquo;Expo 67. Construction d&rsquo;h\u00f4tels qui comme vous pouvez le voir aujourd&rsquo;hui, n&rsquo;aura jamais lieu. Le clan du non lui \u00e9tait men\u00e9 par nul autre que le Maire O&rsquo;reilly lui-m\u00eame et la droite religieuse irlandaise, une bonne partie de la population verdunoise.<\/p>\n<div align=\"center\">\n<figure id=\"attachment_3240\" aria-describedby=\"caption-attachment-3240\" style=\"width: 600px\" class=\"wp-caption aligncenter\"><img loading=\"lazy\" decoding=\"async\" src=\"https:\/\/proposmontreal.com\/wp-content\/uploads\/2014\/12\/caricature.jpg\" alt=\"R\u00e9f\u00e9rendum Verdun Novembre 1965\" width=\"600\" height=\"322\" class=\"size-full wp-image-3240\" srcset=\"https:\/\/proposmontreal.com\/wp-content\/uploads\/2014\/12\/caricature.jpg 600w, https:\/\/proposmontreal.com\/wp-content\/uploads\/2014\/12\/caricature-150x80.jpg 150w, https:\/\/proposmontreal.com\/wp-content\/uploads\/2014\/12\/caricature-300x161.jpg 300w\" sizes=\"auto, (max-width: 600px) 100vw, 600px\" \/><figcaption id=\"caption-attachment-3240\" class=\"wp-caption-text\">Caricature, The Gazette, 25 novembre 1965<\/figcaption><\/figure>\n<\/div>\n<p>Il ne faut quand m\u00eame pas le cacher, il y avait de la vente d&rsquo;alcool \u00e0 Verdun, fallait juste le savoir. Plusieurs restaurants continuaient \u00e0 vendre de la boisson apr\u00e8s la fermeture des cuisines. Si vous \u00eates verdunois de longue date, vous avez s\u00fbrement entendu dire que l&rsquo;alcool coulait \u00e0 flots dans les soir\u00e9es \u00e0 La L\u00e9gion, avenue de Verdun. Des bars sont aussi ouverts aux limites de la ville, que ce soit sur le Boulevard de la V\u00e9rendrye ou aux limites est sur Wellington, il ne s&rsquo;agit que d&rsquo;une petite marche pour se rendre dans une taverne (Bienvenue aux Dames!). Malgr\u00e9 le r\u00e9f\u00e9rendum de 1965, il est pratiquement impossible d&rsquo;y prendre un verre. Tr\u00e8s peu de restaurants obtiennent ces fameux permis et la ville reste pratiquement s\u00e8che jusqu&rsquo;en 1996 quand la loi de 1965 est abrog\u00e9e et simplifi\u00e9e. Malheureusement, il faut encore commander un repas pour profiter de sa bi\u00e8re ou de sa bouteille de vin, mais il n&rsquo;y a pas de limite. Un petit repas en entr\u00e9 et vous pouvez boire le reste de la soir\u00e9e. C&rsquo;est avec cette nouvelle mentalit\u00e9 que les r\u00e9sidents ont enfin droit \u00e0 des restaurants de qualit\u00e9s ou des bistros sympathiques. <\/p>\n<p>Le prochain changement majeur se passe en 2010 avec le nouveau plan d&rsquo;urbanisme de la ville devenue arrondissement. La ville s&rsquo;ouvre \u00e0 la cr\u00e9ation de micro-brasseries. Les r\u00e8gles sont simples, ce qui y est consomm\u00e9, doit \u00eatre brass\u00e9 sur place. Les propri\u00e9taires de la brasserie artisanale B\u00e9n\u00e9lux coin Sherbrooke et Jeanne-Mance se lance alors dans l&rsquo;acquisition et la cr\u00e9ation du premier bar depuis 138 ans dans la cit\u00e9 de Verdun. \u00c0 coup de b\u00e2tons dans les roues, de bureaucratie et ce qui semblait \u00eatre une \u00e9ternit\u00e9, le <a href=\"http:\/\/www.brasseriebenelux.com\/wellington\" target=\"_blank\" rel=\"noopener\">B\u00e9n\u00e9lux Verdun<\/a> ouvre alors ces portes le 13 mai 2013 et les cuves sont plac\u00e9es dans les vo\u00fbtes de cette ancienne Banque de Montr\u00e9al dans un \u00e9difice centenaire de 1917. La brasserie b\u00e9n\u00e9ficie d&rsquo;un avantage qu&rsquo;aucune autre micro-brasserie ne peux s&rsquo;installer \u00e0 moins de 1,5 km de distance de celle-ci. Une bi\u00e8re brass\u00e9e sur place porte m\u00eame le nom de \u00ab\u00a0La Temp\u00e9rance\u00a0\u00bb en honneur \u00e0 la vieille loi.<\/p>\n<div align=\"center\">\n<figure id=\"attachment_3242\" aria-describedby=\"caption-attachment-3242\" style=\"width: 550px\" class=\"wp-caption aligncenter\"><img loading=\"lazy\" decoding=\"async\" src=\"https:\/\/proposmontreal.com\/wp-content\/uploads\/2014\/12\/benelux.jpg\" alt=\"Brasserie Benelux\" width=\"550\" height=\"492\" class=\"size-full wp-image-3242\" srcset=\"https:\/\/proposmontreal.com\/wp-content\/uploads\/2014\/12\/benelux.jpg 550w, https:\/\/proposmontreal.com\/wp-content\/uploads\/2014\/12\/benelux-150x134.jpg 150w, https:\/\/proposmontreal.com\/wp-content\/uploads\/2014\/12\/benelux-300x268.jpg 300w\" sizes=\"auto, (max-width: 550px) 100vw, 550px\" \/><figcaption id=\"caption-attachment-3242\" class=\"wp-caption-text\">photo tir\u00e9e de leur page Facebook.<\/figcaption><\/figure>\n<\/div>\n<p>Lors du d\u00e9p\u00f4t de <a href=\"http:\/\/ville.montreal.qc.ca\/portal\/page?_pageid=8637,125583588&#038;_dad=portal&#038;_schema=PORTAL\" target=\"_blank\" rel=\"noopener\">son nouveau plan strat\u00e9gique cette semaine<\/a>, l&rsquo;arrondissement pour stimuler l\u2019offre de commerces et de services de proximit\u00e9 permettra l\u2019\u00e9tablissement de bars et de resto-bars dans des zones cibl\u00e9es et ainsi y cr\u00e9er une vie de quartier comme il est possible de retrouver ailleurs sur l\u2019\u00eele. Ces zones en questions sont donc, La promenade Wellington entre Strathmore et la 6e avenue, La Place du Commerce et le Chemin de la Pointe-Nord \u00e0 l&rsquo;\u00eele des Soeurs. La rue Wellington est selon ma seule opinion et bas\u00e9 sur aucun fait une des rues commerciales avec l&rsquo;Avenue Masson ayant le plus de potentiels \u00e0 Montr\u00e9al. Ces art\u00e8res importantes ne seront jamais des destinations comme Mont-Royal ou Ste-Catherine peuvent l&rsquo;\u00eatre mais sont la pierre angulaire d&rsquo;une vie de quartier vivante et attrayante pour de futurs r\u00e9sidents. La Rue Ontario Est dans Hochelaga \u00e0 beaucoup e potentiel \u00e9galement, mais n\u00e9cessite un virage de mentalit\u00e9 dans le quartier qui sera dur \u00e0 changer. Rendez vous au coin de la Rue Ontario Est et Valois et vous verrez probablement un des plus beaux coins de la ville enti\u00e8re, histoire, culture lcoale, de belles boutiques, des gens plus jeunes et moins jeunes se retrouvent tous sur ce coin de rue et pourtant il n&rsquo;y a aucun doute que vous \u00eates \u00e0 Hochelag&rsquo;.<\/p>\n<div align=\"center\">\n<img loading=\"lazy\" decoding=\"async\" src=\"https:\/\/proposmontreal.com\/wp-content\/uploads\/2014\/12\/secteurs.png\" alt=\"secteurs\" width=\"600\" height=\"564\" class=\"aligncenter size-full wp-image-3245\" srcset=\"https:\/\/proposmontreal.com\/wp-content\/uploads\/2014\/12\/secteurs.png 600w, https:\/\/proposmontreal.com\/wp-content\/uploads\/2014\/12\/secteurs-150x141.png 150w, https:\/\/proposmontreal.com\/wp-content\/uploads\/2014\/12\/secteurs-300x282.png 300w\" sizes=\"auto, (max-width: 600px) 100vw, 600px\" \/>\n<\/div>\n<p>Revenons dans le sud-ouest, il est possible d&rsquo;ouvrir une bo\u00eete de Pandore avec cette annonce d&rsquo;ouverture de bo\u00eetes de nuit. Malgr\u00e9 l&rsquo;interdiction d&rsquo;endroits jug\u00e9 \u00ab\u00a0louches\u00a0\u00bb, la mafia des fr\u00e8res Dubois dans le Sud-Ouest dans les ann\u00e9es 60 \u00e0 80 et la pr\u00e9sence des gangs de motards dans les ann\u00e9es 90 n&rsquo;ont pas chang\u00e9 le fait que le crime \u00e0 Verdun \u00e9tait assez pr\u00e9sent. Plusieurs boutiques se voulaient des \u00ab\u00a0fronts\u00a0\u00bb \u00e0 des business encore plus louches que n&rsquo;importe quels bars et clubs. Suite \u00e0 multiples interventions polici\u00e8res dans le monde du crime organis\u00e9 \u00e0 la fin des ann\u00e9es 90 et d\u00e9but 2000 qui ont fait que la vie de quartier a repris le dessus. C&rsquo;est aussi vrai dans le Sud Ouest que dans n&rsquo;importe autre quartier \u00e0 Montr\u00e9al. Un bon m\u00e9lange de locatif sur les rues nord-sud et de condos sur les avenues est-ouest ont fait que Verdun semble aujourd&rsquo;hui une alternative plus qu&rsquo;int\u00e9ressant pour les jeunes familles avec plusieurs \u00ab\u00a0plex\u00a0\u00bb avec cours avant et arri\u00e8res, stationnement, trois stations de m\u00e9tro (Verdun, de L&rsquo;\u00c9glise, Lasalle) avec deux autres \u00e0 quelques minutes (Monk, Jolicoeur) de marche et une art\u00e8re principale qui s&rsquo;est dot\u00e9 de plusieurs boutiques de proximit\u00e9 que ce soit des boulangeries, chocolateries ou boutiques de th\u00e9. Verdun est une partie de la ville \u00e0 haute densification et la vie de quartier y est tr\u00e8s pr\u00e9sente, pourtant, il y a quelque chose de tr\u00e8s \u00ab\u00a0montr\u00e9alais\u00a0\u00bb. L&rsquo;arrondissement en question est la limite ouest de ce \u00ab\u00a0montr\u00e9alisme\u00a0\u00bb qui est compl\u00e8tement absent dans les arrondissements voisins comme Lasalle ou Lachine qui sont des entit\u00e9s en elles-m\u00eames.<\/p>\n<p>L&rsquo;ouverture de pubs de quartier n&rsquo;ont fait qu&rsquo;am\u00e9liorer la vie de quartier de plusieurs art\u00e8res, juste \u00e0 regarder la micro-brasserie L&rsquo;Espace Publique rue Ontario pour voir que bars n&rsquo;\u00e9gale pas n\u00e9cessairement d\u00e9bauche. Sur Wellington, ont semble vouloir bien encadrer ce d\u00e9veloppement. Deux r\u00e8gles sont mises de l&rsquo;avant, les futurs \u00e9tablissements ne comprendront aucune machine de loteries vid\u00e9os et la superficie de plancher destin\u00e9es \u00e0 la consommation ne pourra pas d\u00e9passer les 200m carr\u00e9s. Je prends l&rsquo;Exemple d&rsquo;un \u00ab\u00a0Sports Bar\u00a0\u00bb o\u00f9 il y a un espace salle \u00e0 manger et un espace bar. On ne risque donc pas de voir d\u00e9barquer les \u00ab\u00a0Sergakis\u00a0\u00bb de ce monde. Ensuite, chaque proposition sera \u00e9valu\u00e9e sur les points suivants, les heures d&rsquo;ouvertures, l&rsquo;achalandage projet\u00e9e, le milieu environnant et son incidence sur ce m\u00eame milieu et la qualit\u00e9 du projet dans un tout. Wellington \u00e9tant tout de m\u00eame une rue avec plusieurs r\u00e9sidences, le bruit sera un facteur important. <\/p>\n<p>Je crois qu&rsquo;il est certain que des endroits d\u00e9j\u00e0 tr\u00e8s populaires de l&rsquo;art\u00e8re commerciale comme le <a href=\"http:\/\/www.joblorestaurantsteakhouse.com\/\" target=\"_blank\" rel=\"noopener\">JoBlo<\/a> (parmi les meilleurs burgers sur l&rsquo;\u00eele), <a href=\"http:\/\/www.lesilesenville.com\/\" target=\"_blank\" rel=\"noopener\">les \u00eeles en Ville<\/a> ou Le Garage Caf\u00e9 se verront avantag\u00e9s s&rsquo;ils d\u00e9cident d&#8217;embrasser cette nouvelle offre. Pour ce qui est de l&rsquo;\u00cele-des-Soeurs je vais avouer que je suis un peu dans le n\u00e9ant, j&rsquo;y vois peut-\u00eatre l&rsquo;arriv\u00e9e d&rsquo;une cha\u00eene comme une Cage aux sports, un St-Hub ou les 3 brasseurs, la Pointe-Nord reste encore en plein d\u00e9veloppement et avec des tours \u00e0 condos qui se construisent en ce moment et le Campus Bell, je ne vois pas vraiment ce qui pourrait s&rsquo;y retrouver, l&rsquo;\u00celes-des-Soeurs est depuis le d\u00e9but de son exploitation, plus une banlieue o\u00f9 tu vas pour dormir si tu y habites et o\u00f9 tu vas au boulot si ton si\u00e8ge social y est pr\u00e9sent. Bien h\u00e2te de voir ce qui pourra se d\u00e9velopper l\u00e0. <\/p>\n<div align=\"center\">\n<figure id=\"attachment_3246\" aria-describedby=\"caption-attachment-3246\" style=\"width: 600px\" class=\"wp-caption aligncenter\"><img loading=\"lazy\" decoding=\"async\" src=\"https:\/\/proposmontreal.com\/wp-content\/uploads\/2014\/12\/joblo.png\" alt=\"JoBlo Steakhouse Verdun\" width=\"600\" height=\"255\" class=\"size-full wp-image-3246\" srcset=\"https:\/\/proposmontreal.com\/wp-content\/uploads\/2014\/12\/joblo.png 600w, https:\/\/proposmontreal.com\/wp-content\/uploads\/2014\/12\/joblo-150x63.png 150w, https:\/\/proposmontreal.com\/wp-content\/uploads\/2014\/12\/joblo-300x127.png 300w\" sizes=\"auto, (max-width: 600px) 100vw, 600px\" \/><figcaption id=\"caption-attachment-3246\" class=\"wp-caption-text\">l&rsquo;int\u00e9rieur du JoBlo Steakhouse est d\u00e9j\u00e0 un bon endroit pour prendre un verre.<\/figcaption><\/figure>\n<\/div>\n<p>Pour conclure, selon le plan de restructuration de la ville, les premiers bars devraient faire leur apparition en 2015. Je ne crois sinc\u00e8rement pas que nous allons y voir une prolif\u00e9ration hors de contr\u00f4le apr\u00e8s tout, on ne parle que d&rsquo;une rue de 1,46 km en longueur. La possibilit\u00e9 r\u00e9elle de voir plus de trois ou quatre \u00e9tablissements de se type est assez mince et la mairie d&rsquo;arrondissement semble avoir un bon contr\u00f4le sur la situation pour le moment. Vous pouvez <a href=\"http:\/\/ville.montreal.qc.ca\/pls\/portal\/docs\/PAGE\/ARROND_VER_FR\/MEDIA\/DOCUMENTS\/DEPLIANT_USAGE_CONDITIONNELFINAL.PDF\" target=\"_blank\" rel=\"noopener\">lire le guide de propositions sur le <a href=\"http:\/\/ville.montreal.qc.ca\/portal\/page?_pageid=8637,137713680&#038;_dad=portal&#038;_schema=PORTAL\" target=\"_blank\" rel=\"noopener\">site de la ville<\/a>.<\/a> <\/p>\n<p>Il faudra s&rsquo;armer de patience avant de voir une vie nocturne verdunoise s&rsquo;activer, reste que c&rsquo;est un pas dans la bonne direction pour \u00e9lever mon patelin au-dessus d&rsquo;une masse populaire de \u00ab\u00a0no man&rsquo;s land\u00a0\u00bb dans ce coin de l&rsquo;\u00eele.<\/p>\n<div align=\"center\">\n<figure id=\"attachment_3243\" aria-describedby=\"caption-attachment-3243\" style=\"width: 600px\" class=\"wp-caption aligncenter\"><img loading=\"lazy\" decoding=\"async\" src=\"https:\/\/proposmontreal.com\/wp-content\/uploads\/2014\/12\/wellington.jpg\" alt=\"Rue Wellington Verdun\" width=\"600\" height=\"645\" class=\"size-full wp-image-3243\" srcset=\"https:\/\/proposmontreal.com\/wp-content\/uploads\/2014\/12\/wellington.jpg 600w, https:\/\/proposmontreal.com\/wp-content\/uploads\/2014\/12\/wellington-139x150.jpg 139w, https:\/\/proposmontreal.com\/wp-content\/uploads\/2014\/12\/wellington-279x300.jpg 279w\" sizes=\"auto, (max-width: 600px) 100vw, 600px\" \/><figcaption id=\"caption-attachment-3243\" class=\"wp-caption-text\">Rue Wellington<\/figcaption><\/figure>\n<\/div>\n","protected":false},"excerpt":{"rendered":"<p><span class=\"span-reading-time rt-reading-time\" style=\"display: block;\"><span class=\"rt-label rt-prefix\">Temps de lecture approximatif de<\/span> <span class=\"rt-time\"> 7<\/span> <span class=\"rt-label rt-postfix\">minutes<\/span><\/span>Verdun ouvre finalement la possibilit\u00e9 de voir des bars sur la rue Wellington. Comment la ville aura rest\u00e9 s\u00e8che pendant plus de 100 ans?<\/p>\n<div class=\"more-link-wrapper\"><a class=\"more-link\" href=\"https:\/\/proposmontreal.com\/index.php\/prendre-un-verre-de-biere-mon-minou-a-verdun\/\">Pour lire l&#039;article&#8230;<span class=\"screen-reader-text\">Prendre un verre de bi\u00e8re mon minou&#8230;  \u00c0 Verdun.<\/span><\/a><\/div>\n","protected":false},"author":2,"featured_media":3246,"comment_status":"closed","ping_status":"closed","sticky":false,"template":"","format":"standard","meta":{"jetpack_post_was_ever_published":false,"_jetpack_newsletter_access":"","_jetpack_dont_email_post_to_subs":false,"_jetpack_newsletter_tier_id":0,"_jetpack_memberships_contains_paywalled_content":false,"_jetpack_memberships_contains_paid_content":false,"footnotes":""},"categories":[1],"tags":[1171,1291,303,1292,1295,1296,1293,1294,635],"class_list":["post-3239","post","type-post","status-publish","format-standard","has-post-thumbnail","hentry","category-actualite","tag-bars","tag-benelux","tag-brasserie","tag-clus","tag-loi-scott","tag-prohibition","tag-taverne","tag-temperance","tag-verdun","excerpt","zoom","full-without-featured","even","excerpt-0"],"yoast_head":"<!-- This site is optimized with the Yoast SEO plugin v26.5 - https:\/\/yoast.com\/wordpress\/plugins\/seo\/ -->\n<title>Prendre un verre de bi\u00e8re mon minou... \u00c0 Verdun.<\/title>\n<meta name=\"description\" content=\"Verdun ouvre finalement la possibilit\u00e9 de voir des bars sur la rue Wellington. Comment la ville aura rest\u00e9 s\u00e8che pendant plus de 100 ans?\" \/>\n<meta name=\"robots\" content=\"index, follow, max-snippet:-1, max-image-preview:large, max-video-preview:-1\" \/>\n<link rel=\"canonical\" href=\"https:\/\/proposmontreal.com\/index.php\/prendre-un-verre-de-biere-mon-minou-a-verdun\/\" \/>\n<meta property=\"og:locale\" content=\"fr_FR\" \/>\n<meta property=\"og:type\" content=\"article\" \/>\n<meta property=\"og:title\" content=\"Prendre un verre de bi\u00e8re mon minou... \u00c0 Verdun.\" \/>\n<meta property=\"og:url\" content=\"https:\/\/proposmontreal.com\/index.php\/prendre-un-verre-de-biere-mon-minou-a-verdun\/\" \/>\n<meta property=\"og:site_name\" content=\"ProposMontr\u00e9al\" \/>\n<meta property=\"article:publisher\" content=\"https:\/\/www.facebook.com\/proposmontreal\" \/>\n<meta property=\"article:author\" content=\"https:\/\/www.facebook.com\/proposmontreal\" \/>\n<meta property=\"article:published_time\" content=\"2014-12-07T17:15:57+00:00\" \/>\n<meta property=\"article:modified_time\" content=\"2022-07-15T16:22:08+00:00\" \/>\n<meta property=\"og:image\" content=\"https:\/\/proposmontreal.com\/wp-content\/uploads\/2014\/12\/joblo.png\" \/>\n\t<meta property=\"og:image:width\" content=\"600\" \/>\n\t<meta property=\"og:image:height\" content=\"255\" \/>\n\t<meta property=\"og:image:type\" content=\"image\/png\" \/>\n<meta name=\"author\" content=\"Martin B\u00e9rub\u00e9\" \/>\n<meta name=\"twitter:card\" content=\"summary_large_image\" \/>\n<meta name=\"twitter:creator\" content=\"@proposmontreal\" \/>\n<meta name=\"twitter:site\" content=\"@ProposMontreal\" \/>\n<meta name=\"twitter:label1\" content=\"\u00c9crit par\" \/>\n\t<meta name=\"twitter:data1\" content=\"Martin B\u00e9rub\u00e9\" \/>\n\t<meta name=\"twitter:label2\" content=\"Dur\u00e9e de lecture estim\u00e9e\" \/>\n\t<meta name=\"twitter:data2\" content=\"10 minutes\" \/>\n<script type=\"application\/ld+json\" class=\"yoast-schema-graph\">{\"@context\":\"https:\/\/schema.org\",\"@graph\":[{\"@type\":\"WebPage\",\"@id\":\"https:\/\/proposmontreal.com\/index.php\/prendre-un-verre-de-biere-mon-minou-a-verdun\/\",\"url\":\"https:\/\/proposmontreal.com\/index.php\/prendre-un-verre-de-biere-mon-minou-a-verdun\/\",\"name\":\"Prendre un verre de bi\u00e8re mon minou... \u00c0 Verdun.\",\"isPartOf\":{\"@id\":\"https:\/\/proposmontreal.com\/#website\"},\"primaryImageOfPage\":{\"@id\":\"https:\/\/proposmontreal.com\/index.php\/prendre-un-verre-de-biere-mon-minou-a-verdun\/#primaryimage\"},\"image\":{\"@id\":\"https:\/\/proposmontreal.com\/index.php\/prendre-un-verre-de-biere-mon-minou-a-verdun\/#primaryimage\"},\"thumbnailUrl\":\"https:\/\/proposmontreal.com\/wp-content\/uploads\/2014\/12\/joblo.png\",\"datePublished\":\"2014-12-07T17:15:57+00:00\",\"dateModified\":\"2022-07-15T16:22:08+00:00\",\"author\":{\"@id\":\"https:\/\/proposmontreal.com\/#\/schema\/person\/7d7acef09662dd8c0283a456e39b3254\"},\"description\":\"Verdun ouvre finalement la possibilit\u00e9 de voir des bars sur la rue Wellington. Comment la ville aura rest\u00e9 s\u00e8che pendant plus de 100 ans?\",\"breadcrumb\":{\"@id\":\"https:\/\/proposmontreal.com\/index.php\/prendre-un-verre-de-biere-mon-minou-a-verdun\/#breadcrumb\"},\"inLanguage\":\"fr-FR\",\"potentialAction\":[{\"@type\":\"ReadAction\",\"target\":[\"https:\/\/proposmontreal.com\/index.php\/prendre-un-verre-de-biere-mon-minou-a-verdun\/\"]}]},{\"@type\":\"ImageObject\",\"inLanguage\":\"fr-FR\",\"@id\":\"https:\/\/proposmontreal.com\/index.php\/prendre-un-verre-de-biere-mon-minou-a-verdun\/#primaryimage\",\"url\":\"https:\/\/proposmontreal.com\/wp-content\/uploads\/2014\/12\/joblo.png\",\"contentUrl\":\"https:\/\/proposmontreal.com\/wp-content\/uploads\/2014\/12\/joblo.png\",\"width\":600,\"height\":255,\"caption\":\"L'In\u00e9rieur du JoBlo Steakhouse est d\u00e9j\u00e0 un bon endroit pour prendre un verre.\"},{\"@type\":\"BreadcrumbList\",\"@id\":\"https:\/\/proposmontreal.com\/index.php\/prendre-un-verre-de-biere-mon-minou-a-verdun\/#breadcrumb\",\"itemListElement\":[{\"@type\":\"ListItem\",\"position\":1,\"name\":\"Accueil\",\"item\":\"https:\/\/proposmontreal.com\/\"},{\"@type\":\"ListItem\",\"position\":2,\"name\":\"Prendre un verre de bi\u00e8re mon minou&#8230; \u00c0 Verdun.\"}]},{\"@type\":\"WebSite\",\"@id\":\"https:\/\/proposmontreal.com\/#website\",\"url\":\"https:\/\/proposmontreal.com\/\",\"name\":\"ProposMontr\u00e9al\",\"description\":\"Histoire, Urbanisme, Architecture et Opinions.\",\"potentialAction\":[{\"@type\":\"SearchAction\",\"target\":{\"@type\":\"EntryPoint\",\"urlTemplate\":\"https:\/\/proposmontreal.com\/?s={search_term_string}\"},\"query-input\":{\"@type\":\"PropertyValueSpecification\",\"valueRequired\":true,\"valueName\":\"search_term_string\"}}],\"inLanguage\":\"fr-FR\"},{\"@type\":\"Person\",\"@id\":\"https:\/\/proposmontreal.com\/#\/schema\/person\/7d7acef09662dd8c0283a456e39b3254\",\"name\":\"Martin B\u00e9rub\u00e9\",\"image\":{\"@type\":\"ImageObject\",\"inLanguage\":\"fr-FR\",\"@id\":\"https:\/\/proposmontreal.com\/#\/schema\/person\/image\/\",\"url\":\"https:\/\/secure.gravatar.com\/avatar\/c584d9147b7b50bb9ff2edf1db3d93d38f22473bdde645a7942ee41f752cce3f?s=96&d=blank&r=g\",\"contentUrl\":\"https:\/\/secure.gravatar.com\/avatar\/c584d9147b7b50bb9ff2edf1db3d93d38f22473bdde645a7942ee41f752cce3f?s=96&d=blank&r=g\",\"caption\":\"Martin B\u00e9rub\u00e9\"},\"description\":\"Amoureux de Montr\u00e9al, fascin\u00e9 par l'histoire de la ville, son urbanisme et sa toponymie, ni historien ni sp\u00e9cialiste du sujet, Martin n'\u00e9tait m\u00eame pas n\u00e9 \u00e0 l'\u00e9poque de 99% des sujets discut\u00e9s de ce site. Il aime trouver des r\u00e9ponses aux questions qui sont pos\u00e9es. Les billets que vous lisez ne sont que les r\u00e9sultats de la qu\u00eate vers des r\u00e9ponses et le besoin de partager.\",\"sameAs\":[\"http:\/\/proposmontreal.com\",\"https:\/\/www.facebook.com\/proposmontreal\",\"https:\/\/x.com\/proposmontreal\"]}]}<\/script>\n<!-- \/ Yoast SEO plugin. -->","yoast_head_json":{"title":"Prendre un verre de bi\u00e8re mon minou... \u00c0 Verdun.","description":"Verdun ouvre finalement la possibilit\u00e9 de voir des bars sur la rue Wellington. Comment la ville aura rest\u00e9 s\u00e8che pendant plus de 100 ans?","robots":{"index":"index","follow":"follow","max-snippet":"max-snippet:-1","max-image-preview":"max-image-preview:large","max-video-preview":"max-video-preview:-1"},"canonical":"https:\/\/proposmontreal.com\/index.php\/prendre-un-verre-de-biere-mon-minou-a-verdun\/","og_locale":"fr_FR","og_type":"article","og_title":"Prendre un verre de bi\u00e8re mon minou... \u00c0 Verdun.","og_url":"https:\/\/proposmontreal.com\/index.php\/prendre-un-verre-de-biere-mon-minou-a-verdun\/","og_site_name":"ProposMontr\u00e9al","article_publisher":"https:\/\/www.facebook.com\/proposmontreal","article_author":"https:\/\/www.facebook.com\/proposmontreal","article_published_time":"2014-12-07T17:15:57+00:00","article_modified_time":"2022-07-15T16:22:08+00:00","og_image":[{"width":600,"height":255,"url":"https:\/\/proposmontreal.com\/wp-content\/uploads\/2014\/12\/joblo.png","type":"image\/png"}],"author":"Martin B\u00e9rub\u00e9","twitter_card":"summary_large_image","twitter_creator":"@proposmontreal","twitter_site":"@ProposMontreal","twitter_misc":{"\u00c9crit par":"Martin B\u00e9rub\u00e9","Dur\u00e9e de lecture estim\u00e9e":"10 minutes"},"schema":{"@context":"https:\/\/schema.org","@graph":[{"@type":"WebPage","@id":"https:\/\/proposmontreal.com\/index.php\/prendre-un-verre-de-biere-mon-minou-a-verdun\/","url":"https:\/\/proposmontreal.com\/index.php\/prendre-un-verre-de-biere-mon-minou-a-verdun\/","name":"Prendre un verre de bi\u00e8re mon minou... \u00c0 Verdun.","isPartOf":{"@id":"https:\/\/proposmontreal.com\/#website"},"primaryImageOfPage":{"@id":"https:\/\/proposmontreal.com\/index.php\/prendre-un-verre-de-biere-mon-minou-a-verdun\/#primaryimage"},"image":{"@id":"https:\/\/proposmontreal.com\/index.php\/prendre-un-verre-de-biere-mon-minou-a-verdun\/#primaryimage"},"thumbnailUrl":"https:\/\/proposmontreal.com\/wp-content\/uploads\/2014\/12\/joblo.png","datePublished":"2014-12-07T17:15:57+00:00","dateModified":"2022-07-15T16:22:08+00:00","author":{"@id":"https:\/\/proposmontreal.com\/#\/schema\/person\/7d7acef09662dd8c0283a456e39b3254"},"description":"Verdun ouvre finalement la possibilit\u00e9 de voir des bars sur la rue Wellington. Comment la ville aura rest\u00e9 s\u00e8che pendant plus de 100 ans?","breadcrumb":{"@id":"https:\/\/proposmontreal.com\/index.php\/prendre-un-verre-de-biere-mon-minou-a-verdun\/#breadcrumb"},"inLanguage":"fr-FR","potentialAction":[{"@type":"ReadAction","target":["https:\/\/proposmontreal.com\/index.php\/prendre-un-verre-de-biere-mon-minou-a-verdun\/"]}]},{"@type":"ImageObject","inLanguage":"fr-FR","@id":"https:\/\/proposmontreal.com\/index.php\/prendre-un-verre-de-biere-mon-minou-a-verdun\/#primaryimage","url":"https:\/\/proposmontreal.com\/wp-content\/uploads\/2014\/12\/joblo.png","contentUrl":"https:\/\/proposmontreal.com\/wp-content\/uploads\/2014\/12\/joblo.png","width":600,"height":255,"caption":"L'In\u00e9rieur du JoBlo Steakhouse est d\u00e9j\u00e0 un bon endroit pour prendre un verre."},{"@type":"BreadcrumbList","@id":"https:\/\/proposmontreal.com\/index.php\/prendre-un-verre-de-biere-mon-minou-a-verdun\/#breadcrumb","itemListElement":[{"@type":"ListItem","position":1,"name":"Accueil","item":"https:\/\/proposmontreal.com\/"},{"@type":"ListItem","position":2,"name":"Prendre un verre de bi\u00e8re mon minou&#8230; \u00c0 Verdun."}]},{"@type":"WebSite","@id":"https:\/\/proposmontreal.com\/#website","url":"https:\/\/proposmontreal.com\/","name":"ProposMontr\u00e9al","description":"Histoire, Urbanisme, Architecture et Opinions.","potentialAction":[{"@type":"SearchAction","target":{"@type":"EntryPoint","urlTemplate":"https:\/\/proposmontreal.com\/?s={search_term_string}"},"query-input":{"@type":"PropertyValueSpecification","valueRequired":true,"valueName":"search_term_string"}}],"inLanguage":"fr-FR"},{"@type":"Person","@id":"https:\/\/proposmontreal.com\/#\/schema\/person\/7d7acef09662dd8c0283a456e39b3254","name":"Martin B\u00e9rub\u00e9","image":{"@type":"ImageObject","inLanguage":"fr-FR","@id":"https:\/\/proposmontreal.com\/#\/schema\/person\/image\/","url":"https:\/\/secure.gravatar.com\/avatar\/c584d9147b7b50bb9ff2edf1db3d93d38f22473bdde645a7942ee41f752cce3f?s=96&d=blank&r=g","contentUrl":"https:\/\/secure.gravatar.com\/avatar\/c584d9147b7b50bb9ff2edf1db3d93d38f22473bdde645a7942ee41f752cce3f?s=96&d=blank&r=g","caption":"Martin B\u00e9rub\u00e9"},"description":"Amoureux de Montr\u00e9al, fascin\u00e9 par l'histoire de la ville, son urbanisme et sa toponymie, ni historien ni sp\u00e9cialiste du sujet, Martin n'\u00e9tait m\u00eame pas n\u00e9 \u00e0 l'\u00e9poque de 99% des sujets discut\u00e9s de ce site. Il aime trouver des r\u00e9ponses aux questions qui sont pos\u00e9es. Les billets que vous lisez ne sont que les r\u00e9sultats de la qu\u00eate vers des r\u00e9ponses et le besoin de partager.","sameAs":["http:\/\/proposmontreal.com","https:\/\/www.facebook.com\/proposmontreal","https:\/\/x.com\/proposmontreal"]}]}},"jetpack_featured_media_url":"https:\/\/proposmontreal.com\/wp-content\/uploads\/2014\/12\/joblo.png","jetpack_sharing_enabled":true,"_links":{"self":[{"href":"https:\/\/proposmontreal.com\/index.php\/wp-json\/wp\/v2\/posts\/3239","targetHints":{"allow":["GET"]}}],"collection":[{"href":"https:\/\/proposmontreal.com\/index.php\/wp-json\/wp\/v2\/posts"}],"about":[{"href":"https:\/\/proposmontreal.com\/index.php\/wp-json\/wp\/v2\/types\/post"}],"author":[{"embeddable":true,"href":"https:\/\/proposmontreal.com\/index.php\/wp-json\/wp\/v2\/users\/2"}],"replies":[{"embeddable":true,"href":"https:\/\/proposmontreal.com\/index.php\/wp-json\/wp\/v2\/comments?post=3239"}],"version-history":[{"count":3,"href":"https:\/\/proposmontreal.com\/index.php\/wp-json\/wp\/v2\/posts\/3239\/revisions"}],"predecessor-version":[{"id":7486,"href":"https:\/\/proposmontreal.com\/index.php\/wp-json\/wp\/v2\/posts\/3239\/revisions\/7486"}],"wp:featuredmedia":[{"embeddable":true,"href":"https:\/\/proposmontreal.com\/index.php\/wp-json\/wp\/v2\/media\/3246"}],"wp:attachment":[{"href":"https:\/\/proposmontreal.com\/index.php\/wp-json\/wp\/v2\/media?parent=3239"}],"wp:term":[{"taxonomy":"category","embeddable":true,"href":"https:\/\/proposmontreal.com\/index.php\/wp-json\/wp\/v2\/categories?post=3239"},{"taxonomy":"post_tag","embeddable":true,"href":"https:\/\/proposmontreal.com\/index.php\/wp-json\/wp\/v2\/tags?post=3239"}],"curies":[{"name":"wp","href":"https:\/\/api.w.org\/{rel}","templated":true}]}}