{"id":3227,"date":"2014-11-30T15:15:34","date_gmt":"2014-11-30T20:15:34","guid":{"rendered":"http:\/\/proposmontreal.com\/?p=3227"},"modified":"2022-07-15T12:22:16","modified_gmt":"2022-07-15T16:22:16","slug":"quartiers-disparus-le-livre","status":"publish","type":"post","link":"https:\/\/proposmontreal.com\/index.php\/quartiers-disparus-le-livre\/","title":{"rendered":"Quartiers Disparus, le livre"},"content":{"rendered":"<span class=\"span-reading-time rt-reading-time\" style=\"display: block;\"><span class=\"rt-label rt-prefix\">Temps de lecture approximatif de<\/span> <span class=\"rt-time\"> 4<\/span> <span class=\"rt-label rt-postfix\">minutes<\/span><\/span><div align=\"center\">\n<a href=\"http:\/\/www.amazon.ca\/gp\/product\/292415586X\/ref=as_li_qf_sp_asin_tl?ie=UTF8&amp;camp=15121&amp;creative=330641&amp;creativeASIN=292415586X&amp;linkCode=as2&amp;tag=propomontr-20\"><img loading=\"lazy\" decoding=\"async\" src=\"https:\/\/proposmontreal.com\/wp-content\/uploads\/2014\/11\/quartiers-disparus-livre.jpg\" alt=\"quartiers-disparus-livre\" width=\"450\" height=\"570\" class=\"aligncenter size-full wp-image-3231\" srcset=\"https:\/\/proposmontreal.com\/wp-content\/uploads\/2014\/11\/quartiers-disparus-livre.jpg 450w, https:\/\/proposmontreal.com\/wp-content\/uploads\/2014\/11\/quartiers-disparus-livre-118x150.jpg 118w, https:\/\/proposmontreal.com\/wp-content\/uploads\/2014\/11\/quartiers-disparus-livre-236x300.jpg 236w\" sizes=\"auto, (max-width: 450px) 100vw, 450px\" \/><\/a>\n<\/div>\n<p>Nous avons ador\u00e9 l&rsquo;exposition pr\u00e9sent\u00e9e au <a href=\"http:\/\/ville.montreal.qc.ca\/portal\/page?_pageid=8757,97305573&#038;_dad=portal&#038;_schema=PORTAL\" target=\"_blank\" rel=\"noopener\">Centre d&rsquo;Histoire de Montr\u00e9al<\/a> de 2011 \u00e0 2013 appel\u00e9 Les Quartiers Disparus. Cette exposition nous lan\u00e7ait dans une nostalgie de quartiers qui malheureusement, pour des raisons \u00ab\u00a0d&rsquo;\u00e9thiques\u00a0\u00bb, de nettoyage et de renouveau de la ville ont laiss\u00e9 place \u00e0 des endroits comme les Habitations Jeanne-Mance, l&rsquo;Auto-stade et la Maison Radio-Canada. J&rsquo;ai toujours \u00e9t\u00e9 fascin\u00e9 par ces expropriations pour en avoir parl\u00e9 \u00e0 mainte reprises sur le blogue. Alors, je ne pouvais pas rater la sortie du livre rappelant cette exposition. <\/p>\n<p>le terme \u00ab\u00a0grand d\u00e9rangement\u00a0\u00bb a \u00e9t\u00e9 utilis\u00e9 \u00e0 plusieurs reprises dans les m\u00e9dias ces temps-ci au sujet de la Loi 3 et des employ\u00e9s gouvernementaux. Ce terme m&rsquo;a frapp\u00e9 l&rsquo;imagination et une petite journ\u00e9e de gr\u00e8ve ne repr\u00e9sente pas un \u00ab\u00a0grand d\u00e9rangement\u00a0\u00bb. J&rsquo;aimerais alors associer cette expression \u00e0 la fin des ann\u00e9es 60. Une p\u00e9riode de vrais \u00ab\u00a0grands d\u00e9rangements\u00a0\u00bb o\u00f9 des milliers de montr\u00e9alais de quartiers ouvriers du Red Light, du Faubourg \u00e0 m&rsquo;l&rsquo;asse et de Goose Village recevront une lettre, un avis du gouvernement les avisant qu&rsquo;ils devront abandonner l&rsquo;endroit o\u00f9 plusieurs ont grandi pour faire place \u00e0 une am\u00e9lioration urbaine. Se sont ces histoires que nous pr\u00e9sente l&rsquo;ouvrage de Catherine Charlebois et de Paul-Andr\u00e9 Linteau. Le livre qui se lit en quelques heures seulement se veut avant tout un coup d&rsquo;oeil dans le quotidien des r\u00e9sidents qui aujourd&rsquo;hui encore se souviennent d&rsquo;\u00e9v\u00e9nements de leur vie, mais qui malheureusement, n&rsquo;y peuvent plus y retourner. S&rsquo;asseoir dans les escaliers comme ils le faisaient quand ils \u00e9taient jeunes. Voil\u00e0 ce que le livre nous donne la chance de revivre. <\/p>\n<p>Avant la destruction de ces quartiers, les archivistes de la ville devaient cataloguer, rue apr\u00e8s rue, maison apr\u00e8s maison \u00e0 quoi les pelles m\u00e9caniques s&rsquo;attaqueraient prochainement. Je ne sais pas si c&rsquo;est une curiosit\u00e9 morbide, la chance de laisser sa marque ou une simple innocence, mais les photos fig\u00e9es dans le temps, comptent des gens pench\u00e9s \u00e0 leur fen\u00eatre, des enfants dans les rues ou dans le commerce du coin, comme si la vie continuait normalement, comme s&rsquo;ils ne savaient pas que 50 ans plus tard, ces photos surgiraient des archives de la ville, pour \u00eatre analys\u00e9 et regarder par les montr\u00e9alais d&rsquo;aujourd&rsquo;hui.<\/p>\n<div align=\"center\">\n<figure id=\"attachment_3232\" aria-describedby=\"caption-attachment-3232\" style=\"width: 600px\" class=\"wp-caption aligncenter\"><a href=\"http:\/\/www.amazon.ca\/gp\/product\/292415586X\/ref=as_li_qf_sp_asin_tl?ie=UTF8&amp;camp=15121&amp;creative=330641&amp;creativeASIN=292415586X&amp;linkCode=as2&amp;tag=propomontr-20\"><img loading=\"lazy\" decoding=\"async\" src=\"https:\/\/proposmontreal.com\/wp-content\/uploads\/2014\/11\/quartiers-disparus-mlasse.jpg\" alt=\"Histoire des r\u00e9sidents des quartiers disparus\" width=\"600\" height=\"373\" class=\"size-full wp-image-3232\" srcset=\"https:\/\/proposmontreal.com\/wp-content\/uploads\/2014\/11\/quartiers-disparus-mlasse.jpg 600w, https:\/\/proposmontreal.com\/wp-content\/uploads\/2014\/11\/quartiers-disparus-mlasse-150x93.jpg 150w, https:\/\/proposmontreal.com\/wp-content\/uploads\/2014\/11\/quartiers-disparus-mlasse-300x186.jpg 300w\" sizes=\"auto, (max-width: 600px) 100vw, 600px\" \/><\/a><figcaption id=\"caption-attachment-3232\" class=\"wp-caption-text\">Histoire des r\u00e9sidents des quartiers disparus<\/figcaption><\/figure>\n<\/div>\n<p>Pourquoi acheter ce livre? Le bouquin ne compte qu&rsquo;un peu plus de 120 photos d&rsquo;une collection qui en compte des milliers. Des images qui sont pour la plupart disponibles en ligne sur le merveilleux site des <a href=\"http:\/\/archivesdemontreal.com\/\" target=\"_blank\" rel=\"noopener\">Archives de Montr\u00e9al<\/a> ou sur le <a href=\"https:\/\/www.flickr.com\/photos\/archivesmontreal\/sets\/\" target=\"_blank\" rel=\"noopener\">compte Flickr<\/a>. Le livre, \u00e9crit en gros caract\u00e8res se veut plus un livre de table \u00e0 caf\u00e9, un document que vos invit\u00e9s regardent le temps que vous ouvrez la bouteille de vin, ce n&rsquo;est pas les Belles-S\u0153urs ou Bonheur d&rsquo;Occasion et pourtant, j&rsquo;ai d\u00e9vor\u00e9 le livre d&rsquo;un bout \u00e0 l&rsquo;autre en moins de 2h. Rempli de ce qui est impossible \u00e0 trouver sur le web, les auteurs ont pris le temps de parler \u00e0 des anciens r\u00e9sidents de ces quartiers, d&rsquo;\u00e9couter leurs histoires, leurs souvenirs. L&rsquo;art du bouche-\u00e0-oreille dispara\u00eet peu \u00e0 peu \u00e0 chaque g\u00e9n\u00e9ration et ce document ram\u00e8ne exactement cette fa\u00e7on qui semble archa\u00efques de partager notre histoire. <\/p>\n<p>Le d\u00e9bat est encore bien vivant, certains de ces quartiers \u00e9taient dans un \u00e9tat de non retour, dans une ville moderne comme le Montr\u00e9al des ann\u00e9es 60, l&rsquo;id\u00e9e de voir des \u00ab\u00a0b\u00e9cosses\u00a0\u00bb dans les cours arri\u00e8res au lieu de r\u00e9sidences avec des connexions au r\u00e9seau d&rsquo;\u00e9gout se voulait hors normes. L&rsquo;id\u00e9e de ghetto de gens pauvres se voulait une ancienne philosophie qu&rsquo;une ville \u00e0 l&rsquo;aube d&rsquo;un grand changement ne pouvait se permettre d&rsquo;avoir. Ces expropriations se sont effectu\u00e9es en bonnes intentions. Que vous soyez pour o\u00f9 contre, le livre ne vous permettra peut-\u00eatre pas de juger sur le bien ou le mal que le \u00ab\u00a0grand d\u00e9rangement\u00a0\u00bb a pu avoir sur la communaut\u00e9, par contre, il vous permettra de voir comment la classe sociale ouvri\u00e8re vivait au milieu du si\u00e8cle dernier. Il est triste \u00e0 voir Griffintown qui aurait pu \u00eatre un superbe quartier moderne d\u00e9truit par une s\u00e9rie de mauvaise d\u00e9cision d&rsquo;urbanisme, il est triste de voir le grand stationnement qui se vident de la Maison Radio-Canada par des coupures barbares d&rsquo;un gouvernement f\u00e9d\u00e9ral plus int\u00e9ress\u00e9 par le p\u00e9trole que par la culture unique du Qu\u00e9bec. Il est triste de voir un Costco l\u00e0 o\u00f9 se trouvait l&rsquo;histoire des immigrants irlandais de Montr\u00e9al. Notre ville \u00e9tait et est toujours une ville en grande \u00e9volution, des fois pour le meilleur, d&rsquo;autre moment pour le pire. Mais \u00ab\u00a0Quartiers Disparus\u00a0\u00bb se voudra une belle r\u00e9f\u00e9rence \u00e0 partager avec ceux qui veulent en savoir plus sur ce qu&rsquo;\u00e9tait Montr\u00e9al.<\/p>\n<div align=\"center\">\n<figure id=\"attachment_3233\" aria-describedby=\"caption-attachment-3233\" style=\"width: 600px\" class=\"wp-caption aligncenter\"><a href=\"http:\/\/www.amazon.ca\/gp\/product\/292415586X\/ref=as_li_qf_sp_asin_tl?ie=UTF8&amp;camp=15121&amp;creative=330641&amp;creativeASIN=292415586X&amp;linkCode=as2&amp;tag=propomontr-20\"><img loading=\"lazy\" decoding=\"async\" src=\"https:\/\/proposmontreal.com\/wp-content\/uploads\/2014\/11\/quartiers-disparus-red-light.jpg\" alt=\"Photos typique des archivistes de la ville. \" width=\"600\" height=\"338\" class=\"size-full wp-image-3233\" srcset=\"https:\/\/proposmontreal.com\/wp-content\/uploads\/2014\/11\/quartiers-disparus-red-light.jpg 600w, https:\/\/proposmontreal.com\/wp-content\/uploads\/2014\/11\/quartiers-disparus-red-light-150x84.jpg 150w, https:\/\/proposmontreal.com\/wp-content\/uploads\/2014\/11\/quartiers-disparus-red-light-300x169.jpg 300w\" sizes=\"auto, (max-width: 600px) 100vw, 600px\" \/><\/a><figcaption id=\"caption-attachment-3233\" class=\"wp-caption-text\">Photos typique des archivistes de la ville.<\/figcaption><\/figure>\n<\/div>\n<p>Voil\u00e0 pourquoi le livre est un cadeau de No\u00ebl parfait pour le \u00ab\u00a0Montr\u00e9aliste\u00a0\u00bb dans votre vie, pour l&rsquo;amoureux de l&rsquo;histoire et de la cause humaine ou pour la personne qui veut simplement en savoir plus sur comment \u00e9tait la ville pr\u00e9-Expo. Si vous avez rat\u00e9 l&rsquo;exposition associ\u00e9e du Centre d&rsquo;Histoire de Montr\u00e9al, je vous rappelle que leur site web offre une <a href=\"http:\/\/ville.montreal.qc.ca\/pls\/portal\/docs\/page\/centre_hist_mtl_fr\/quartiers_diparus\/index.html\" target=\"_blank\" rel=\"noopener\">visite virtuelle<\/a> en r\u00e9trospective. Petite note, oui je pointe le lien vers <a href=\"http:\/\/www.amazon.ca\/gp\/product\/292415586X\/ref=as_li_qf_sp_asin_tl?ie=UTF8&#038;camp=15121&#038;creative=330641&#038;creativeASIN=292415586X&#038;linkCode=as2&#038;tag=propomontr-20\" target=\"_blank\" rel=\"noopener\">Amazon<\/a> au lieu de Renaud-Bray ou Archambault qui pour le moment, ne sont pas dans mes bonnes gr\u00e2ces suite \u00e0 leurs pratiques d&rsquo;affaires. J&rsquo;ai aussi une ristourne sur les ventes Amazon effectu\u00e9es sur ProposMontr\u00e9al. Je vous invite tout de m\u00eame \u00e0 encourager les libraires ind\u00e9pendants. Acheter ce genre d&rsquo;imprim\u00e9 dans une grande cha\u00eene est peut-\u00eatre une ironie majeure au sujet du livre apr\u00e8s tout.<\/p>\n<div align=\"center\">\n<figure id=\"attachment_3235\" aria-describedby=\"caption-attachment-3235\" style=\"width: 600px\" class=\"wp-caption aligncenter\"><img loading=\"lazy\" decoding=\"async\" src=\"https:\/\/proposmontreal.com\/wp-content\/uploads\/2014\/11\/relogement-goose-village.jpg\" alt=\"Bureau de relocalisation, vitoria town\" width=\"600\" height=\"483\" class=\"size-full wp-image-3235\" srcset=\"https:\/\/proposmontreal.com\/wp-content\/uploads\/2014\/11\/relogement-goose-village.jpg 600w, https:\/\/proposmontreal.com\/wp-content\/uploads\/2014\/11\/relogement-goose-village-150x120.jpg 150w, https:\/\/proposmontreal.com\/wp-content\/uploads\/2014\/11\/relogement-goose-village-300x241.jpg 300w\" sizes=\"auto, (max-width: 600px) 100vw, 600px\" \/><figcaption id=\"caption-attachment-3235\" class=\"wp-caption-text\">Bureau de \u00ab\u00a0relogement\u00a0\u00bb lors du grand d\u00e9rangement dans Goose Village<\/figcaption><\/figure>\n<\/div>\n","protected":false},"excerpt":{"rendered":"<p><span class=\"span-reading-time rt-reading-time\" style=\"display: block;\"><span class=\"rt-label rt-prefix\">Temps de lecture approximatif de<\/span> <span class=\"rt-time\"> 4<\/span> <span class=\"rt-label rt-postfix\">minutes<\/span><\/span>Vous avez ador\u00e9 l&rsquo;exposition pr\u00e9sent\u00e9e au Centre d&rsquo;Histoire de Montr\u00e9al de 2011 \u00e0 2013 appel\u00e9 Les Quartiers Disparus? Pourquoi ne pas y joindre le livre r\u00e9f\u00e9rence comme cadeau des no\u00ebl<\/p>\n<div class=\"more-link-wrapper\"><a class=\"more-link\" href=\"https:\/\/proposmontreal.com\/index.php\/quartiers-disparus-le-livre\/\">Pour lire l&#039;article&#8230;<span class=\"screen-reader-text\">Quartiers Disparus, le livre<\/span><\/a><\/div>\n","protected":false},"author":2,"featured_media":3233,"comment_status":"closed","ping_status":"closed","sticky":false,"template":"","format":"standard","meta":{"jetpack_post_was_ever_published":false,"_jetpack_newsletter_access":"","_jetpack_dont_email_post_to_subs":false,"_jetpack_newsletter_tier_id":0,"_jetpack_memberships_contains_paywalled_content":false,"_jetpack_memberships_contains_paid_content":false,"footnotes":""},"categories":[3],"tags":[1288,1287,578,1290,267,708,1289],"class_list":["post-3227","post","type-post","status-publish","format-standard","has-post-thumbnail","hentry","category-culture","tag-faubourg-a-mlasse","tag-goose-village","tag-griffintown","tag-habitations-jeanne-mance","tag-radio-canada","tag-red-light","tag-victoriatown","excerpt","zoom","full-without-featured","even","excerpt-0"],"yoast_head":"<!-- This site is optimized with the Yoast SEO plugin v26.5 - https:\/\/yoast.com\/wordpress\/plugins\/seo\/ -->\n<title>Quartiers Disparus, le livre.<\/title>\n<meta name=\"description\" content=\"Vous avez ador\u00e9 l&#039;exposition pr\u00e9sent\u00e9e au Centre d&#039;Histoire de Montr\u00e9al de 2011 \u00e0 2013 appel\u00e9 Les Quartiers Disparus? Pourquoi ne pas y joindre le livre r\u00e9f\u00e9rence comme cadeau des no\u00ebl\" \/>\n<meta name=\"robots\" content=\"index, follow, max-snippet:-1, max-image-preview:large, max-video-preview:-1\" \/>\n<link rel=\"canonical\" href=\"https:\/\/proposmontreal.com\/index.php\/quartiers-disparus-le-livre\/\" \/>\n<meta property=\"og:locale\" content=\"fr_FR\" \/>\n<meta property=\"og:type\" content=\"article\" \/>\n<meta property=\"og:title\" content=\"Quartiers Disparus, le livre.\" \/>\n<meta property=\"og:url\" content=\"https:\/\/proposmontreal.com\/index.php\/quartiers-disparus-le-livre\/\" \/>\n<meta property=\"og:site_name\" content=\"ProposMontr\u00e9al\" \/>\n<meta property=\"article:publisher\" content=\"https:\/\/www.facebook.com\/proposmontreal\" \/>\n<meta property=\"article:author\" content=\"https:\/\/www.facebook.com\/proposmontreal\" \/>\n<meta property=\"article:published_time\" content=\"2014-11-30T20:15:34+00:00\" \/>\n<meta property=\"article:modified_time\" content=\"2022-07-15T16:22:16+00:00\" \/>\n<meta property=\"og:image\" content=\"https:\/\/proposmontreal.com\/wp-content\/uploads\/2014\/11\/quartiers-disparus-red-light.jpg\" \/>\n\t<meta property=\"og:image:width\" content=\"600\" \/>\n\t<meta property=\"og:image:height\" content=\"338\" \/>\n\t<meta property=\"og:image:type\" content=\"image\/jpeg\" \/>\n<meta name=\"author\" content=\"Martin B\u00e9rub\u00e9\" \/>\n<meta name=\"twitter:card\" content=\"summary_large_image\" \/>\n<meta name=\"twitter:creator\" content=\"@proposmontreal\" \/>\n<meta name=\"twitter:site\" content=\"@ProposMontreal\" \/>\n<meta name=\"twitter:label1\" content=\"\u00c9crit par\" \/>\n\t<meta name=\"twitter:data1\" content=\"Martin B\u00e9rub\u00e9\" \/>\n\t<meta name=\"twitter:label2\" content=\"Dur\u00e9e de lecture estim\u00e9e\" \/>\n\t<meta name=\"twitter:data2\" content=\"5 minutes\" \/>\n<script type=\"application\/ld+json\" class=\"yoast-schema-graph\">{\"@context\":\"https:\/\/schema.org\",\"@graph\":[{\"@type\":\"WebPage\",\"@id\":\"https:\/\/proposmontreal.com\/index.php\/quartiers-disparus-le-livre\/\",\"url\":\"https:\/\/proposmontreal.com\/index.php\/quartiers-disparus-le-livre\/\",\"name\":\"Quartiers Disparus, le livre.\",\"isPartOf\":{\"@id\":\"https:\/\/proposmontreal.com\/#website\"},\"primaryImageOfPage\":{\"@id\":\"https:\/\/proposmontreal.com\/index.php\/quartiers-disparus-le-livre\/#primaryimage\"},\"image\":{\"@id\":\"https:\/\/proposmontreal.com\/index.php\/quartiers-disparus-le-livre\/#primaryimage\"},\"thumbnailUrl\":\"https:\/\/proposmontreal.com\/wp-content\/uploads\/2014\/11\/quartiers-disparus-red-light.jpg\",\"datePublished\":\"2014-11-30T20:15:34+00:00\",\"dateModified\":\"2022-07-15T16:22:16+00:00\",\"author\":{\"@id\":\"https:\/\/proposmontreal.com\/#\/schema\/person\/7d7acef09662dd8c0283a456e39b3254\"},\"description\":\"Vous avez ador\u00e9 l'exposition pr\u00e9sent\u00e9e au Centre d'Histoire de Montr\u00e9al de 2011 \u00e0 2013 appel\u00e9 Les Quartiers Disparus? Pourquoi ne pas y joindre le livre r\u00e9f\u00e9rence comme cadeau des no\u00ebl\",\"breadcrumb\":{\"@id\":\"https:\/\/proposmontreal.com\/index.php\/quartiers-disparus-le-livre\/#breadcrumb\"},\"inLanguage\":\"fr-FR\",\"potentialAction\":[{\"@type\":\"ReadAction\",\"target\":[\"https:\/\/proposmontreal.com\/index.php\/quartiers-disparus-le-livre\/\"]}]},{\"@type\":\"ImageObject\",\"inLanguage\":\"fr-FR\",\"@id\":\"https:\/\/proposmontreal.com\/index.php\/quartiers-disparus-le-livre\/#primaryimage\",\"url\":\"https:\/\/proposmontreal.com\/wp-content\/uploads\/2014\/11\/quartiers-disparus-red-light.jpg\",\"contentUrl\":\"https:\/\/proposmontreal.com\/wp-content\/uploads\/2014\/11\/quartiers-disparus-red-light.jpg\",\"width\":600,\"height\":338,\"caption\":\"Photos typique des archivistes de la ville.\"},{\"@type\":\"BreadcrumbList\",\"@id\":\"https:\/\/proposmontreal.com\/index.php\/quartiers-disparus-le-livre\/#breadcrumb\",\"itemListElement\":[{\"@type\":\"ListItem\",\"position\":1,\"name\":\"Accueil\",\"item\":\"https:\/\/proposmontreal.com\/\"},{\"@type\":\"ListItem\",\"position\":2,\"name\":\"Quartiers Disparus, le livre\"}]},{\"@type\":\"WebSite\",\"@id\":\"https:\/\/proposmontreal.com\/#website\",\"url\":\"https:\/\/proposmontreal.com\/\",\"name\":\"ProposMontr\u00e9al\",\"description\":\"Histoire, Urbanisme, Architecture et Opinions.\",\"potentialAction\":[{\"@type\":\"SearchAction\",\"target\":{\"@type\":\"EntryPoint\",\"urlTemplate\":\"https:\/\/proposmontreal.com\/?s={search_term_string}\"},\"query-input\":{\"@type\":\"PropertyValueSpecification\",\"valueRequired\":true,\"valueName\":\"search_term_string\"}}],\"inLanguage\":\"fr-FR\"},{\"@type\":\"Person\",\"@id\":\"https:\/\/proposmontreal.com\/#\/schema\/person\/7d7acef09662dd8c0283a456e39b3254\",\"name\":\"Martin B\u00e9rub\u00e9\",\"image\":{\"@type\":\"ImageObject\",\"inLanguage\":\"fr-FR\",\"@id\":\"https:\/\/proposmontreal.com\/#\/schema\/person\/image\/\",\"url\":\"https:\/\/secure.gravatar.com\/avatar\/c584d9147b7b50bb9ff2edf1db3d93d38f22473bdde645a7942ee41f752cce3f?s=96&d=blank&r=g\",\"contentUrl\":\"https:\/\/secure.gravatar.com\/avatar\/c584d9147b7b50bb9ff2edf1db3d93d38f22473bdde645a7942ee41f752cce3f?s=96&d=blank&r=g\",\"caption\":\"Martin B\u00e9rub\u00e9\"},\"description\":\"Amoureux de Montr\u00e9al, fascin\u00e9 par l'histoire de la ville, son urbanisme et sa toponymie, ni historien ni sp\u00e9cialiste du sujet, Martin n'\u00e9tait m\u00eame pas n\u00e9 \u00e0 l'\u00e9poque de 99% des sujets discut\u00e9s de ce site. Il aime trouver des r\u00e9ponses aux questions qui sont pos\u00e9es. Les billets que vous lisez ne sont que les r\u00e9sultats de la qu\u00eate vers des r\u00e9ponses et le besoin de partager.\",\"sameAs\":[\"http:\/\/proposmontreal.com\",\"https:\/\/www.facebook.com\/proposmontreal\",\"https:\/\/x.com\/proposmontreal\"]}]}<\/script>\n<!-- \/ Yoast SEO plugin. -->","yoast_head_json":{"title":"Quartiers Disparus, le livre.","description":"Vous avez ador\u00e9 l'exposition pr\u00e9sent\u00e9e au Centre d'Histoire de Montr\u00e9al de 2011 \u00e0 2013 appel\u00e9 Les Quartiers Disparus? Pourquoi ne pas y joindre le livre r\u00e9f\u00e9rence comme cadeau des no\u00ebl","robots":{"index":"index","follow":"follow","max-snippet":"max-snippet:-1","max-image-preview":"max-image-preview:large","max-video-preview":"max-video-preview:-1"},"canonical":"https:\/\/proposmontreal.com\/index.php\/quartiers-disparus-le-livre\/","og_locale":"fr_FR","og_type":"article","og_title":"Quartiers Disparus, le livre.","og_url":"https:\/\/proposmontreal.com\/index.php\/quartiers-disparus-le-livre\/","og_site_name":"ProposMontr\u00e9al","article_publisher":"https:\/\/www.facebook.com\/proposmontreal","article_author":"https:\/\/www.facebook.com\/proposmontreal","article_published_time":"2014-11-30T20:15:34+00:00","article_modified_time":"2022-07-15T16:22:16+00:00","og_image":[{"width":600,"height":338,"url":"https:\/\/proposmontreal.com\/wp-content\/uploads\/2014\/11\/quartiers-disparus-red-light.jpg","type":"image\/jpeg"}],"author":"Martin B\u00e9rub\u00e9","twitter_card":"summary_large_image","twitter_creator":"@proposmontreal","twitter_site":"@ProposMontreal","twitter_misc":{"\u00c9crit par":"Martin B\u00e9rub\u00e9","Dur\u00e9e de lecture estim\u00e9e":"5 minutes"},"schema":{"@context":"https:\/\/schema.org","@graph":[{"@type":"WebPage","@id":"https:\/\/proposmontreal.com\/index.php\/quartiers-disparus-le-livre\/","url":"https:\/\/proposmontreal.com\/index.php\/quartiers-disparus-le-livre\/","name":"Quartiers Disparus, le livre.","isPartOf":{"@id":"https:\/\/proposmontreal.com\/#website"},"primaryImageOfPage":{"@id":"https:\/\/proposmontreal.com\/index.php\/quartiers-disparus-le-livre\/#primaryimage"},"image":{"@id":"https:\/\/proposmontreal.com\/index.php\/quartiers-disparus-le-livre\/#primaryimage"},"thumbnailUrl":"https:\/\/proposmontreal.com\/wp-content\/uploads\/2014\/11\/quartiers-disparus-red-light.jpg","datePublished":"2014-11-30T20:15:34+00:00","dateModified":"2022-07-15T16:22:16+00:00","author":{"@id":"https:\/\/proposmontreal.com\/#\/schema\/person\/7d7acef09662dd8c0283a456e39b3254"},"description":"Vous avez ador\u00e9 l'exposition pr\u00e9sent\u00e9e au Centre d'Histoire de Montr\u00e9al de 2011 \u00e0 2013 appel\u00e9 Les Quartiers Disparus? Pourquoi ne pas y joindre le livre r\u00e9f\u00e9rence comme cadeau des no\u00ebl","breadcrumb":{"@id":"https:\/\/proposmontreal.com\/index.php\/quartiers-disparus-le-livre\/#breadcrumb"},"inLanguage":"fr-FR","potentialAction":[{"@type":"ReadAction","target":["https:\/\/proposmontreal.com\/index.php\/quartiers-disparus-le-livre\/"]}]},{"@type":"ImageObject","inLanguage":"fr-FR","@id":"https:\/\/proposmontreal.com\/index.php\/quartiers-disparus-le-livre\/#primaryimage","url":"https:\/\/proposmontreal.com\/wp-content\/uploads\/2014\/11\/quartiers-disparus-red-light.jpg","contentUrl":"https:\/\/proposmontreal.com\/wp-content\/uploads\/2014\/11\/quartiers-disparus-red-light.jpg","width":600,"height":338,"caption":"Photos typique des archivistes de la ville."},{"@type":"BreadcrumbList","@id":"https:\/\/proposmontreal.com\/index.php\/quartiers-disparus-le-livre\/#breadcrumb","itemListElement":[{"@type":"ListItem","position":1,"name":"Accueil","item":"https:\/\/proposmontreal.com\/"},{"@type":"ListItem","position":2,"name":"Quartiers Disparus, le livre"}]},{"@type":"WebSite","@id":"https:\/\/proposmontreal.com\/#website","url":"https:\/\/proposmontreal.com\/","name":"ProposMontr\u00e9al","description":"Histoire, Urbanisme, Architecture et Opinions.","potentialAction":[{"@type":"SearchAction","target":{"@type":"EntryPoint","urlTemplate":"https:\/\/proposmontreal.com\/?s={search_term_string}"},"query-input":{"@type":"PropertyValueSpecification","valueRequired":true,"valueName":"search_term_string"}}],"inLanguage":"fr-FR"},{"@type":"Person","@id":"https:\/\/proposmontreal.com\/#\/schema\/person\/7d7acef09662dd8c0283a456e39b3254","name":"Martin B\u00e9rub\u00e9","image":{"@type":"ImageObject","inLanguage":"fr-FR","@id":"https:\/\/proposmontreal.com\/#\/schema\/person\/image\/","url":"https:\/\/secure.gravatar.com\/avatar\/c584d9147b7b50bb9ff2edf1db3d93d38f22473bdde645a7942ee41f752cce3f?s=96&d=blank&r=g","contentUrl":"https:\/\/secure.gravatar.com\/avatar\/c584d9147b7b50bb9ff2edf1db3d93d38f22473bdde645a7942ee41f752cce3f?s=96&d=blank&r=g","caption":"Martin B\u00e9rub\u00e9"},"description":"Amoureux de Montr\u00e9al, fascin\u00e9 par l'histoire de la ville, son urbanisme et sa toponymie, ni historien ni sp\u00e9cialiste du sujet, Martin n'\u00e9tait m\u00eame pas n\u00e9 \u00e0 l'\u00e9poque de 99% des sujets discut\u00e9s de ce site. Il aime trouver des r\u00e9ponses aux questions qui sont pos\u00e9es. Les billets que vous lisez ne sont que les r\u00e9sultats de la qu\u00eate vers des r\u00e9ponses et le besoin de partager.","sameAs":["http:\/\/proposmontreal.com","https:\/\/www.facebook.com\/proposmontreal","https:\/\/x.com\/proposmontreal"]}]}},"jetpack_featured_media_url":"https:\/\/proposmontreal.com\/wp-content\/uploads\/2014\/11\/quartiers-disparus-red-light.jpg","jetpack_sharing_enabled":true,"_links":{"self":[{"href":"https:\/\/proposmontreal.com\/index.php\/wp-json\/wp\/v2\/posts\/3227","targetHints":{"allow":["GET"]}}],"collection":[{"href":"https:\/\/proposmontreal.com\/index.php\/wp-json\/wp\/v2\/posts"}],"about":[{"href":"https:\/\/proposmontreal.com\/index.php\/wp-json\/wp\/v2\/types\/post"}],"author":[{"embeddable":true,"href":"https:\/\/proposmontreal.com\/index.php\/wp-json\/wp\/v2\/users\/2"}],"replies":[{"embeddable":true,"href":"https:\/\/proposmontreal.com\/index.php\/wp-json\/wp\/v2\/comments?post=3227"}],"version-history":[{"count":3,"href":"https:\/\/proposmontreal.com\/index.php\/wp-json\/wp\/v2\/posts\/3227\/revisions"}],"predecessor-version":[{"id":7487,"href":"https:\/\/proposmontreal.com\/index.php\/wp-json\/wp\/v2\/posts\/3227\/revisions\/7487"}],"wp:featuredmedia":[{"embeddable":true,"href":"https:\/\/proposmontreal.com\/index.php\/wp-json\/wp\/v2\/media\/3233"}],"wp:attachment":[{"href":"https:\/\/proposmontreal.com\/index.php\/wp-json\/wp\/v2\/media?parent=3227"}],"wp:term":[{"taxonomy":"category","embeddable":true,"href":"https:\/\/proposmontreal.com\/index.php\/wp-json\/wp\/v2\/categories?post=3227"},{"taxonomy":"post_tag","embeddable":true,"href":"https:\/\/proposmontreal.com\/index.php\/wp-json\/wp\/v2\/tags?post=3227"}],"curies":[{"name":"wp","href":"https:\/\/api.w.org\/{rel}","templated":true}]}}