{"id":3009,"date":"2014-07-28T20:30:35","date_gmt":"2014-07-29T00:30:35","guid":{"rendered":"http:\/\/proposmontreal.com\/?p=3009"},"modified":"2022-07-15T12:24:06","modified_gmt":"2022-07-15T16:24:06","slug":"la-place-des-nations-est-elle-en-peril","status":"publish","type":"post","link":"https:\/\/proposmontreal.com\/index.php\/la-place-des-nations-est-elle-en-peril\/","title":{"rendered":"La Place des Nations est-elle en p\u00e9ril?"},"content":{"rendered":"<span class=\"span-reading-time rt-reading-time\" style=\"display: block;\"><span class=\"rt-label rt-prefix\">Temps de lecture approximatif de<\/span> <span class=\"rt-time\"> 4<\/span> <span class=\"rt-label rt-postfix\">minutes<\/span><\/span><p>On dirait que chaque d\u00e9molition \u00e0 Montr\u00e9al apporte son lot de r\u00e9sistance, comme si on essayait de compenser pour les erreurs du pass\u00e9. Montr\u00e9al dans les ann\u00e9es 60 \u00e9tait une ville en pleine \u00e9bullition, le b\u00e9ton et l&rsquo;automobile sont rois et l&rsquo;Expo est \u00e0 nos portes. Dans les ann\u00e9es 60 \u00e0 Montr\u00e9al, la collectivit\u00e9 d\u00e9cide de s&rsquo;ouvrir sur le monde et faire de la place pour de la grande visite en 1967 et ensuite en 1976. Pendant qu&rsquo;on faisait de la place pour l&rsquo;Autoroute D\u00e9carie, l&rsquo;\u00e9changeur Turcot, le Ch\u00e2teau Champlain ou la Place Bonaventure on d\u00e9truisait \u00e0 droite et \u00e0 gauche des quartiers entiers et des souvenirs qui aujourd&rsquo;hui, l&rsquo;id\u00e9e de les voir dispara\u00eetre causerait une lev\u00e9e de boucliers sans pr\u00e9c\u00e9dent. La disparition d\u2019immeubles historiques comme le Terminus Craig, l&rsquo;H\u00f4tel laurentien, l&rsquo;\u00e9difice du Cr\u00e9dit Foncier Franco-Canadien ou m\u00eame la Synagogue Sherith serait maintenant un sacril\u00e8ge.<\/p>\n<div align=\"center\">\n<figure id=\"attachment_3039\" aria-describedby=\"caption-attachment-3039\" style=\"width: 600px\" class=\"wp-caption aligncenter\"><img loading=\"lazy\" decoding=\"async\" class=\"size-full wp-image-3039\" src=\"https:\/\/proposmontreal.com\/wp-content\/uploads\/2014\/07\/chateau_champlain.jpg\" alt=\"Construction du Ch\u00e2teau Champlain\" width=\"600\" height=\"480\" srcset=\"https:\/\/proposmontreal.com\/wp-content\/uploads\/2014\/07\/chateau_champlain.jpg 600w, https:\/\/proposmontreal.com\/wp-content\/uploads\/2014\/07\/chateau_champlain-150x120.jpg 150w, https:\/\/proposmontreal.com\/wp-content\/uploads\/2014\/07\/chateau_champlain-300x240.jpg 300w\" sizes=\"auto, (max-width: 600px) 100vw, 600px\" \/><figcaption id=\"caption-attachment-3039\" class=\"wp-caption-text\">Construction du Ch\u00e2teau Champlain<\/figcaption><\/figure>\n<\/div>\n<p>Au cours les derni\u00e8res ann\u00e9es, nous avons vu des d\u00e9molitions avoir leur part de r\u00e9sistance, le Spectrum, l&rsquo;H\u00f4tel de la Montagne, le Horse Palace ou le b\u00e2timent du CNR au coin des rues Bridge et Wellington. Ces buildings avaient une certaine valeur, mais \u00e0 quel prix? Sont-ils comparables \u00e0 d&rsquo;autres comme la Maison Redpath ou la Maison Louis-H Lafontaine? Qui d\u00e9cide de la valeur historique d&rsquo;un \u00e9difice? N&rsquo;oubliez pas, je le mart\u00e8le r\u00e9guli\u00e8rement, ce n&rsquo;est pas parce que c&rsquo;est vieux que cela m\u00e9rite d&rsquo;\u00eatre sauvegard\u00e9.<\/p>\n<p>Notre manie de vouloir tout sauvegarder nous offre des cicatrices qui peuvent venir nous hanter. Je vais prendre l&rsquo;exemple du silo #5. Je suis de ceux qui croient que ce vestige du pass\u00e9 industriel doit \u00eatre sauvegard\u00e9, mais la tergiversation sur son futur fait que nous sommes pris avec un building massif, situ\u00e9 sur un terrain de premier plan, et ce depuis 1994. Je reviendrais dans un autre billet sur le silo qui m\u00e9rite qu&rsquo;on s&rsquo;y attarde. Aujourd&rsquo;hui, je voulais qu&rsquo;on s&rsquo;arr\u00eate et qu&rsquo;on discute de la Place des Nations.<\/p>\n<p>Comme nous a racont\u00e9 Beau Dommage, en 67 tout \u00e9tait beau, c&rsquo;\u00e9tait l&rsquo;ann\u00e9e d&rsquo;l&rsquo;amour, c&rsquo;\u00e9tait l&rsquo;ann\u00e9e de l&rsquo;Expo. Mais je n&rsquo;avais pas de passeport avec une belle photo parce que je n&rsquo;\u00e9tais m\u00eame pas encore une pens\u00e9e dans la t\u00eate de mes parents. Par contre, presque 50 ans plus tard, il nous reste encore beaucoup de souvenirs visibles, les pavillons de la France et du Qu\u00e9bec qui sont devenus le Casino de Montr\u00e9al, les pavillons du canada et de la Jama\u00efque sont devenus des salles de r\u00e9ception. Le pavillon de la Tunisie, un casse-cro\u00fbte et les chefs-d&rsquo;oeuvre selon moi, le d\u00f4me g\u00e9od\u00e9sique des \u00c9tats-Unis qui est devenu un embl\u00e8me de la ville, la Biosph\u00e8re et l&rsquo;oeuvre d&rsquo;art la plus ch\u00e8re de Montr\u00e9al. L\u2019Homme de Calder. Bien s\u00fbr il reste quelques \u00e9l\u00e9ments ici et l\u00e0, des colonnes, des arches, le m\u00e9tro, la Ronde, les \u00eeles elles-m\u00eames et des \u00e9l\u00e9ments purement d\u00e9coratifs aujourd&rsquo;hui. Franchement, il m&rsquo;est impossible de tous les nommer, de toute fa\u00e7on, j&rsquo;en oublierais.<\/p>\n<div align=\"center\">\n<figure id=\"attachment_3040\" aria-describedby=\"caption-attachment-3040\" style=\"width: 600px\" class=\"wp-caption aligncenter\"><img loading=\"lazy\" decoding=\"async\" class=\"size-full wp-image-3040\" src=\"https:\/\/proposmontreal.com\/wp-content\/uploads\/2014\/07\/expo67.jpg\" alt=\"Expo 67\" width=\"600\" height=\"388\" srcset=\"https:\/\/proposmontreal.com\/wp-content\/uploads\/2014\/07\/expo67.jpg 600w, https:\/\/proposmontreal.com\/wp-content\/uploads\/2014\/07\/expo67-150x97.jpg 150w, https:\/\/proposmontreal.com\/wp-content\/uploads\/2014\/07\/expo67-300x194.jpg 300w\" sizes=\"auto, (max-width: 600px) 100vw, 600px\" \/><figcaption id=\"caption-attachment-3040\" class=\"wp-caption-text\">Site de l&rsquo;Expo quelques ann\u00e9es plus tard. (merci Pluche)<\/figcaption><\/figure>\n<\/div>\n<p>Sur la pointe sud de l&rsquo;\u00eele Ste-H\u00e9l\u00e8ne, coinc\u00e9 entre le pont de la Concorde et le fleuve St-Laurent se trouve la Place des Nations, un des endroits embl\u00e9matiques durant l&rsquo;Expo. L\u00e0 o\u00f9 se trouvaient les drapeaux des pays participants, l\u00e0 o\u00f9 ont eu lieu les c\u00e9r\u00e9monies d&rsquo;ouvertures et de fermetures de l&rsquo;\u00e9v\u00e9nement? L\u00e0 o\u00f9 les ann\u00e9es suivantes avaient lieu des concerts comme, Peter Gabriel, Styx (Domo arigato Mr. Roboto, domo&#8230;.), Louis Armstrong, James Brown, Robert Charlebois et Yvon Deschamps ont tous foul\u00e9 le b\u00e9ton de la Place des Nations. Aujourd&rsquo;hui, la PDN sert d&rsquo;espace pour les artistes et VIP des festivals Heavy Montr\u00e9al et Osheaga et ce durant, 2 semaines par ann\u00e9e. Le reste du temps, c&rsquo;est un espace vide, un \u00ab\u00a0no man&rsquo;s land\u00a0\u00bb qui manque visiblement d&rsquo;amour et d&rsquo;attention. En janvier, annonc\u00e9 dans les m\u00e9dias une enveloppe de 12,5 millions pour mettre \u00e0 niveau l&rsquo;endroit, mais comme beaucoup d&rsquo;autres d\u00e9cisions \u00e0 Montr\u00e9al, selon les changements de gouvernements sur tous les niveaux ou l&rsquo;humeur des gens d\u00e9cisionnels, ce projet pourrait se ramasser sur les tablettes avec d&rsquo;autres tr\u00e8s beaux et bons projets qui ne verront jamais le jour.<\/p>\n<div align=\"center\">\n<figure id=\"attachment_3041\" aria-describedby=\"caption-attachment-3041\" style=\"width: 600px\" class=\"wp-caption aligncenter\"><img loading=\"lazy\" decoding=\"async\" class=\"size-large wp-image-3041\" src=\"https:\/\/proposmontreal.com\/wp-content\/uploads\/2014\/07\/Fond_armour-Landry-1024x618.jpg\" alt=\"\u00c9v\u00e9nement durant l'Expo\" width=\"600\" height=\"618\" \/><figcaption id=\"caption-attachment-3041\" class=\"wp-caption-text\">\u00c9v\u00e9nement durant l&rsquo;Expo<\/figcaption><\/figure>\n<\/div>\n<p>Sans trop y penser, je peux imaginer dans cet amphith\u00e9\u00e2tre de plus ou moins 6000 places un festival de th\u00e9\u00e2tre, une sc\u00e8ne estivale pour une des multiples troupes de cirques de Montr\u00e9al, quelques concerts ext\u00e9rieurs et d&rsquo;autre ont m\u00eame parl\u00e9 d&rsquo;y d\u00e9m\u00e9nager le Piknik \u00c9lectronik. \u00c0 mon avis, c&rsquo;est l&rsquo;endroit parfait pour un \u00e9v\u00e9nement de style sport extr\u00eame ou encore le parcours acrobatique <a href=\"http:\/\/www.parcexalto.com\/\" target=\"_blank\" rel=\"noopener\">Exalto du groupe fran\u00e7ais Altiplano<\/a> qui s&rsquo;est finalement install\u00e9 sur l&rsquo;Esplanade du Parc olympique. Le site web du parc Jean-Drapeau n&rsquo;offre m\u00eame la Place dans <a href=\"http:\/\/www.parcjeandrapeau.com\/espaces-locatifs\/\" target=\"_blank\" rel=\"noopener\">leurs \u00e9l\u00e9ments locatifs<\/a>, ce qui pourrait int\u00e9resser plusieurs. Quand nous faisons la mention de la Place sur <a href=\"https:\/\/www.facebook.com\/proposmontreal\" target=\"_blank\" rel=\"noopener\">notre page Facebook<\/a>, nous recevons souvent les m\u00eames commentaires, \u00ab\u00a0on doit le garder\u00a0\u00bb ou \u00ab\u00a0mettez mo\u00e9 \u00e7a \u00e0 terre\u00a0\u00bb, mais la r\u00e9ponse la plus int\u00e9ressante pour moi est venue d&rsquo;une de nos habitu\u00e9es sur la page, Julie sugg\u00e8re d&rsquo;y pr\u00e9senter une programmation vari\u00e9e et plut\u00f4t que d&rsquo;en donner la gestion \u00e0 la soci\u00e9t\u00e9 du parc Jean-Drapeau, pourquoi ne pas cr\u00e9er une coop comme le Caf\u00e9 du parc Lafontaine et leur en donner la responsabilit\u00e9 et la rentabilit\u00e9 o\u00f9 les profits seraient automatiquement r\u00e9utilis\u00e9s dans la PDN.<\/p>\n<p>M\u00eame si le stationnement est physiquement impossible par sa position sur l&rsquo;\u00eele, il serait tr\u00e8s facile d&rsquo;y donner acc\u00e8s par autobus, la station de M\u00e9tro n&rsquo;est pas tr\u00e8s loin non plus. Le parterre est environ de 3000 m\u00e8tres carr\u00e9s et ne demande qu&rsquo;\u00e0 voir un peu de verdure. Les gradins ont besoin d&rsquo;un peu d&rsquo;amour et de mise \u00e0 niveau pour les questions de s\u00e9curit\u00e9, mais l&rsquo;espace est l\u00e0, elle ne cherche que de bonnes id\u00e9es. Reste \u00e0 savoir si les f\u00eates du 375e seront une assez bonne raison pour voir revivre cet embl\u00e8me de temps pass\u00e9.<\/p>\n<div align=\"center\"><img loading=\"lazy\" decoding=\"async\" class=\"aligncenter size-full wp-image-3038\" src=\"https:\/\/proposmontreal.com\/wp-content\/uploads\/2014\/07\/archive_de-Montreal-PDN.jpg\" alt=\"archive_de-Montreal-PDN\" width=\"600\" height=\"300\" srcset=\"https:\/\/proposmontreal.com\/wp-content\/uploads\/2014\/07\/archive_de-Montreal-PDN.jpg 600w, https:\/\/proposmontreal.com\/wp-content\/uploads\/2014\/07\/archive_de-Montreal-PDN-150x75.jpg 150w, https:\/\/proposmontreal.com\/wp-content\/uploads\/2014\/07\/archive_de-Montreal-PDN-300x150.jpg 300w\" sizes=\"auto, (max-width: 600px) 100vw, 600px\" \/><\/div>\n<p>De l&rsquo;autre c\u00f4t\u00e9 de la balance, ces d\u00e9tracteurs diront que ce carr\u00e9 de b\u00e9ton n&rsquo;est rien d&rsquo;autre qu&rsquo;un \u00eelot de chaleur, un coin oubli\u00e9 qui a fait son travail, qui est d&rsquo;un autre temps dans l&rsquo;histoire et qui a \u00e9t\u00e9 remplac\u00e9. Que 12,5 millions pourraient \u00eatre attribu\u00e9s de fa\u00e7on plus efficace ailleurs m\u00eame sur l&rsquo;\u00eele. Montr\u00e9al en g\u00e9n\u00e9ral aime penser \u00e0 notre gloire du pass\u00e9. Les 24 Coupes Stanley des Canadiens qui n&rsquo;ont pas mis la main dessus depuis 1993 et l&rsquo;Expo 67 en sont de parfaits exemples.<\/p>\n<p>Selon vous, la Place-des-Nations est-elle un de ces endroits qui m\u00e9ritent d&rsquo;\u00eatre sauvegard\u00e9s, dans la cat\u00e9gorie trop peu trop tard ou vous ne voyez pas sa valeur patrimoniale?<\/p>\n<p>Pour en savoir plus sur le sujet, je vous invite \u00e0 lire le <a href=\"http:\/\/issuu.com\/proposmontreal\/docs\/198744484-projet-amenagement-mise-e\/1\" target=\"_blank\" rel=\"noopener\">rapport de projet d&rsquo;am\u00e9nagement et de mise en valeur du Parc Jean-Drapeau<\/a> pr\u00e9sent\u00e9 par le Quartier International de Montr\u00e9al, en charge du projet.<\/p>\n","protected":false},"excerpt":{"rendered":"<p><span class=\"span-reading-time rt-reading-time\" style=\"display: block;\"><span class=\"rt-label rt-prefix\">Temps de lecture approximatif de<\/span> <span class=\"rt-time\"> 4<\/span> <span class=\"rt-label rt-postfix\">minutes<\/span><\/span>Selon vous, la Place-des-Nations est-elle un de ces endroits qui m\u00e9ritent d&rsquo;\u00eatre sauvegard\u00e9s, dans la cat\u00e9gorie trop peu trop tard ou vous ne voyez pas sa valeur patrimoniale?<\/p>\n<div class=\"more-link-wrapper\"><a class=\"more-link\" href=\"https:\/\/proposmontreal.com\/index.php\/la-place-des-nations-est-elle-en-peril\/\">Pour lire l&#039;article&#8230;<span class=\"screen-reader-text\">La Place des Nations est-elle en p\u00e9ril?<\/span><\/a><\/div>\n","protected":false},"author":2,"featured_media":3038,"comment_status":"closed","ping_status":"closed","sticky":false,"template":"","format":"standard","meta":{"jetpack_post_was_ever_published":false,"_jetpack_newsletter_access":"","_jetpack_dont_email_post_to_subs":false,"_jetpack_newsletter_tier_id":0,"_jetpack_memberships_contains_paywalled_content":false,"_jetpack_memberships_contains_paid_content":false,"footnotes":""},"categories":[1,3],"tags":[1241,1194,1242,30,1243,927,56],"class_list":["post-3009","post","type-post","status-publish","format-standard","has-post-thumbnail","hentry","category-actualite","category-culture","tag-375e","tag-expo-67","tag-ile-ste-helene","tag-montreal","tag-parce-jean-drapeau","tag-place-des-nations","tag-quebec","excerpt","zoom","full-without-featured","even","excerpt-0"],"yoast_head":"<!-- This site is optimized with the Yoast SEO plugin v26.5 - https:\/\/yoast.com\/wordpress\/plugins\/seo\/ -->\n<title>La Place des Nations est-elle en p\u00e9ril?<\/title>\n<meta name=\"description\" content=\"Selon vous, la Place-des-Nations est-elle un de ces endroits qui m\u00e9ritent d&#039;\u00eatre sauvegard\u00e9s, dans la cat\u00e9gorie trop peu trop tard ou vous ne voyez pas sa valeur patrimoniale?\" \/>\n<meta name=\"robots\" content=\"index, follow, max-snippet:-1, max-image-preview:large, max-video-preview:-1\" \/>\n<link rel=\"canonical\" href=\"https:\/\/proposmontreal.com\/index.php\/la-place-des-nations-est-elle-en-peril\/\" \/>\n<meta property=\"og:locale\" content=\"fr_FR\" \/>\n<meta property=\"og:type\" content=\"article\" \/>\n<meta property=\"og:title\" content=\"La Place des Nations est-elle en p\u00e9ril?\" \/>\n<meta property=\"og:url\" content=\"https:\/\/proposmontreal.com\/index.php\/la-place-des-nations-est-elle-en-peril\/\" \/>\n<meta property=\"og:site_name\" content=\"ProposMontr\u00e9al\" \/>\n<meta property=\"article:publisher\" content=\"https:\/\/www.facebook.com\/proposmontreal\" \/>\n<meta property=\"article:author\" content=\"https:\/\/www.facebook.com\/proposmontreal\" \/>\n<meta property=\"article:published_time\" content=\"2014-07-29T00:30:35+00:00\" \/>\n<meta property=\"article:modified_time\" content=\"2022-07-15T16:24:06+00:00\" \/>\n<meta property=\"og:image\" content=\"https:\/\/proposmontreal.com\/wp-content\/uploads\/2014\/07\/archive_de-Montreal-PDN.jpg\" \/>\n\t<meta property=\"og:image:width\" content=\"600\" \/>\n\t<meta property=\"og:image:height\" content=\"300\" \/>\n\t<meta property=\"og:image:type\" content=\"image\/jpeg\" \/>\n<meta name=\"author\" content=\"Martin B\u00e9rub\u00e9\" \/>\n<meta name=\"twitter:card\" content=\"summary_large_image\" \/>\n<meta name=\"twitter:creator\" content=\"@proposmontreal\" \/>\n<meta name=\"twitter:site\" content=\"@ProposMontreal\" \/>\n<meta name=\"twitter:label1\" content=\"\u00c9crit par\" \/>\n\t<meta name=\"twitter:data1\" content=\"Martin B\u00e9rub\u00e9\" \/>\n\t<meta name=\"twitter:label2\" content=\"Dur\u00e9e de lecture estim\u00e9e\" \/>\n\t<meta name=\"twitter:data2\" content=\"6 minutes\" \/>\n<script type=\"application\/ld+json\" class=\"yoast-schema-graph\">{\"@context\":\"https:\/\/schema.org\",\"@graph\":[{\"@type\":\"WebPage\",\"@id\":\"https:\/\/proposmontreal.com\/index.php\/la-place-des-nations-est-elle-en-peril\/\",\"url\":\"https:\/\/proposmontreal.com\/index.php\/la-place-des-nations-est-elle-en-peril\/\",\"name\":\"La Place des Nations est-elle en p\u00e9ril?\",\"isPartOf\":{\"@id\":\"https:\/\/proposmontreal.com\/#website\"},\"primaryImageOfPage\":{\"@id\":\"https:\/\/proposmontreal.com\/index.php\/la-place-des-nations-est-elle-en-peril\/#primaryimage\"},\"image\":{\"@id\":\"https:\/\/proposmontreal.com\/index.php\/la-place-des-nations-est-elle-en-peril\/#primaryimage\"},\"thumbnailUrl\":\"https:\/\/proposmontreal.com\/wp-content\/uploads\/2014\/07\/archive_de-Montreal-PDN.jpg\",\"datePublished\":\"2014-07-29T00:30:35+00:00\",\"dateModified\":\"2022-07-15T16:24:06+00:00\",\"author\":{\"@id\":\"https:\/\/proposmontreal.com\/#\/schema\/person\/7d7acef09662dd8c0283a456e39b3254\"},\"description\":\"Selon vous, la Place-des-Nations est-elle un de ces endroits qui m\u00e9ritent d'\u00eatre sauvegard\u00e9s, dans la cat\u00e9gorie trop peu trop tard ou vous ne voyez pas sa valeur patrimoniale?\",\"breadcrumb\":{\"@id\":\"https:\/\/proposmontreal.com\/index.php\/la-place-des-nations-est-elle-en-peril\/#breadcrumb\"},\"inLanguage\":\"fr-FR\",\"potentialAction\":[{\"@type\":\"ReadAction\",\"target\":[\"https:\/\/proposmontreal.com\/index.php\/la-place-des-nations-est-elle-en-peril\/\"]}]},{\"@type\":\"ImageObject\",\"inLanguage\":\"fr-FR\",\"@id\":\"https:\/\/proposmontreal.com\/index.php\/la-place-des-nations-est-elle-en-peril\/#primaryimage\",\"url\":\"https:\/\/proposmontreal.com\/wp-content\/uploads\/2014\/07\/archive_de-Montreal-PDN.jpg\",\"contentUrl\":\"https:\/\/proposmontreal.com\/wp-content\/uploads\/2014\/07\/archive_de-Montreal-PDN.jpg\",\"width\":600,\"height\":300},{\"@type\":\"BreadcrumbList\",\"@id\":\"https:\/\/proposmontreal.com\/index.php\/la-place-des-nations-est-elle-en-peril\/#breadcrumb\",\"itemListElement\":[{\"@type\":\"ListItem\",\"position\":1,\"name\":\"Accueil\",\"item\":\"https:\/\/proposmontreal.com\/\"},{\"@type\":\"ListItem\",\"position\":2,\"name\":\"La Place des Nations est-elle en p\u00e9ril?\"}]},{\"@type\":\"WebSite\",\"@id\":\"https:\/\/proposmontreal.com\/#website\",\"url\":\"https:\/\/proposmontreal.com\/\",\"name\":\"ProposMontr\u00e9al\",\"description\":\"Histoire, Urbanisme, Architecture et Opinions.\",\"potentialAction\":[{\"@type\":\"SearchAction\",\"target\":{\"@type\":\"EntryPoint\",\"urlTemplate\":\"https:\/\/proposmontreal.com\/?s={search_term_string}\"},\"query-input\":{\"@type\":\"PropertyValueSpecification\",\"valueRequired\":true,\"valueName\":\"search_term_string\"}}],\"inLanguage\":\"fr-FR\"},{\"@type\":\"Person\",\"@id\":\"https:\/\/proposmontreal.com\/#\/schema\/person\/7d7acef09662dd8c0283a456e39b3254\",\"name\":\"Martin B\u00e9rub\u00e9\",\"image\":{\"@type\":\"ImageObject\",\"inLanguage\":\"fr-FR\",\"@id\":\"https:\/\/proposmontreal.com\/#\/schema\/person\/image\/\",\"url\":\"https:\/\/secure.gravatar.com\/avatar\/c584d9147b7b50bb9ff2edf1db3d93d38f22473bdde645a7942ee41f752cce3f?s=96&d=blank&r=g\",\"contentUrl\":\"https:\/\/secure.gravatar.com\/avatar\/c584d9147b7b50bb9ff2edf1db3d93d38f22473bdde645a7942ee41f752cce3f?s=96&d=blank&r=g\",\"caption\":\"Martin B\u00e9rub\u00e9\"},\"description\":\"Amoureux de Montr\u00e9al, fascin\u00e9 par l'histoire de la ville, son urbanisme et sa toponymie, ni historien ni sp\u00e9cialiste du sujet, Martin n'\u00e9tait m\u00eame pas n\u00e9 \u00e0 l'\u00e9poque de 99% des sujets discut\u00e9s de ce site. Il aime trouver des r\u00e9ponses aux questions qui sont pos\u00e9es. Les billets que vous lisez ne sont que les r\u00e9sultats de la qu\u00eate vers des r\u00e9ponses et le besoin de partager.\",\"sameAs\":[\"http:\/\/proposmontreal.com\",\"https:\/\/www.facebook.com\/proposmontreal\",\"https:\/\/x.com\/proposmontreal\"]}]}<\/script>\n<!-- \/ Yoast SEO plugin. -->","yoast_head_json":{"title":"La Place des Nations est-elle en p\u00e9ril?","description":"Selon vous, la Place-des-Nations est-elle un de ces endroits qui m\u00e9ritent d'\u00eatre sauvegard\u00e9s, dans la cat\u00e9gorie trop peu trop tard ou vous ne voyez pas sa valeur patrimoniale?","robots":{"index":"index","follow":"follow","max-snippet":"max-snippet:-1","max-image-preview":"max-image-preview:large","max-video-preview":"max-video-preview:-1"},"canonical":"https:\/\/proposmontreal.com\/index.php\/la-place-des-nations-est-elle-en-peril\/","og_locale":"fr_FR","og_type":"article","og_title":"La Place des Nations est-elle en p\u00e9ril?","og_url":"https:\/\/proposmontreal.com\/index.php\/la-place-des-nations-est-elle-en-peril\/","og_site_name":"ProposMontr\u00e9al","article_publisher":"https:\/\/www.facebook.com\/proposmontreal","article_author":"https:\/\/www.facebook.com\/proposmontreal","article_published_time":"2014-07-29T00:30:35+00:00","article_modified_time":"2022-07-15T16:24:06+00:00","og_image":[{"width":600,"height":300,"url":"https:\/\/proposmontreal.com\/wp-content\/uploads\/2014\/07\/archive_de-Montreal-PDN.jpg","type":"image\/jpeg"}],"author":"Martin B\u00e9rub\u00e9","twitter_card":"summary_large_image","twitter_creator":"@proposmontreal","twitter_site":"@ProposMontreal","twitter_misc":{"\u00c9crit par":"Martin B\u00e9rub\u00e9","Dur\u00e9e de lecture estim\u00e9e":"6 minutes"},"schema":{"@context":"https:\/\/schema.org","@graph":[{"@type":"WebPage","@id":"https:\/\/proposmontreal.com\/index.php\/la-place-des-nations-est-elle-en-peril\/","url":"https:\/\/proposmontreal.com\/index.php\/la-place-des-nations-est-elle-en-peril\/","name":"La Place des Nations est-elle en p\u00e9ril?","isPartOf":{"@id":"https:\/\/proposmontreal.com\/#website"},"primaryImageOfPage":{"@id":"https:\/\/proposmontreal.com\/index.php\/la-place-des-nations-est-elle-en-peril\/#primaryimage"},"image":{"@id":"https:\/\/proposmontreal.com\/index.php\/la-place-des-nations-est-elle-en-peril\/#primaryimage"},"thumbnailUrl":"https:\/\/proposmontreal.com\/wp-content\/uploads\/2014\/07\/archive_de-Montreal-PDN.jpg","datePublished":"2014-07-29T00:30:35+00:00","dateModified":"2022-07-15T16:24:06+00:00","author":{"@id":"https:\/\/proposmontreal.com\/#\/schema\/person\/7d7acef09662dd8c0283a456e39b3254"},"description":"Selon vous, la Place-des-Nations est-elle un de ces endroits qui m\u00e9ritent d'\u00eatre sauvegard\u00e9s, dans la cat\u00e9gorie trop peu trop tard ou vous ne voyez pas sa valeur patrimoniale?","breadcrumb":{"@id":"https:\/\/proposmontreal.com\/index.php\/la-place-des-nations-est-elle-en-peril\/#breadcrumb"},"inLanguage":"fr-FR","potentialAction":[{"@type":"ReadAction","target":["https:\/\/proposmontreal.com\/index.php\/la-place-des-nations-est-elle-en-peril\/"]}]},{"@type":"ImageObject","inLanguage":"fr-FR","@id":"https:\/\/proposmontreal.com\/index.php\/la-place-des-nations-est-elle-en-peril\/#primaryimage","url":"https:\/\/proposmontreal.com\/wp-content\/uploads\/2014\/07\/archive_de-Montreal-PDN.jpg","contentUrl":"https:\/\/proposmontreal.com\/wp-content\/uploads\/2014\/07\/archive_de-Montreal-PDN.jpg","width":600,"height":300},{"@type":"BreadcrumbList","@id":"https:\/\/proposmontreal.com\/index.php\/la-place-des-nations-est-elle-en-peril\/#breadcrumb","itemListElement":[{"@type":"ListItem","position":1,"name":"Accueil","item":"https:\/\/proposmontreal.com\/"},{"@type":"ListItem","position":2,"name":"La Place des Nations est-elle en p\u00e9ril?"}]},{"@type":"WebSite","@id":"https:\/\/proposmontreal.com\/#website","url":"https:\/\/proposmontreal.com\/","name":"ProposMontr\u00e9al","description":"Histoire, Urbanisme, Architecture et Opinions.","potentialAction":[{"@type":"SearchAction","target":{"@type":"EntryPoint","urlTemplate":"https:\/\/proposmontreal.com\/?s={search_term_string}"},"query-input":{"@type":"PropertyValueSpecification","valueRequired":true,"valueName":"search_term_string"}}],"inLanguage":"fr-FR"},{"@type":"Person","@id":"https:\/\/proposmontreal.com\/#\/schema\/person\/7d7acef09662dd8c0283a456e39b3254","name":"Martin B\u00e9rub\u00e9","image":{"@type":"ImageObject","inLanguage":"fr-FR","@id":"https:\/\/proposmontreal.com\/#\/schema\/person\/image\/","url":"https:\/\/secure.gravatar.com\/avatar\/c584d9147b7b50bb9ff2edf1db3d93d38f22473bdde645a7942ee41f752cce3f?s=96&d=blank&r=g","contentUrl":"https:\/\/secure.gravatar.com\/avatar\/c584d9147b7b50bb9ff2edf1db3d93d38f22473bdde645a7942ee41f752cce3f?s=96&d=blank&r=g","caption":"Martin B\u00e9rub\u00e9"},"description":"Amoureux de Montr\u00e9al, fascin\u00e9 par l'histoire de la ville, son urbanisme et sa toponymie, ni historien ni sp\u00e9cialiste du sujet, Martin n'\u00e9tait m\u00eame pas n\u00e9 \u00e0 l'\u00e9poque de 99% des sujets discut\u00e9s de ce site. Il aime trouver des r\u00e9ponses aux questions qui sont pos\u00e9es. Les billets que vous lisez ne sont que les r\u00e9sultats de la qu\u00eate vers des r\u00e9ponses et le besoin de partager.","sameAs":["http:\/\/proposmontreal.com","https:\/\/www.facebook.com\/proposmontreal","https:\/\/x.com\/proposmontreal"]}]}},"jetpack_featured_media_url":"https:\/\/proposmontreal.com\/wp-content\/uploads\/2014\/07\/archive_de-Montreal-PDN.jpg","jetpack_sharing_enabled":true,"_links":{"self":[{"href":"https:\/\/proposmontreal.com\/index.php\/wp-json\/wp\/v2\/posts\/3009","targetHints":{"allow":["GET"]}}],"collection":[{"href":"https:\/\/proposmontreal.com\/index.php\/wp-json\/wp\/v2\/posts"}],"about":[{"href":"https:\/\/proposmontreal.com\/index.php\/wp-json\/wp\/v2\/types\/post"}],"author":[{"embeddable":true,"href":"https:\/\/proposmontreal.com\/index.php\/wp-json\/wp\/v2\/users\/2"}],"replies":[{"embeddable":true,"href":"https:\/\/proposmontreal.com\/index.php\/wp-json\/wp\/v2\/comments?post=3009"}],"version-history":[{"count":3,"href":"https:\/\/proposmontreal.com\/index.php\/wp-json\/wp\/v2\/posts\/3009\/revisions"}],"predecessor-version":[{"id":4854,"href":"https:\/\/proposmontreal.com\/index.php\/wp-json\/wp\/v2\/posts\/3009\/revisions\/4854"}],"wp:featuredmedia":[{"embeddable":true,"href":"https:\/\/proposmontreal.com\/index.php\/wp-json\/wp\/v2\/media\/3038"}],"wp:attachment":[{"href":"https:\/\/proposmontreal.com\/index.php\/wp-json\/wp\/v2\/media?parent=3009"}],"wp:term":[{"taxonomy":"category","embeddable":true,"href":"https:\/\/proposmontreal.com\/index.php\/wp-json\/wp\/v2\/categories?post=3009"},{"taxonomy":"post_tag","embeddable":true,"href":"https:\/\/proposmontreal.com\/index.php\/wp-json\/wp\/v2\/tags?post=3009"}],"curies":[{"name":"wp","href":"https:\/\/api.w.org\/{rel}","templated":true}]}}