{"id":272,"date":"2009-12-20T20:24:43","date_gmt":"2009-12-21T01:24:43","guid":{"rendered":"http:\/\/proposmontreal.com\/?p=272"},"modified":"2016-01-01T15:37:50","modified_gmt":"2016-01-01T20:37:50","slug":"aurevoir-motel-raphael","status":"publish","type":"post","link":"https:\/\/proposmontreal.com\/index.php\/aurevoir-motel-raphael\/","title":{"rendered":"Au revoir Motel Raphael"},"content":{"rendered":"<span class=\"span-reading-time rt-reading-time\" style=\"display: block;\"><span class=\"rt-label rt-prefix\">Temps de lecture approximatif de<\/span> <span class=\"rt-time\"> 2<\/span> <span class=\"rt-label rt-postfix\">minutes<\/span><\/span><p>La route 138 part de la fronti\u00e8re avec New York et passe au travers de Montr\u00e9al. Plusieurs savent que la rue Sherbrooke porte ce num\u00e9ro de Cavendish dans Montr\u00e9al-Ouest jusqu&rsquo;\u00e0 la sortie de l&rsquo;\u00eele compl\u00e8tement dans l&rsquo;est. Avant Sherbrooke, quelques rues portent le nom de Route 138. La rue qui nous int\u00e9resse ici porte le pr\u00e9fixe de Boulevard et n&rsquo;est pas tr\u00e8s long, \u00e0 peine 700 m\u00e8tres. Le Boulevard Ste-Anne-de-Bellevue a tr\u00e8s peu d&rsquo;adresse, mais porte quand m\u00eame beaucoup d&rsquo;histoire sur son dos. Avant l&rsquo;arriv\u00e9e de l&rsquo;autoroute 20 au d\u00e9but des ann\u00e9es 60, la 138 \u00e9tait une des portes principales d&rsquo;entr\u00e9e \u00e0 Montr\u00e9al. <\/p>\n<p>Il est donc normal, que plusieurs Motels se soient plac\u00e9s \u00e0 cet endroit pour accueillir les automobilistes fatigu\u00e9s qui arrivent des \u00c9tats-Unis ou de l&rsquo;Ontario. En 2009 ces motels perdent un peu de leur atout, les Motels Colibri, Chablis, Sunrise, Aubin ou le \u00ab\u00a0luxueux\u00a0\u00bb Motel st Jacques ne sont que des ombres de la gloire qu&rsquo;ils ont d\u00e9j\u00e0 eues sous d&rsquo;autres noms et d&rsquo;autres propri\u00e9taires. Le premier motel que les voyageurs croisaient et surement le plus connu \u00e0 derni\u00e8rement rendu l&rsquo;\u00e2me, la question du \u00ab\u00a0kitch\u00a0\u00bb vs la modernit\u00e9 me revient \u00e0 l&rsquo;esprit. Le Motel Raphael, qui a port\u00e9 la banni\u00e8re Knight Inn du groupe Wyndham pour les derniers mois de sa vie, a surement beaucoup d&rsquo;histoire \u00e0 raconter.<\/p>\n<p>Maintenant, le Motel Raphael est ferm\u00e9, placard\u00e9 depuis le d\u00e9but octobre et la d\u00e9molition a d\u00e9j\u00e0 commenc\u00e9, probablement pour laisser place \u00e0 une grande surface ou \u00e0 un mini-centre d&rsquo;achat. Peut-\u00eatre que c&rsquo;est l&rsquo;endroit g\u00e9ographique, mais plusieurs des journaux anglophones en ont parl\u00e9, mais rares sont les billets en fran\u00e7ais sur la disparition de ce Motel qui \u00e0 la fin de sa vie, louait des chambres \u00e0 l&rsquo;heure. <a href=\"http:\/\/www.themonitor.ca\/article-393649-Farewell-Motel-Raphael.html\">The Monitor<\/a>, The NDG Freepress (PDF) et m\u00eame The Gazette, qui est imprim\u00e9s non loin de cet emplacement, en ont gliss\u00e9 un mot. <\/p>\n<p>La disparition de cette ic\u00f4ne des ann\u00e9es de nos grands parents ne passera surement pas \u00e0 l&rsquo;histoire, les quelques meurtres, suicides et soir\u00e9es intimes pay\u00e9es pas trop cher ne seront que partie de l&rsquo;imaginaire de ces voisins les plus pr\u00eats. J&rsquo;ai crois\u00e9 ce motel tr\u00e8s souvent dans ma jeune vie et sont emplacement plus que privil\u00e9gi\u00e9 \u00e0 la sortie de l&rsquo;autoroute 20 fera surement baver un d\u00e9veloppeur immobilier qui je l&rsquo;esp\u00e8re, saura en profiter comme il faut. Apr\u00e8s tout, le Boulevard Ste-Anne-De-Bellevue ne passera pas \u00e0 l&rsquo;histoire non plus et les photos les plus connus de ce Motel, seront surement celles parues dans le d\u00e9funt Allo Police, les temps ont chang\u00e9s.<\/p>\n<p><img loading=\"lazy\" decoding=\"async\" src=\"https:\/\/proposmontreal.com\/wp-content\/uploads\/2009\/12\/mraphael.jpg\" alt=\"Motel Raphael\" title=\"Motel Raphael\" width=\"618\" height=\"352\" class=\"aligncenter size-full wp-image-273\" srcset=\"https:\/\/proposmontreal.com\/wp-content\/uploads\/2009\/12\/mraphael.jpg 618w, https:\/\/proposmontreal.com\/wp-content\/uploads\/2009\/12\/mraphael-300x170.jpg 300w\" sizes=\"auto, (max-width: 618px) 100vw, 618px\" \/><\/p>\n","protected":false},"excerpt":{"rendered":"<p><span class=\"span-reading-time rt-reading-time\" style=\"display: block;\"><span class=\"rt-label rt-prefix\">Temps de lecture approximatif de<\/span> <span class=\"rt-time\"> 2<\/span> <span class=\"rt-label rt-postfix\">minutes<\/span><\/span>La route 138 part de la fronti\u00e8re avec New York et passe au travers de Montr\u00e9al. Plusieurs savent que la rue Sherbrooke porte ce num\u00e9ro&#8230;<\/p>\n<div class=\"more-link-wrapper\"><a class=\"more-link\" href=\"https:\/\/proposmontreal.com\/index.php\/aurevoir-motel-raphael\/\">Pour lire l&#039;article&#8230;<span class=\"screen-reader-text\">Au revoir Motel Raphael<\/span><\/a><\/div>\n","protected":false},"author":2,"featured_media":0,"comment_status":"open","ping_status":"open","sticky":false,"template":"","format":"standard","meta":{"jetpack_post_was_ever_published":false,"_jetpack_newsletter_access":"","_jetpack_dont_email_post_to_subs":false,"_jetpack_newsletter_tier_id":0,"_jetpack_memberships_contains_paywalled_content":false,"_jetpack_memberships_contains_paid_content":false,"footnotes":""},"categories":[1,6],"tags":[183,33,180,181,182],"class_list":["post-272","post","type-post","status-publish","format-standard","hentry","category-actualite","category-urbanisme","tag-disparition","tag-histoire","tag-kitch","tag-motel","tag-st-jacques","excerpt","zoom","full-without-featured","even","excerpt-0"],"yoast_head":"<!-- This site is optimized with the Yoast SEO plugin v26.5 - https:\/\/yoast.com\/wordpress\/plugins\/seo\/ -->\n<title>Motel Raphael<\/title>\n<meta name=\"description\" content=\"La disparition du Motel Raphael.\" \/>\n<meta name=\"robots\" content=\"index, follow, max-snippet:-1, max-image-preview:large, max-video-preview:-1\" \/>\n<link rel=\"canonical\" href=\"https:\/\/proposmontreal.com\/index.php\/aurevoir-motel-raphael\/\" \/>\n<meta property=\"og:locale\" content=\"fr_FR\" \/>\n<meta property=\"og:type\" content=\"article\" \/>\n<meta property=\"og:title\" content=\"Motel Raphael\" \/>\n<meta property=\"og:url\" content=\"https:\/\/proposmontreal.com\/index.php\/aurevoir-motel-raphael\/\" \/>\n<meta property=\"og:site_name\" content=\"ProposMontr\u00e9al\" \/>\n<meta property=\"article:publisher\" content=\"https:\/\/www.facebook.com\/proposmontreal\" \/>\n<meta property=\"article:author\" content=\"https:\/\/www.facebook.com\/proposmontreal\" \/>\n<meta property=\"article:published_time\" content=\"2009-12-21T01:24:43+00:00\" \/>\n<meta property=\"article:modified_time\" content=\"2016-01-01T20:37:50+00:00\" \/>\n<meta property=\"og:image\" content=\"http:\/\/proposmontreal.com\/wp-content\/uploads\/2009\/12\/mraphael.jpg\" \/>\n<meta name=\"author\" content=\"Martin B\u00e9rub\u00e9\" \/>\n<meta name=\"twitter:card\" content=\"summary_large_image\" \/>\n<meta name=\"twitter:creator\" content=\"@proposmontreal\" \/>\n<meta name=\"twitter:site\" content=\"@ProposMontreal\" \/>\n<meta name=\"twitter:label1\" content=\"\u00c9crit par\" \/>\n\t<meta name=\"twitter:data1\" content=\"Martin B\u00e9rub\u00e9\" \/>\n\t<meta name=\"twitter:label2\" content=\"Dur\u00e9e de lecture estim\u00e9e\" \/>\n\t<meta name=\"twitter:data2\" content=\"2 minutes\" \/>\n<script type=\"application\/ld+json\" class=\"yoast-schema-graph\">{\"@context\":\"https:\/\/schema.org\",\"@graph\":[{\"@type\":\"WebPage\",\"@id\":\"https:\/\/proposmontreal.com\/index.php\/aurevoir-motel-raphael\/\",\"url\":\"https:\/\/proposmontreal.com\/index.php\/aurevoir-motel-raphael\/\",\"name\":\"Motel Raphael\",\"isPartOf\":{\"@id\":\"https:\/\/proposmontreal.com\/#website\"},\"primaryImageOfPage\":{\"@id\":\"https:\/\/proposmontreal.com\/index.php\/aurevoir-motel-raphael\/#primaryimage\"},\"image\":{\"@id\":\"https:\/\/proposmontreal.com\/index.php\/aurevoir-motel-raphael\/#primaryimage\"},\"thumbnailUrl\":\"http:\/\/proposmontreal.com\/wp-content\/uploads\/2009\/12\/mraphael.jpg\",\"datePublished\":\"2009-12-21T01:24:43+00:00\",\"dateModified\":\"2016-01-01T20:37:50+00:00\",\"author\":{\"@id\":\"https:\/\/proposmontreal.com\/#\/schema\/person\/7d7acef09662dd8c0283a456e39b3254\"},\"description\":\"La disparition du Motel Raphael.\",\"breadcrumb\":{\"@id\":\"https:\/\/proposmontreal.com\/index.php\/aurevoir-motel-raphael\/#breadcrumb\"},\"inLanguage\":\"fr-FR\",\"potentialAction\":[{\"@type\":\"ReadAction\",\"target\":[\"https:\/\/proposmontreal.com\/index.php\/aurevoir-motel-raphael\/\"]}]},{\"@type\":\"ImageObject\",\"inLanguage\":\"fr-FR\",\"@id\":\"https:\/\/proposmontreal.com\/index.php\/aurevoir-motel-raphael\/#primaryimage\",\"url\":\"http:\/\/proposmontreal.com\/wp-content\/uploads\/2009\/12\/mraphael.jpg\",\"contentUrl\":\"http:\/\/proposmontreal.com\/wp-content\/uploads\/2009\/12\/mraphael.jpg\"},{\"@type\":\"BreadcrumbList\",\"@id\":\"https:\/\/proposmontreal.com\/index.php\/aurevoir-motel-raphael\/#breadcrumb\",\"itemListElement\":[{\"@type\":\"ListItem\",\"position\":1,\"name\":\"Accueil\",\"item\":\"https:\/\/proposmontreal.com\/\"},{\"@type\":\"ListItem\",\"position\":2,\"name\":\"Au revoir Motel Raphael\"}]},{\"@type\":\"WebSite\",\"@id\":\"https:\/\/proposmontreal.com\/#website\",\"url\":\"https:\/\/proposmontreal.com\/\",\"name\":\"ProposMontr\u00e9al\",\"description\":\"Histoire, Urbanisme, Architecture et Opinions.\",\"potentialAction\":[{\"@type\":\"SearchAction\",\"target\":{\"@type\":\"EntryPoint\",\"urlTemplate\":\"https:\/\/proposmontreal.com\/?s={search_term_string}\"},\"query-input\":{\"@type\":\"PropertyValueSpecification\",\"valueRequired\":true,\"valueName\":\"search_term_string\"}}],\"inLanguage\":\"fr-FR\"},{\"@type\":\"Person\",\"@id\":\"https:\/\/proposmontreal.com\/#\/schema\/person\/7d7acef09662dd8c0283a456e39b3254\",\"name\":\"Martin B\u00e9rub\u00e9\",\"image\":{\"@type\":\"ImageObject\",\"inLanguage\":\"fr-FR\",\"@id\":\"https:\/\/proposmontreal.com\/#\/schema\/person\/image\/\",\"url\":\"https:\/\/secure.gravatar.com\/avatar\/c584d9147b7b50bb9ff2edf1db3d93d38f22473bdde645a7942ee41f752cce3f?s=96&d=blank&r=g\",\"contentUrl\":\"https:\/\/secure.gravatar.com\/avatar\/c584d9147b7b50bb9ff2edf1db3d93d38f22473bdde645a7942ee41f752cce3f?s=96&d=blank&r=g\",\"caption\":\"Martin B\u00e9rub\u00e9\"},\"description\":\"Amoureux de Montr\u00e9al, fascin\u00e9 par l'histoire de la ville, son urbanisme et sa toponymie, ni historien ni sp\u00e9cialiste du sujet, Martin n'\u00e9tait m\u00eame pas n\u00e9 \u00e0 l'\u00e9poque de 99% des sujets discut\u00e9s de ce site. Il aime trouver des r\u00e9ponses aux questions qui sont pos\u00e9es. Les billets que vous lisez ne sont que les r\u00e9sultats de la qu\u00eate vers des r\u00e9ponses et le besoin de partager.\",\"sameAs\":[\"http:\/\/proposmontreal.com\",\"https:\/\/www.facebook.com\/proposmontreal\",\"https:\/\/x.com\/proposmontreal\"]}]}<\/script>\n<!-- \/ Yoast SEO plugin. -->","yoast_head_json":{"title":"Motel Raphael","description":"La disparition du Motel Raphael.","robots":{"index":"index","follow":"follow","max-snippet":"max-snippet:-1","max-image-preview":"max-image-preview:large","max-video-preview":"max-video-preview:-1"},"canonical":"https:\/\/proposmontreal.com\/index.php\/aurevoir-motel-raphael\/","og_locale":"fr_FR","og_type":"article","og_title":"Motel Raphael","og_url":"https:\/\/proposmontreal.com\/index.php\/aurevoir-motel-raphael\/","og_site_name":"ProposMontr\u00e9al","article_publisher":"https:\/\/www.facebook.com\/proposmontreal","article_author":"https:\/\/www.facebook.com\/proposmontreal","article_published_time":"2009-12-21T01:24:43+00:00","article_modified_time":"2016-01-01T20:37:50+00:00","og_image":[{"url":"http:\/\/proposmontreal.com\/wp-content\/uploads\/2009\/12\/mraphael.jpg","type":"","width":"","height":""}],"author":"Martin B\u00e9rub\u00e9","twitter_card":"summary_large_image","twitter_creator":"@proposmontreal","twitter_site":"@ProposMontreal","twitter_misc":{"\u00c9crit par":"Martin B\u00e9rub\u00e9","Dur\u00e9e de lecture estim\u00e9e":"2 minutes"},"schema":{"@context":"https:\/\/schema.org","@graph":[{"@type":"WebPage","@id":"https:\/\/proposmontreal.com\/index.php\/aurevoir-motel-raphael\/","url":"https:\/\/proposmontreal.com\/index.php\/aurevoir-motel-raphael\/","name":"Motel Raphael","isPartOf":{"@id":"https:\/\/proposmontreal.com\/#website"},"primaryImageOfPage":{"@id":"https:\/\/proposmontreal.com\/index.php\/aurevoir-motel-raphael\/#primaryimage"},"image":{"@id":"https:\/\/proposmontreal.com\/index.php\/aurevoir-motel-raphael\/#primaryimage"},"thumbnailUrl":"http:\/\/proposmontreal.com\/wp-content\/uploads\/2009\/12\/mraphael.jpg","datePublished":"2009-12-21T01:24:43+00:00","dateModified":"2016-01-01T20:37:50+00:00","author":{"@id":"https:\/\/proposmontreal.com\/#\/schema\/person\/7d7acef09662dd8c0283a456e39b3254"},"description":"La disparition du Motel Raphael.","breadcrumb":{"@id":"https:\/\/proposmontreal.com\/index.php\/aurevoir-motel-raphael\/#breadcrumb"},"inLanguage":"fr-FR","potentialAction":[{"@type":"ReadAction","target":["https:\/\/proposmontreal.com\/index.php\/aurevoir-motel-raphael\/"]}]},{"@type":"ImageObject","inLanguage":"fr-FR","@id":"https:\/\/proposmontreal.com\/index.php\/aurevoir-motel-raphael\/#primaryimage","url":"http:\/\/proposmontreal.com\/wp-content\/uploads\/2009\/12\/mraphael.jpg","contentUrl":"http:\/\/proposmontreal.com\/wp-content\/uploads\/2009\/12\/mraphael.jpg"},{"@type":"BreadcrumbList","@id":"https:\/\/proposmontreal.com\/index.php\/aurevoir-motel-raphael\/#breadcrumb","itemListElement":[{"@type":"ListItem","position":1,"name":"Accueil","item":"https:\/\/proposmontreal.com\/"},{"@type":"ListItem","position":2,"name":"Au revoir Motel Raphael"}]},{"@type":"WebSite","@id":"https:\/\/proposmontreal.com\/#website","url":"https:\/\/proposmontreal.com\/","name":"ProposMontr\u00e9al","description":"Histoire, Urbanisme, Architecture et Opinions.","potentialAction":[{"@type":"SearchAction","target":{"@type":"EntryPoint","urlTemplate":"https:\/\/proposmontreal.com\/?s={search_term_string}"},"query-input":{"@type":"PropertyValueSpecification","valueRequired":true,"valueName":"search_term_string"}}],"inLanguage":"fr-FR"},{"@type":"Person","@id":"https:\/\/proposmontreal.com\/#\/schema\/person\/7d7acef09662dd8c0283a456e39b3254","name":"Martin B\u00e9rub\u00e9","image":{"@type":"ImageObject","inLanguage":"fr-FR","@id":"https:\/\/proposmontreal.com\/#\/schema\/person\/image\/","url":"https:\/\/secure.gravatar.com\/avatar\/c584d9147b7b50bb9ff2edf1db3d93d38f22473bdde645a7942ee41f752cce3f?s=96&d=blank&r=g","contentUrl":"https:\/\/secure.gravatar.com\/avatar\/c584d9147b7b50bb9ff2edf1db3d93d38f22473bdde645a7942ee41f752cce3f?s=96&d=blank&r=g","caption":"Martin B\u00e9rub\u00e9"},"description":"Amoureux de Montr\u00e9al, fascin\u00e9 par l'histoire de la ville, son urbanisme et sa toponymie, ni historien ni sp\u00e9cialiste du sujet, Martin n'\u00e9tait m\u00eame pas n\u00e9 \u00e0 l'\u00e9poque de 99% des sujets discut\u00e9s de ce site. Il aime trouver des r\u00e9ponses aux questions qui sont pos\u00e9es. Les billets que vous lisez ne sont que les r\u00e9sultats de la qu\u00eate vers des r\u00e9ponses et le besoin de partager.","sameAs":["http:\/\/proposmontreal.com","https:\/\/www.facebook.com\/proposmontreal","https:\/\/x.com\/proposmontreal"]}]}},"jetpack_featured_media_url":"","jetpack_sharing_enabled":true,"_links":{"self":[{"href":"https:\/\/proposmontreal.com\/index.php\/wp-json\/wp\/v2\/posts\/272","targetHints":{"allow":["GET"]}}],"collection":[{"href":"https:\/\/proposmontreal.com\/index.php\/wp-json\/wp\/v2\/posts"}],"about":[{"href":"https:\/\/proposmontreal.com\/index.php\/wp-json\/wp\/v2\/types\/post"}],"author":[{"embeddable":true,"href":"https:\/\/proposmontreal.com\/index.php\/wp-json\/wp\/v2\/users\/2"}],"replies":[{"embeddable":true,"href":"https:\/\/proposmontreal.com\/index.php\/wp-json\/wp\/v2\/comments?post=272"}],"version-history":[{"count":4,"href":"https:\/\/proposmontreal.com\/index.php\/wp-json\/wp\/v2\/posts\/272\/revisions"}],"predecessor-version":[{"id":3963,"href":"https:\/\/proposmontreal.com\/index.php\/wp-json\/wp\/v2\/posts\/272\/revisions\/3963"}],"wp:attachment":[{"href":"https:\/\/proposmontreal.com\/index.php\/wp-json\/wp\/v2\/media?parent=272"}],"wp:term":[{"taxonomy":"category","embeddable":true,"href":"https:\/\/proposmontreal.com\/index.php\/wp-json\/wp\/v2\/categories?post=272"},{"taxonomy":"post_tag","embeddable":true,"href":"https:\/\/proposmontreal.com\/index.php\/wp-json\/wp\/v2\/tags?post=272"}],"curies":[{"name":"wp","href":"https:\/\/api.w.org\/{rel}","templated":true}]}}