{"id":191,"date":"2009-11-02T06:49:03","date_gmt":"2009-11-02T11:49:03","guid":{"rendered":"http:\/\/proposmontreal.com\/?p=191"},"modified":"2014-04-27T07:27:23","modified_gmt":"2014-04-27T11:27:23","slug":"le-maire-tremblay-garde-son-titre","status":"publish","type":"post","link":"https:\/\/proposmontreal.com\/index.php\/le-maire-tremblay-garde-son-titre\/","title":{"rendered":"Le Maire Tremblay garde son titre"},"content":{"rendered":"<span class=\"span-reading-time rt-reading-time\" style=\"display: block;\"><span class=\"rt-label rt-prefix\">Temps de lecture approximatif de<\/span> <span class=\"rt-time\"> 2<\/span> <span class=\"rt-label rt-postfix\">minutes<\/span><\/span><p>Contrairement \u00e0 ce que beaucoup de gens avaient pens\u00e9s, ce matin Montr\u00e9al ne se r\u00e9veille pas sous une nouvelle gouverne. Notre bon vieux G\u00e9rald est de retour mais, le message ne peut pas \u00eatre plus clair. \u00ab\u00a0Nous t&rsquo;avons \u00e0 l&rsquo;oeil\u00a0\u00bb <\/p>\n<p>Ce matin les journaux sortent leur clich\u00e9s habituels, Le Devoir; Tremblay r\u00e9siste \u00e0 l&rsquo;assaut, La Presse; Tremblay \u00e0 l&rsquo;arrach\u00e9, le \u00ab\u00a0jounal de Mon&rsquo;yal\u00a0\u00bb; Tremblay se faufile, et finalement The Gazette; Voters give Tremblay another chance. Le web va dans la m\u00eame direction, les d\u00e9tracteurs d\u00e9tractent un peu plus et les autres disent \u00e0 peu pr\u00eat tous la m\u00eame chose. <\/p>\n<p>Je dois malheureusement dire la m\u00eame chose, rien d&rsquo;original ici. G\u00e9rald devra faire deux choses dans la premi\u00e8re ann\u00e9e de son mandat, faire le m\u00e9nage de son entourage et faire le m\u00e9nage de la ville. La ville malheureusement est t\u00e2ch\u00e9e et il devra sortir l&rsquo;\u00e9ponge magique et le faire vite.<\/p>\n<p>Sortir le vote<br \/>\nUn mince 35.61% de 1 100 206 citoyens sont all\u00e9s voter, 391 788 personnes ont \u00e9t\u00e9 assez intelligentes pour aller faire leur x \u00e0 quelque part sur le petit papier. J&rsquo;ai une id\u00e9e moi pour notre Maire, donner une contravention \u00e0 ceux qui ne vont pas voter, \u00e0 40$ par absent, avec le taux de vote d&rsquo;hier cela ajouterai 28 336 720$ dans les coffres de la ville, assez pour r\u00e9parer quelque nids de poule non?<\/p>\n<p>Les deux auteurs de ProposMontr\u00e9al l&rsquo;ont dit \u00e0 quelques reprises dans nos textes ici, si vous ne votez pas, vous n&rsquo;avez pas le droit de chialer. \u00c0 ces 64.39% de la population, fermez votre bo\u00eete, je ne veux pas vous entendre avant 2013. Peut-\u00eatre que d&rsquo;ici ce temps-l\u00e0, quelqu&rsquo;un vous aura donn\u00e9 un peu de gros bons sens.<\/p>\n<p>R\u00e9sultats Provisoires<\/p>\n<ul>\n<li>G\u00e9rald Tremblay: 37,50%, 141 680 votes<\/li>\n<li>Louise Harel: 32,86%, 124 132 votes<\/li>\n<li>Richard Bergeron: 25,67%, 96 996 votes<\/li>\n<li>Louise \u00ab\u00a0Who?\u00a0\u00bb O&rsquo;Sullivan: 2,01%, 7575 votes<\/li>\n<li>Michel \u00ab\u00a0Qui?\u00a0\u00bb B\u00e9dard: 1,29%, 4887 votes<\/li>\n<li>Michel \u00ab\u00a0L&rsquo;Ind\u00e9pendant\u00a0\u00bb Prairie: 0,67%, 2519 votes<\/li>\n<\/ul>\n<p>R\u00e9sultats Provisoires Officiel ici<\/p>\n","protected":false},"excerpt":{"rendered":"<p><span class=\"span-reading-time rt-reading-time\" style=\"display: block;\"><span class=\"rt-label rt-prefix\">Temps de lecture approximatif de<\/span> <span class=\"rt-time\"> 2<\/span> <span class=\"rt-label rt-postfix\">minutes<\/span><\/span>Contrairement \u00e0 ce que beaucoup de gens avaient pens\u00e9s, ce matin Montr\u00e9al ne se r\u00e9veille pas sous une nouvelle gouverne. Notre bon vieux G\u00e9rald est&#8230;<\/p>\n<div class=\"more-link-wrapper\"><a class=\"more-link\" href=\"https:\/\/proposmontreal.com\/index.php\/le-maire-tremblay-garde-son-titre\/\">Pour lire l&#039;article&#8230;<span class=\"screen-reader-text\">Le Maire Tremblay garde son titre<\/span><\/a><\/div>\n","protected":false},"author":2,"featured_media":0,"comment_status":"open","ping_status":"open","sticky":false,"template":"","format":"standard","meta":{"jetpack_post_was_ever_published":false,"_jetpack_newsletter_access":"","_jetpack_dont_email_post_to_subs":false,"_jetpack_newsletter_tier_id":0,"_jetpack_memberships_contains_paywalled_content":false,"_jetpack_memberships_contains_paid_content":false,"footnotes":""},"categories":[1],"tags":[80,17,79,78,20,81],"class_list":["post-191","post","type-post","status-publish","format-standard","hentry","category-actualite","tag-bergeron","tag-election","tag-harel","tag-municipale","tag-tremblay","tag-vote","excerpt","zoom","full-without-featured","even","excerpt-0"],"yoast_head":"<!-- This site is optimized with the Yoast SEO plugin v26.5 - https:\/\/yoast.com\/wordpress\/plugins\/seo\/ -->\n<title>Le Maire Tremblay garde son titre<\/title>\n<meta name=\"description\" content=\"Un retour sur les \u00e9lections municipales du 1er novembre 2009\" \/>\n<meta name=\"robots\" content=\"index, follow, max-snippet:-1, max-image-preview:large, max-video-preview:-1\" \/>\n<link rel=\"canonical\" href=\"https:\/\/proposmontreal.com\/index.php\/le-maire-tremblay-garde-son-titre\/\" \/>\n<meta property=\"og:locale\" content=\"fr_FR\" \/>\n<meta property=\"og:type\" content=\"article\" \/>\n<meta property=\"og:title\" content=\"Le Maire Tremblay garde son titre\" \/>\n<meta property=\"og:url\" content=\"https:\/\/proposmontreal.com\/index.php\/le-maire-tremblay-garde-son-titre\/\" \/>\n<meta property=\"og:site_name\" content=\"ProposMontr\u00e9al\" \/>\n<meta property=\"article:publisher\" content=\"https:\/\/www.facebook.com\/proposmontreal\" \/>\n<meta property=\"article:author\" content=\"https:\/\/www.facebook.com\/proposmontreal\" \/>\n<meta property=\"article:published_time\" content=\"2009-11-02T11:49:03+00:00\" \/>\n<meta property=\"article:modified_time\" content=\"2014-04-27T11:27:23+00:00\" \/>\n<meta name=\"author\" content=\"Martin B\u00e9rub\u00e9\" \/>\n<meta name=\"twitter:card\" content=\"summary_large_image\" \/>\n<meta name=\"twitter:creator\" content=\"@proposmontreal\" \/>\n<meta name=\"twitter:site\" content=\"@ProposMontreal\" \/>\n<meta name=\"twitter:label1\" content=\"\u00c9crit par\" \/>\n\t<meta name=\"twitter:data1\" content=\"Martin B\u00e9rub\u00e9\" \/>\n\t<meta name=\"twitter:label2\" content=\"Dur\u00e9e de lecture estim\u00e9e\" \/>\n\t<meta name=\"twitter:data2\" content=\"2 minutes\" \/>\n<script type=\"application\/ld+json\" class=\"yoast-schema-graph\">{\"@context\":\"https:\/\/schema.org\",\"@graph\":[{\"@type\":\"WebPage\",\"@id\":\"https:\/\/proposmontreal.com\/index.php\/le-maire-tremblay-garde-son-titre\/\",\"url\":\"https:\/\/proposmontreal.com\/index.php\/le-maire-tremblay-garde-son-titre\/\",\"name\":\"Le Maire Tremblay garde son titre\",\"isPartOf\":{\"@id\":\"https:\/\/proposmontreal.com\/#website\"},\"datePublished\":\"2009-11-02T11:49:03+00:00\",\"dateModified\":\"2014-04-27T11:27:23+00:00\",\"author\":{\"@id\":\"https:\/\/proposmontreal.com\/#\/schema\/person\/7d7acef09662dd8c0283a456e39b3254\"},\"description\":\"Un retour sur les \u00e9lections municipales du 1er novembre 2009\",\"breadcrumb\":{\"@id\":\"https:\/\/proposmontreal.com\/index.php\/le-maire-tremblay-garde-son-titre\/#breadcrumb\"},\"inLanguage\":\"fr-FR\",\"potentialAction\":[{\"@type\":\"ReadAction\",\"target\":[\"https:\/\/proposmontreal.com\/index.php\/le-maire-tremblay-garde-son-titre\/\"]}]},{\"@type\":\"BreadcrumbList\",\"@id\":\"https:\/\/proposmontreal.com\/index.php\/le-maire-tremblay-garde-son-titre\/#breadcrumb\",\"itemListElement\":[{\"@type\":\"ListItem\",\"position\":1,\"name\":\"Accueil\",\"item\":\"https:\/\/proposmontreal.com\/\"},{\"@type\":\"ListItem\",\"position\":2,\"name\":\"Le Maire Tremblay garde son titre\"}]},{\"@type\":\"WebSite\",\"@id\":\"https:\/\/proposmontreal.com\/#website\",\"url\":\"https:\/\/proposmontreal.com\/\",\"name\":\"ProposMontr\u00e9al\",\"description\":\"Histoire, Urbanisme, Architecture et Opinions.\",\"potentialAction\":[{\"@type\":\"SearchAction\",\"target\":{\"@type\":\"EntryPoint\",\"urlTemplate\":\"https:\/\/proposmontreal.com\/?s={search_term_string}\"},\"query-input\":{\"@type\":\"PropertyValueSpecification\",\"valueRequired\":true,\"valueName\":\"search_term_string\"}}],\"inLanguage\":\"fr-FR\"},{\"@type\":\"Person\",\"@id\":\"https:\/\/proposmontreal.com\/#\/schema\/person\/7d7acef09662dd8c0283a456e39b3254\",\"name\":\"Martin B\u00e9rub\u00e9\",\"image\":{\"@type\":\"ImageObject\",\"inLanguage\":\"fr-FR\",\"@id\":\"https:\/\/proposmontreal.com\/#\/schema\/person\/image\/\",\"url\":\"https:\/\/secure.gravatar.com\/avatar\/c584d9147b7b50bb9ff2edf1db3d93d38f22473bdde645a7942ee41f752cce3f?s=96&d=blank&r=g\",\"contentUrl\":\"https:\/\/secure.gravatar.com\/avatar\/c584d9147b7b50bb9ff2edf1db3d93d38f22473bdde645a7942ee41f752cce3f?s=96&d=blank&r=g\",\"caption\":\"Martin B\u00e9rub\u00e9\"},\"description\":\"Amoureux de Montr\u00e9al, fascin\u00e9 par l'histoire de la ville, son urbanisme et sa toponymie, ni historien ni sp\u00e9cialiste du sujet, Martin n'\u00e9tait m\u00eame pas n\u00e9 \u00e0 l'\u00e9poque de 99% des sujets discut\u00e9s de ce site. Il aime trouver des r\u00e9ponses aux questions qui sont pos\u00e9es. Les billets que vous lisez ne sont que les r\u00e9sultats de la qu\u00eate vers des r\u00e9ponses et le besoin de partager.\",\"sameAs\":[\"http:\/\/proposmontreal.com\",\"https:\/\/www.facebook.com\/proposmontreal\",\"https:\/\/x.com\/proposmontreal\"]}]}<\/script>\n<!-- \/ Yoast SEO plugin. -->","yoast_head_json":{"title":"Le Maire Tremblay garde son titre","description":"Un retour sur les \u00e9lections municipales du 1er novembre 2009","robots":{"index":"index","follow":"follow","max-snippet":"max-snippet:-1","max-image-preview":"max-image-preview:large","max-video-preview":"max-video-preview:-1"},"canonical":"https:\/\/proposmontreal.com\/index.php\/le-maire-tremblay-garde-son-titre\/","og_locale":"fr_FR","og_type":"article","og_title":"Le Maire Tremblay garde son titre","og_url":"https:\/\/proposmontreal.com\/index.php\/le-maire-tremblay-garde-son-titre\/","og_site_name":"ProposMontr\u00e9al","article_publisher":"https:\/\/www.facebook.com\/proposmontreal","article_author":"https:\/\/www.facebook.com\/proposmontreal","article_published_time":"2009-11-02T11:49:03+00:00","article_modified_time":"2014-04-27T11:27:23+00:00","author":"Martin B\u00e9rub\u00e9","twitter_card":"summary_large_image","twitter_creator":"@proposmontreal","twitter_site":"@ProposMontreal","twitter_misc":{"\u00c9crit par":"Martin B\u00e9rub\u00e9","Dur\u00e9e de lecture estim\u00e9e":"2 minutes"},"schema":{"@context":"https:\/\/schema.org","@graph":[{"@type":"WebPage","@id":"https:\/\/proposmontreal.com\/index.php\/le-maire-tremblay-garde-son-titre\/","url":"https:\/\/proposmontreal.com\/index.php\/le-maire-tremblay-garde-son-titre\/","name":"Le Maire Tremblay garde son titre","isPartOf":{"@id":"https:\/\/proposmontreal.com\/#website"},"datePublished":"2009-11-02T11:49:03+00:00","dateModified":"2014-04-27T11:27:23+00:00","author":{"@id":"https:\/\/proposmontreal.com\/#\/schema\/person\/7d7acef09662dd8c0283a456e39b3254"},"description":"Un retour sur les \u00e9lections municipales du 1er novembre 2009","breadcrumb":{"@id":"https:\/\/proposmontreal.com\/index.php\/le-maire-tremblay-garde-son-titre\/#breadcrumb"},"inLanguage":"fr-FR","potentialAction":[{"@type":"ReadAction","target":["https:\/\/proposmontreal.com\/index.php\/le-maire-tremblay-garde-son-titre\/"]}]},{"@type":"BreadcrumbList","@id":"https:\/\/proposmontreal.com\/index.php\/le-maire-tremblay-garde-son-titre\/#breadcrumb","itemListElement":[{"@type":"ListItem","position":1,"name":"Accueil","item":"https:\/\/proposmontreal.com\/"},{"@type":"ListItem","position":2,"name":"Le Maire Tremblay garde son titre"}]},{"@type":"WebSite","@id":"https:\/\/proposmontreal.com\/#website","url":"https:\/\/proposmontreal.com\/","name":"ProposMontr\u00e9al","description":"Histoire, Urbanisme, Architecture et Opinions.","potentialAction":[{"@type":"SearchAction","target":{"@type":"EntryPoint","urlTemplate":"https:\/\/proposmontreal.com\/?s={search_term_string}"},"query-input":{"@type":"PropertyValueSpecification","valueRequired":true,"valueName":"search_term_string"}}],"inLanguage":"fr-FR"},{"@type":"Person","@id":"https:\/\/proposmontreal.com\/#\/schema\/person\/7d7acef09662dd8c0283a456e39b3254","name":"Martin B\u00e9rub\u00e9","image":{"@type":"ImageObject","inLanguage":"fr-FR","@id":"https:\/\/proposmontreal.com\/#\/schema\/person\/image\/","url":"https:\/\/secure.gravatar.com\/avatar\/c584d9147b7b50bb9ff2edf1db3d93d38f22473bdde645a7942ee41f752cce3f?s=96&d=blank&r=g","contentUrl":"https:\/\/secure.gravatar.com\/avatar\/c584d9147b7b50bb9ff2edf1db3d93d38f22473bdde645a7942ee41f752cce3f?s=96&d=blank&r=g","caption":"Martin B\u00e9rub\u00e9"},"description":"Amoureux de Montr\u00e9al, fascin\u00e9 par l'histoire de la ville, son urbanisme et sa toponymie, ni historien ni sp\u00e9cialiste du sujet, Martin n'\u00e9tait m\u00eame pas n\u00e9 \u00e0 l'\u00e9poque de 99% des sujets discut\u00e9s de ce site. Il aime trouver des r\u00e9ponses aux questions qui sont pos\u00e9es. Les billets que vous lisez ne sont que les r\u00e9sultats de la qu\u00eate vers des r\u00e9ponses et le besoin de partager.","sameAs":["http:\/\/proposmontreal.com","https:\/\/www.facebook.com\/proposmontreal","https:\/\/x.com\/proposmontreal"]}]}},"jetpack_featured_media_url":"","jetpack_sharing_enabled":true,"_links":{"self":[{"href":"https:\/\/proposmontreal.com\/index.php\/wp-json\/wp\/v2\/posts\/191","targetHints":{"allow":["GET"]}}],"collection":[{"href":"https:\/\/proposmontreal.com\/index.php\/wp-json\/wp\/v2\/posts"}],"about":[{"href":"https:\/\/proposmontreal.com\/index.php\/wp-json\/wp\/v2\/types\/post"}],"author":[{"embeddable":true,"href":"https:\/\/proposmontreal.com\/index.php\/wp-json\/wp\/v2\/users\/2"}],"replies":[{"embeddable":true,"href":"https:\/\/proposmontreal.com\/index.php\/wp-json\/wp\/v2\/comments?post=191"}],"version-history":[{"count":3,"href":"https:\/\/proposmontreal.com\/index.php\/wp-json\/wp\/v2\/posts\/191\/revisions"}],"predecessor-version":[{"id":2654,"href":"https:\/\/proposmontreal.com\/index.php\/wp-json\/wp\/v2\/posts\/191\/revisions\/2654"}],"wp:attachment":[{"href":"https:\/\/proposmontreal.com\/index.php\/wp-json\/wp\/v2\/media?parent=191"}],"wp:term":[{"taxonomy":"category","embeddable":true,"href":"https:\/\/proposmontreal.com\/index.php\/wp-json\/wp\/v2\/categories?post=191"},{"taxonomy":"post_tag","embeddable":true,"href":"https:\/\/proposmontreal.com\/index.php\/wp-json\/wp\/v2\/tags?post=191"}],"curies":[{"name":"wp","href":"https:\/\/api.w.org\/{rel}","templated":true}]}}