{"id":1841,"date":"2013-05-19T17:44:41","date_gmt":"2013-05-19T21:44:41","guid":{"rendered":"http:\/\/proposmontreal.com\/?p=1841"},"modified":"2017-01-26T14:28:19","modified_gmt":"2017-01-26T19:28:19","slug":"47e-saison-de-la-ronde","status":"publish","type":"post","link":"https:\/\/proposmontreal.com\/index.php\/47e-saison-de-la-ronde\/","title":{"rendered":"47e saison de La Ronde."},"content":{"rendered":"<span class=\"span-reading-time rt-reading-time\" style=\"display: block;\"><span class=\"rt-label rt-prefix\">Temps de lecture approximatif de<\/span> <span class=\"rt-time\"> 3<\/span> <span class=\"rt-label rt-postfix\">minutes<\/span><\/span><p>Je ne raconterais pas de menteries sur ce blogue, \u00e7a doit faire au moins six ou sept ans que je n&rsquo;ai pas \u00e9t\u00e9 \u00e0 La Ronde. Et je ne suis pas assez vieux pour avoir connu les bonnes ann\u00e9es du Parc Belmont. Mais au travers de mes voyages d&rsquo;affaire j&rsquo;ai d\u00fb aller \u00e0 une douzaine de reprises dans des parcs d&rsquo;amusements am\u00e9ricains. Ne clamant pas \u00eatre une sommit\u00e9 dans le domaine, je dois quand m\u00eame avouer que Montr\u00e9al n&rsquo;est pas une destination \u00ab\u00a0Parc d&rsquo;Attraction\u00a0\u00bb en Am\u00e9rique du nord.<\/p>\n<p>La Ronde ce n&rsquo;est pas Canada&rsquo;s Wonderland, Universal Studios ou Disney. Beaucoup de villes d&rsquo;Am\u00e9rique du nord \u00e0 son parc d&rsquo;attraction et notre parc de l&rsquo;\u00eele Ste-H\u00e9l\u00e8ne se trouve dans le pelotons, rien de plus. La vedette du parc, Le Monstre \u00e0 comme seul record d&rsquo;\u00eatre les plus hautes montagnes russes de bois \u00e0 double pistes, faut donc p\u00eacher loin pour trouver quelque chose \u00e0 se p\u00e9ter les bretelles. Ceci \u00e9tant dit, malgr\u00e9 les files d&rsquo;attentes toujours pr\u00e9sentes peut importe le parc d&rsquo;attraction, une journ\u00e9e \u00e0 La Ronde peut \u00eatre plut\u00f4t amusante, distrayante et&#8230;.co\u00fbteuse. Saviez-vous que La Ronde tient son nom du nom de l&rsquo;\u00eele o\u00f9 le parc il se retrouve, L&rsquo;\u00cele Ronde fut amalgam\u00e9e \u00e0 l&rsquo;\u00eele Ste-H\u00e9l\u00e8ne avec la terre excav\u00e9e lors de la construction du M\u00e9tro de Montr\u00e9al pour l&rsquo;Expo 67.<\/p>\n<div align=\"center\">\n<img loading=\"lazy\" decoding=\"async\" src=\"https:\/\/proposmontreal.com\/wp-content\/uploads\/2013\/05\/lemonstre.jpg\" alt=\"Le Monstre\" width=\"500\" height=\"375\" class=\"aligncenter size-full wp-image-1856\" srcset=\"https:\/\/proposmontreal.com\/wp-content\/uploads\/2013\/05\/lemonstre.jpg 500w, https:\/\/proposmontreal.com\/wp-content\/uploads\/2013\/05\/lemonstre-150x112.jpg 150w, https:\/\/proposmontreal.com\/wp-content\/uploads\/2013\/05\/lemonstre-300x225.jpg 300w\" sizes=\"auto, (max-width: 500px) 100vw, 500px\" \/>\n<\/div>\n<p>Je ne d\u00e9nigrerais pas notre parc d&rsquo;amusement aujourd&rsquo;hui, comme j&rsquo;ai mentionn\u00e9 en ouverture de billet, je ne suis pas retourn\u00e9 depuis assez longtemps et les choses ont surement chang\u00e9 pour le mieux. Mais La Ronde n&rsquo;est pas le premier grand parc d&rsquo;attraction de la ville. Certain se rappelleront le Parc Belmont \u00e0 Cartierville qui ferma ses portes en 1983, mais peu d&rsquo;entre vous auront visit\u00e9 un des anc\u00eatres de la Ronde. Le Dominion Park dans l&rsquo;est de la ville o\u00f9 se retrouvent aujourd&rsquo;hui une partie du Port de Montr\u00e9al amusa les Montr\u00e9alais de 1906 \u00e0 1937.<\/p>\n<div align=\"center\">\n<img decoding=\"async\" src=\"https:\/\/proposmontreal.com\/wp-content\/uploads\/2013\/05\/lapitoune.jpg\" alt=\"Shoot the Chute.\" width=\"560\" class=\"aligncenter size-full wp-image-1850\" srcset=\"https:\/\/proposmontreal.com\/wp-content\/uploads\/2013\/05\/lapitoune.jpg 800w, https:\/\/proposmontreal.com\/wp-content\/uploads\/2013\/05\/lapitoune-150x94.jpg 150w, https:\/\/proposmontreal.com\/wp-content\/uploads\/2013\/05\/lapitoune-300x189.jpg 300w\" sizes=\"(max-width: 800px) 100vw, 800px\" \/>\n<\/div>\n<p>Le Dominion Park \u00e9tait la propri\u00e9t\u00e9 des Am\u00e9ricains Harry et Mabel Dorsey. la Suburban Tramway and Power Company, un des anc\u00eatres la Soci\u00e9t\u00e9 de Transport de Montr\u00e9al (STM) d&rsquo;aujourd&rsquo;hui f\u00fbt cr\u00e9\u00e9 sp\u00e9cifiquement pour desservir le parc d&rsquo;attraction inspir\u00e9 de Coney Island dans la r\u00e9gion New-Yorkaise. Il se situait entre le fleuve St-Laurent et la rue Notre-Dame plus ou moins dans l&rsquo;angle de la rue Haig o\u00f9 se trouve aujourd&rsquo;hui le Centre de Formation du Service des Incendies de Montr\u00e9al au 6700 rue Notre-Dame Est.<\/p>\n<div align=\"center\">\n<figure id=\"attachment_1846\" aria-describedby=\"caption-attachment-1846\" style=\"width: 550px\" class=\"wp-caption aligncenter\"><a href=\"https:\/\/proposmontreal.com\/wp-content\/uploads\/2013\/05\/carte1914.jpg\" target=\"_blank\"><img loading=\"lazy\" decoding=\"async\" class=\"size-full wp-image-1846 \" alt=\"Cliquez pour agrandir. Carte de Parc 1914.\" src=\"https:\/\/proposmontreal.com\/wp-content\/uploads\/2013\/05\/carte_thumb.jpg\" width=\"550\" height=\"333\" srcset=\"https:\/\/proposmontreal.com\/wp-content\/uploads\/2013\/05\/carte_thumb.jpg 550w, https:\/\/proposmontreal.com\/wp-content\/uploads\/2013\/05\/carte_thumb-150x90.jpg 150w, https:\/\/proposmontreal.com\/wp-content\/uploads\/2013\/05\/carte_thumb-300x181.jpg 300w\" sizes=\"auto, (max-width: 550px) 100vw, 550px\" \/><\/a><figcaption id=\"caption-attachment-1846\" class=\"wp-caption-text\">Cliquez pour agrandir. Carte de Parc 1914.<\/figcaption><\/figure>\n<\/div>\n<div align=\"center\">\n<figure id=\"attachment_1859\" aria-describedby=\"caption-attachment-1859\" style=\"width: 550px\" class=\"wp-caption aligncenter\"><img loading=\"lazy\" decoding=\"async\" src=\"https:\/\/proposmontreal.com\/wp-content\/uploads\/2013\/05\/6700NotreDame.jpg\" alt=\"Centre de Formation du Service des Incendies de Montr\u00e9al.\" width=\"550\" height=\"246\" class=\"size-full wp-image-1859\" srcset=\"https:\/\/proposmontreal.com\/wp-content\/uploads\/2013\/05\/6700NotreDame.jpg 550w, https:\/\/proposmontreal.com\/wp-content\/uploads\/2013\/05\/6700NotreDame-150x67.jpg 150w, https:\/\/proposmontreal.com\/wp-content\/uploads\/2013\/05\/6700NotreDame-300x134.jpg 300w\" sizes=\"auto, (max-width: 550px) 100vw, 550px\" \/><figcaption id=\"caption-attachment-1859\" class=\"wp-caption-text\">Centre de Formation du Service des Incendies de Montr\u00e9al.<\/figcaption><\/figure>\n<\/div>\n<p>Comptant plusieurs dizaines d&rsquo;amusements, le plus populaire \u00e9tait de loin le man\u00e8ge Shoot-the-Chutes, un anc\u00eatre de notre Pitoune. Comme vous allez le voir, au tournant du si\u00e8cle dernier, il n&rsquo;y avait pas encore de loi 101. Apr\u00e8s avoir pay\u00e9 vos 10 sous pour l&rsquo;acc\u00e8s au parc, vous aviez le choix d&rsquo;amusement tel que les \u00ab\u00a0Bump the Bumps\u00a0\u00bb, \u00ab\u00a0Tours of the World\u00a0\u00bb, \u00ab\u00a0The Crystal Maze\u00a0\u00bb, \u00ab\u00a0House of Nonsense\u00a0\u00bb, \u00ab\u00a0Myth City\u00a0\u00bb, \u00ab\u00a0the Tickler\u00a0\u00bb ou de \u00ab\u00a0Ye Olde Mill\u00a0\u00bb parmi tant d&rsquo;autre. Le parc eu quelques emb\u00fbches, un feu majeur le 28 juin 1913 d\u00e9truit plusieurs amusements et un autre le 10 ao\u00fbt 1919 d\u00e9truisant \u00ab\u00a0Ye Olde Mill\u00a0\u00bb et fit sept victimes. (The Gazette, <a href=\"http:\/\/news.google.com\/newspapers?id=tjsgAAAAIBAJ&amp;sjid=_VwEAAAAIBAJ&amp;hl=fr&amp;pg=2024%2C2722519\" target=\"_blank\">La Patrie<\/a>), Avec la popularit\u00e9 du plus moderne Parc Belmont et entour\u00e9 de buildings industriels, le Parc Dominion ferma ses portes en 1937.<\/p>\n<div align=\"center\">\n<figure id=\"attachment_1844\" aria-describedby=\"caption-attachment-1844\" style=\"width: 565px\" class=\"wp-caption aligncenter\"><a href=\"http:\/\/news.google.com\/newspapers?id=tjsgAAAAIBAJ&amp;sjid=_VwEAAAAIBAJ&amp;hl=fr&amp;pg=2024%2C2722519\" target=\"_blank\"><img loading=\"lazy\" decoding=\"async\" class=\"size-full wp-image-1844 \" alt=\"La Patrie, 11 ao\u00fbt 1919.\" src=\"https:\/\/proposmontreal.com\/wp-content\/uploads\/2013\/05\/la_patrie11aout19191.jpg\" width=\"565\" height=\"418\" srcset=\"https:\/\/proposmontreal.com\/wp-content\/uploads\/2013\/05\/la_patrie11aout19191.jpg 565w, https:\/\/proposmontreal.com\/wp-content\/uploads\/2013\/05\/la_patrie11aout19191-150x110.jpg 150w, https:\/\/proposmontreal.com\/wp-content\/uploads\/2013\/05\/la_patrie11aout19191-300x221.jpg 300w\" sizes=\"auto, (max-width: 565px) 100vw, 565px\" \/><\/a><figcaption id=\"caption-attachment-1844\" class=\"wp-caption-text\">La Patrie, 11 ao\u00fbt 1919.<\/figcaption><\/figure>\n<\/div>\n<p>La Ronde qui a ouvert ses portes en 1967 est ouvert de mai \u00e0 octobre reste une sortie pour beaucoup de jeunes de Montr\u00e9al. S\u00e9curitaire et quand m\u00eame amusant je souhaite une belle 47e saison \u00e0 notre Parc d&rsquo;Amusement. Mon plus vieux souvenir de La Ronde est au d\u00e9but des ann\u00e9es 80, en sortie avec l&rsquo;\u00e9cole d&rsquo;avoir d\u00e9vor\u00e9 ma premi\u00e8re Queue de Castor. Merci aussi pour la comp\u00e9tition pyrotechnique qui illumine nos soirs d&rsquo;\u00e9t\u00e9. Recevoir un Jupiter d&rsquo;or pour ces compagnies c&rsquo;est l&rsquo;\u00e9quivalent de gagner une Palme d&rsquo;Or \u00e0 Cannes. Je vous promets apr\u00e8s une disette de plusieurs ann\u00e9es, que 2013 sera mon retour \u00e0 La Ronde pour une journ\u00e9e de file d&rsquo;attente, de naus\u00e9e et de bouffe trop cher. Apr\u00e8s tout, il y a rien de mal la dedans.<\/p>\n<div align=\"center\">\n<figure id=\"attachment_1853\" aria-describedby=\"caption-attachment-1853\" style=\"width: 640px\" class=\"wp-caption aligncenter\"><a href=\"http:\/\/www.flickr.com\/photos\/collylogic\/7597509446\/lightbox\/\"><img loading=\"lazy\" decoding=\"async\" src=\"https:\/\/proposmontreal.com\/wp-content\/uploads\/2013\/05\/feu_laronde.jpg\" alt=\"Photo: Simon Collison\" width=\"640\" height=\"480\" class=\"size-full wp-image-1853\" srcset=\"https:\/\/proposmontreal.com\/wp-content\/uploads\/2013\/05\/feu_laronde.jpg 640w, https:\/\/proposmontreal.com\/wp-content\/uploads\/2013\/05\/feu_laronde-150x112.jpg 150w, https:\/\/proposmontreal.com\/wp-content\/uploads\/2013\/05\/feu_laronde-300x225.jpg 300w\" sizes=\"auto, (max-width: 640px) 100vw, 640px\" \/><\/a><figcaption id=\"caption-attachment-1853\" class=\"wp-caption-text\">Photo: Simon Collison<\/figcaption><\/figure>\n<\/div>\n<div align=\"center\">\n<img loading=\"lazy\" decoding=\"async\" src=\"https:\/\/proposmontreal.com\/wp-content\/uploads\/2013\/05\/guide_dominionpark.jpg\" alt=\"Guide Dominion Park\" width=\"512\" height=\"768\" class=\"aligncenter size-full wp-image-1854\" srcset=\"https:\/\/proposmontreal.com\/wp-content\/uploads\/2013\/05\/guide_dominionpark.jpg 512w, https:\/\/proposmontreal.com\/wp-content\/uploads\/2013\/05\/guide_dominionpark-100x150.jpg 100w, https:\/\/proposmontreal.com\/wp-content\/uploads\/2013\/05\/guide_dominionpark-200x300.jpg 200w\" sizes=\"auto, (max-width: 512px) 100vw, 512px\" \/>\n<\/div>\n<p>Sources d&rsquo;information sur le Parc Dominion;<br \/>\n<a href=\"http:\/\/cec.chebucto.org\/ClosPark\/Dominion.html\" target=\"_blank\">Closed Canadian Parks<\/a><br \/>\n<a href=\"http:\/\/retrofutur-montreal.blogspot.ca\/2010\/05\/parc-dominion.html\" target=\"_blank\">R\u00e9trofutur<\/a><\/p>\n","protected":false},"excerpt":{"rendered":"<p><span class=\"span-reading-time rt-reading-time\" style=\"display: block;\"><span class=\"rt-label rt-prefix\">Temps de lecture approximatif de<\/span> <span class=\"rt-time\"> 3<\/span> <span class=\"rt-label rt-postfix\">minutes<\/span><\/span>Avant la Ronde, Il y a eu le Dominion Park dans l&rsquo;Est de la VIlle et le Parc Belmont de Cartierville.<\/p>\n<div class=\"more-link-wrapper\"><a class=\"more-link\" href=\"https:\/\/proposmontreal.com\/index.php\/47e-saison-de-la-ronde\/\">Pour lire l&#039;article&#8230;<span class=\"screen-reader-text\">47e saison de La Ronde.<\/span><\/a><\/div>\n","protected":false},"author":2,"featured_media":0,"comment_status":"open","ping_status":"open","sticky":false,"template":"","format":"standard","meta":{"jetpack_post_was_ever_published":false,"_jetpack_newsletter_access":"","_jetpack_dont_email_post_to_subs":true,"_jetpack_newsletter_tier_id":0,"_jetpack_memberships_contains_paywalled_content":false,"_jetpack_memberships_contains_paid_content":false,"footnotes":""},"categories":[1,3,393],"tags":[1016,1017,1014,809,1015],"class_list":["post-1841","post","type-post","status-publish","format-standard","hentry","category-actualite","category-culture","category-histoire-2","tag-amusement","tag-belmont","tag-dominion","tag-parc","tag-ronde","excerpt","zoom","full-without-featured","even","excerpt-0"],"yoast_head":"<!-- This site is optimized with the Yoast SEO plugin v26.5 - https:\/\/yoast.com\/wordpress\/plugins\/seo\/ -->\n<title>47e saison de La Ronde<\/title>\n<meta name=\"description\" content=\"Avant la Ronde, Il y a eu le Dominion Park dans l&#039;Est de la VIlle et le Parc Belmont de Cartierville.\" \/>\n<meta name=\"robots\" content=\"index, follow, max-snippet:-1, max-image-preview:large, max-video-preview:-1\" \/>\n<link rel=\"canonical\" href=\"https:\/\/proposmontreal.com\/index.php\/47e-saison-de-la-ronde\/\" \/>\n<meta property=\"og:locale\" content=\"fr_FR\" \/>\n<meta property=\"og:type\" content=\"article\" \/>\n<meta property=\"og:title\" content=\"47e saison de La Ronde\" \/>\n<meta property=\"og:url\" content=\"https:\/\/proposmontreal.com\/index.php\/47e-saison-de-la-ronde\/\" \/>\n<meta property=\"og:site_name\" content=\"ProposMontr\u00e9al\" \/>\n<meta property=\"article:publisher\" content=\"https:\/\/www.facebook.com\/proposmontreal\" \/>\n<meta property=\"article:author\" content=\"https:\/\/www.facebook.com\/proposmontreal\" \/>\n<meta property=\"article:published_time\" content=\"2013-05-19T21:44:41+00:00\" \/>\n<meta property=\"article:modified_time\" content=\"2017-01-26T19:28:19+00:00\" \/>\n<meta property=\"og:image\" content=\"http:\/\/proposmontreal.com\/wp-content\/uploads\/2013\/05\/lemonstre.jpg\" \/>\n<meta name=\"author\" content=\"Martin B\u00e9rub\u00e9\" \/>\n<meta name=\"twitter:card\" content=\"summary_large_image\" \/>\n<meta name=\"twitter:creator\" content=\"@proposmontreal\" \/>\n<meta name=\"twitter:site\" content=\"@ProposMontreal\" \/>\n<meta name=\"twitter:label1\" content=\"\u00c9crit par\" \/>\n\t<meta name=\"twitter:data1\" content=\"Martin B\u00e9rub\u00e9\" \/>\n\t<meta name=\"twitter:label2\" content=\"Dur\u00e9e de lecture estim\u00e9e\" \/>\n\t<meta name=\"twitter:data2\" content=\"4 minutes\" \/>\n<script type=\"application\/ld+json\" class=\"yoast-schema-graph\">{\"@context\":\"https:\/\/schema.org\",\"@graph\":[{\"@type\":\"WebPage\",\"@id\":\"https:\/\/proposmontreal.com\/index.php\/47e-saison-de-la-ronde\/\",\"url\":\"https:\/\/proposmontreal.com\/index.php\/47e-saison-de-la-ronde\/\",\"name\":\"47e saison de La Ronde\",\"isPartOf\":{\"@id\":\"https:\/\/proposmontreal.com\/#website\"},\"primaryImageOfPage\":{\"@id\":\"https:\/\/proposmontreal.com\/index.php\/47e-saison-de-la-ronde\/#primaryimage\"},\"image\":{\"@id\":\"https:\/\/proposmontreal.com\/index.php\/47e-saison-de-la-ronde\/#primaryimage\"},\"thumbnailUrl\":\"http:\/\/proposmontreal.com\/wp-content\/uploads\/2013\/05\/lemonstre.jpg\",\"datePublished\":\"2013-05-19T21:44:41+00:00\",\"dateModified\":\"2017-01-26T19:28:19+00:00\",\"author\":{\"@id\":\"https:\/\/proposmontreal.com\/#\/schema\/person\/7d7acef09662dd8c0283a456e39b3254\"},\"description\":\"Avant la Ronde, Il y a eu le Dominion Park dans l'Est de la VIlle et le Parc Belmont de Cartierville.\",\"breadcrumb\":{\"@id\":\"https:\/\/proposmontreal.com\/index.php\/47e-saison-de-la-ronde\/#breadcrumb\"},\"inLanguage\":\"fr-FR\",\"potentialAction\":[{\"@type\":\"ReadAction\",\"target\":[\"https:\/\/proposmontreal.com\/index.php\/47e-saison-de-la-ronde\/\"]}]},{\"@type\":\"ImageObject\",\"inLanguage\":\"fr-FR\",\"@id\":\"https:\/\/proposmontreal.com\/index.php\/47e-saison-de-la-ronde\/#primaryimage\",\"url\":\"http:\/\/proposmontreal.com\/wp-content\/uploads\/2013\/05\/lemonstre.jpg\",\"contentUrl\":\"http:\/\/proposmontreal.com\/wp-content\/uploads\/2013\/05\/lemonstre.jpg\"},{\"@type\":\"BreadcrumbList\",\"@id\":\"https:\/\/proposmontreal.com\/index.php\/47e-saison-de-la-ronde\/#breadcrumb\",\"itemListElement\":[{\"@type\":\"ListItem\",\"position\":1,\"name\":\"Accueil\",\"item\":\"https:\/\/proposmontreal.com\/\"},{\"@type\":\"ListItem\",\"position\":2,\"name\":\"47e saison de La Ronde.\"}]},{\"@type\":\"WebSite\",\"@id\":\"https:\/\/proposmontreal.com\/#website\",\"url\":\"https:\/\/proposmontreal.com\/\",\"name\":\"ProposMontr\u00e9al\",\"description\":\"Histoire, Urbanisme, Architecture et Opinions.\",\"potentialAction\":[{\"@type\":\"SearchAction\",\"target\":{\"@type\":\"EntryPoint\",\"urlTemplate\":\"https:\/\/proposmontreal.com\/?s={search_term_string}\"},\"query-input\":{\"@type\":\"PropertyValueSpecification\",\"valueRequired\":true,\"valueName\":\"search_term_string\"}}],\"inLanguage\":\"fr-FR\"},{\"@type\":\"Person\",\"@id\":\"https:\/\/proposmontreal.com\/#\/schema\/person\/7d7acef09662dd8c0283a456e39b3254\",\"name\":\"Martin B\u00e9rub\u00e9\",\"image\":{\"@type\":\"ImageObject\",\"inLanguage\":\"fr-FR\",\"@id\":\"https:\/\/proposmontreal.com\/#\/schema\/person\/image\/\",\"url\":\"https:\/\/secure.gravatar.com\/avatar\/c584d9147b7b50bb9ff2edf1db3d93d38f22473bdde645a7942ee41f752cce3f?s=96&d=blank&r=g\",\"contentUrl\":\"https:\/\/secure.gravatar.com\/avatar\/c584d9147b7b50bb9ff2edf1db3d93d38f22473bdde645a7942ee41f752cce3f?s=96&d=blank&r=g\",\"caption\":\"Martin B\u00e9rub\u00e9\"},\"description\":\"Amoureux de Montr\u00e9al, fascin\u00e9 par l'histoire de la ville, son urbanisme et sa toponymie, ni historien ni sp\u00e9cialiste du sujet, Martin n'\u00e9tait m\u00eame pas n\u00e9 \u00e0 l'\u00e9poque de 99% des sujets discut\u00e9s de ce site. Il aime trouver des r\u00e9ponses aux questions qui sont pos\u00e9es. Les billets que vous lisez ne sont que les r\u00e9sultats de la qu\u00eate vers des r\u00e9ponses et le besoin de partager.\",\"sameAs\":[\"http:\/\/proposmontreal.com\",\"https:\/\/www.facebook.com\/proposmontreal\",\"https:\/\/x.com\/proposmontreal\"]}]}<\/script>\n<!-- \/ Yoast SEO plugin. -->","yoast_head_json":{"title":"47e saison de La Ronde","description":"Avant la Ronde, Il y a eu le Dominion Park dans l'Est de la VIlle et le Parc Belmont de Cartierville.","robots":{"index":"index","follow":"follow","max-snippet":"max-snippet:-1","max-image-preview":"max-image-preview:large","max-video-preview":"max-video-preview:-1"},"canonical":"https:\/\/proposmontreal.com\/index.php\/47e-saison-de-la-ronde\/","og_locale":"fr_FR","og_type":"article","og_title":"47e saison de La Ronde","og_url":"https:\/\/proposmontreal.com\/index.php\/47e-saison-de-la-ronde\/","og_site_name":"ProposMontr\u00e9al","article_publisher":"https:\/\/www.facebook.com\/proposmontreal","article_author":"https:\/\/www.facebook.com\/proposmontreal","article_published_time":"2013-05-19T21:44:41+00:00","article_modified_time":"2017-01-26T19:28:19+00:00","og_image":[{"url":"http:\/\/proposmontreal.com\/wp-content\/uploads\/2013\/05\/lemonstre.jpg","type":"","width":"","height":""}],"author":"Martin B\u00e9rub\u00e9","twitter_card":"summary_large_image","twitter_creator":"@proposmontreal","twitter_site":"@ProposMontreal","twitter_misc":{"\u00c9crit par":"Martin B\u00e9rub\u00e9","Dur\u00e9e de lecture estim\u00e9e":"4 minutes"},"schema":{"@context":"https:\/\/schema.org","@graph":[{"@type":"WebPage","@id":"https:\/\/proposmontreal.com\/index.php\/47e-saison-de-la-ronde\/","url":"https:\/\/proposmontreal.com\/index.php\/47e-saison-de-la-ronde\/","name":"47e saison de La Ronde","isPartOf":{"@id":"https:\/\/proposmontreal.com\/#website"},"primaryImageOfPage":{"@id":"https:\/\/proposmontreal.com\/index.php\/47e-saison-de-la-ronde\/#primaryimage"},"image":{"@id":"https:\/\/proposmontreal.com\/index.php\/47e-saison-de-la-ronde\/#primaryimage"},"thumbnailUrl":"http:\/\/proposmontreal.com\/wp-content\/uploads\/2013\/05\/lemonstre.jpg","datePublished":"2013-05-19T21:44:41+00:00","dateModified":"2017-01-26T19:28:19+00:00","author":{"@id":"https:\/\/proposmontreal.com\/#\/schema\/person\/7d7acef09662dd8c0283a456e39b3254"},"description":"Avant la Ronde, Il y a eu le Dominion Park dans l'Est de la VIlle et le Parc Belmont de Cartierville.","breadcrumb":{"@id":"https:\/\/proposmontreal.com\/index.php\/47e-saison-de-la-ronde\/#breadcrumb"},"inLanguage":"fr-FR","potentialAction":[{"@type":"ReadAction","target":["https:\/\/proposmontreal.com\/index.php\/47e-saison-de-la-ronde\/"]}]},{"@type":"ImageObject","inLanguage":"fr-FR","@id":"https:\/\/proposmontreal.com\/index.php\/47e-saison-de-la-ronde\/#primaryimage","url":"http:\/\/proposmontreal.com\/wp-content\/uploads\/2013\/05\/lemonstre.jpg","contentUrl":"http:\/\/proposmontreal.com\/wp-content\/uploads\/2013\/05\/lemonstre.jpg"},{"@type":"BreadcrumbList","@id":"https:\/\/proposmontreal.com\/index.php\/47e-saison-de-la-ronde\/#breadcrumb","itemListElement":[{"@type":"ListItem","position":1,"name":"Accueil","item":"https:\/\/proposmontreal.com\/"},{"@type":"ListItem","position":2,"name":"47e saison de La Ronde."}]},{"@type":"WebSite","@id":"https:\/\/proposmontreal.com\/#website","url":"https:\/\/proposmontreal.com\/","name":"ProposMontr\u00e9al","description":"Histoire, Urbanisme, Architecture et Opinions.","potentialAction":[{"@type":"SearchAction","target":{"@type":"EntryPoint","urlTemplate":"https:\/\/proposmontreal.com\/?s={search_term_string}"},"query-input":{"@type":"PropertyValueSpecification","valueRequired":true,"valueName":"search_term_string"}}],"inLanguage":"fr-FR"},{"@type":"Person","@id":"https:\/\/proposmontreal.com\/#\/schema\/person\/7d7acef09662dd8c0283a456e39b3254","name":"Martin B\u00e9rub\u00e9","image":{"@type":"ImageObject","inLanguage":"fr-FR","@id":"https:\/\/proposmontreal.com\/#\/schema\/person\/image\/","url":"https:\/\/secure.gravatar.com\/avatar\/c584d9147b7b50bb9ff2edf1db3d93d38f22473bdde645a7942ee41f752cce3f?s=96&d=blank&r=g","contentUrl":"https:\/\/secure.gravatar.com\/avatar\/c584d9147b7b50bb9ff2edf1db3d93d38f22473bdde645a7942ee41f752cce3f?s=96&d=blank&r=g","caption":"Martin B\u00e9rub\u00e9"},"description":"Amoureux de Montr\u00e9al, fascin\u00e9 par l'histoire de la ville, son urbanisme et sa toponymie, ni historien ni sp\u00e9cialiste du sujet, Martin n'\u00e9tait m\u00eame pas n\u00e9 \u00e0 l'\u00e9poque de 99% des sujets discut\u00e9s de ce site. Il aime trouver des r\u00e9ponses aux questions qui sont pos\u00e9es. Les billets que vous lisez ne sont que les r\u00e9sultats de la qu\u00eate vers des r\u00e9ponses et le besoin de partager.","sameAs":["http:\/\/proposmontreal.com","https:\/\/www.facebook.com\/proposmontreal","https:\/\/x.com\/proposmontreal"]}]}},"jetpack_featured_media_url":"","jetpack_sharing_enabled":true,"_links":{"self":[{"href":"https:\/\/proposmontreal.com\/index.php\/wp-json\/wp\/v2\/posts\/1841","targetHints":{"allow":["GET"]}}],"collection":[{"href":"https:\/\/proposmontreal.com\/index.php\/wp-json\/wp\/v2\/posts"}],"about":[{"href":"https:\/\/proposmontreal.com\/index.php\/wp-json\/wp\/v2\/types\/post"}],"author":[{"embeddable":true,"href":"https:\/\/proposmontreal.com\/index.php\/wp-json\/wp\/v2\/users\/2"}],"replies":[{"embeddable":true,"href":"https:\/\/proposmontreal.com\/index.php\/wp-json\/wp\/v2\/comments?post=1841"}],"version-history":[{"count":4,"href":"https:\/\/proposmontreal.com\/index.php\/wp-json\/wp\/v2\/posts\/1841\/revisions"}],"predecessor-version":[{"id":4576,"href":"https:\/\/proposmontreal.com\/index.php\/wp-json\/wp\/v2\/posts\/1841\/revisions\/4576"}],"wp:attachment":[{"href":"https:\/\/proposmontreal.com\/index.php\/wp-json\/wp\/v2\/media?parent=1841"}],"wp:term":[{"taxonomy":"category","embeddable":true,"href":"https:\/\/proposmontreal.com\/index.php\/wp-json\/wp\/v2\/categories?post=1841"},{"taxonomy":"post_tag","embeddable":true,"href":"https:\/\/proposmontreal.com\/index.php\/wp-json\/wp\/v2\/tags?post=1841"}],"curies":[{"name":"wp","href":"https:\/\/api.w.org\/{rel}","templated":true}]}}