{"id":1437,"date":"2013-02-15T09:35:31","date_gmt":"2013-02-15T14:35:31","guid":{"rendered":"http:\/\/proposmontreal.com\/?p=1437"},"modified":"2013-02-14T21:38:27","modified_gmt":"2013-02-15T02:38:27","slug":"on-devrait-peut-etre-lecouter","status":"publish","type":"post","link":"https:\/\/proposmontreal.com\/index.php\/on-devrait-peut-etre-lecouter\/","title":{"rendered":"&#8230;On devrait peut-\u00eatre l&rsquo;\u00e9couter"},"content":{"rendered":"<span class=\"span-reading-time rt-reading-time\" style=\"display: block;\"><span class=\"rt-label rt-prefix\">Temps de lecture approximatif de<\/span> <span class=\"rt-time\"> 3<\/span> <span class=\"rt-label rt-postfix\">minutes<\/span><\/span><p>\u00cates-vous comme moi et un peu cynique face \u00e0 la politique en g\u00e9n\u00e9ral? S\u00fbrement, il est presque difficile de ne pas l&rsquo;\u00eatre. J&rsquo;ai perdu espoir depuis longtemps dans la politique f\u00e9d\u00e9rale. La politique provinciale me laisse froid d&rsquo;indiff\u00e9rence mais j&rsquo;ai encore un brin d&rsquo;espoir pour la politique municipale.<\/p>\n<p>Vous vous demandez surement pourquoi suis-je encore positif face \u00e0 cette politique municipale qui est probablement la plus corrompu des trois paliers? Tout simplement parce que le municipal semble \u00eatre le seul qui fait semblant au moins de nous \u00e9couter un peu. Les forums citoyen sont encore pr\u00e9sents dans le petit gouvernement de ville et malheureusement, ceux qui y vont, sont souvent mes chialeux nationaux pr\u00e9f\u00e9r\u00e9 et rarement ceux qui ont vraiment quelque chose \u00e0 dire. Si vous lisez PM, c&rsquo;est surement que vous vous int\u00e9ressez un peu \u00e0 ce qui se passe dans la m\u00e9tropole du Qu\u00e9bec. Si vous lisez PM il y a une petite chance que vous n&rsquo;\u00eates pas de ceux qui sont dans les \u00ab\u00a0pas dans ma cours\u00a0\u00bb de notre belle ville. C&rsquo;est pour cette raison que je partage avec vous deux dates o\u00f9 vous pourrez \u00eatre \u00e9cout\u00e9, peut importe sur quel c\u00f4t\u00e9 vous \u00eates, j&rsquo;esp\u00e8re simplement que vous \u00eates du miens, c&rsquo;est-\u00e0-dire, ceux qui attendenr d&rsquo;\u00eatre inform\u00e9 avant de chialer et de monter aux barricades.<\/p>\n<p>Premi\u00e8rement, notre ville est en pleine \u00e9bullition, il y a un \u00ab\u00a0vibe\u00a0\u00bb dans la ville qui fait que voir des grues partout me donne un petit plaisir coupable. De nouvelles tours, de nouvelles infrastructures et de nouvelles constructions en g\u00e9n\u00e9ral font que Montr\u00e9al d\u00e9montre que notre centre-ville est plus qu&rsquo;un hub de bureaux. C&rsquo;est une place o\u00f9 plusieurs r\u00e9sidents&#8230; r\u00e9sident. C&rsquo;est pour \u00e7a que la ville croit bon de revoir et de mettre \u00e0 la saveur 2013 ses codes d&rsquo;urbanisme. <\/p>\n<div align=\"center\">\n<img loading=\"lazy\" decoding=\"async\" src=\"https:\/\/proposmontreal.com\/wp-content\/uploads\/2013\/02\/urbanisme.jpg\" alt=\"urbanisme\" width=\"550\" height=\"261\" class=\"aligncenter size-full wp-image-1439\" srcset=\"https:\/\/proposmontreal.com\/wp-content\/uploads\/2013\/02\/urbanisme.jpg 550w, https:\/\/proposmontreal.com\/wp-content\/uploads\/2013\/02\/urbanisme-150x71.jpg 150w, https:\/\/proposmontreal.com\/wp-content\/uploads\/2013\/02\/urbanisme-300x142.jpg 300w, https:\/\/proposmontreal.com\/wp-content\/uploads\/2013\/02\/urbanisme-148x70.jpg 148w, https:\/\/proposmontreal.com\/wp-content\/uploads\/2013\/02\/urbanisme-31x14.jpg 31w, https:\/\/proposmontreal.com\/wp-content\/uploads\/2013\/02\/urbanisme-38x18.jpg 38w, https:\/\/proposmontreal.com\/wp-content\/uploads\/2013\/02\/urbanisme-425x201.jpg 425w\" sizes=\"auto, (max-width: 550px) 100vw, 550px\" \/>\n<\/div>\n<p>C&rsquo;est pour cette raison que vous \u00eates attendu le 28 f\u00e9vrier 2013 \u00e0 la salle du conseil de l&rsquo;arrondissement de Ville-Marie pour une consultation citoyenne sur le r\u00e8glement d&rsquo;urbanisme de la ville. <a href=\"http:\/\/ville.montreal.qc.ca\/portal\/page?_pageid=2761,3096665&#038;_dad=portal&#038;_schema=PORTAL\" target=\"_blank\">Le R\u00e8glement d&rsquo;urbanisme<\/a> est un outil utilis\u00e9 pour contr\u00f4ler plus finement l&rsquo;usage des terrains et des b\u00e2timents (habitation, commerce, \u00e9quipements), ainsi que l&rsquo;implantation, la forme et l&rsquo;apparence des constructions. Il respecte les grands principes d\u00e9finis dans le Plan d&rsquo;urbanisme. M\u00eame si la ville est sur le point de f\u00eater ces 375 ans. Montr\u00e9al s&rsquo;est dot\u00e9 d&rsquo;un plan d&rsquo;urbanisme pour la premi\u00e8re fois de son histoire qu&rsquo;en 1992. Ce dernier fut ensuite r\u00e9vis\u00e9 en 2002. Cette r\u00e9vision de 2013 sert \u00e0 revoir les hauteurs de certain \u00eelot encore vacant et certaines modifications et am\u00e9liorations \u00e0 apporter aux parcs et endroits publics.  <\/p>\n<p>La population est invit\u00e9e \u00e0 s&rsquo;exprimer sur le projet de r\u00e8glement \u00e0 l&rsquo;occasion d&rsquo;une consultation publique qui aura lieu le jeudi 28 f\u00e9vrier prochain \u00e0 18 h dans la salle du conseil de l&rsquo;arrondissement de Ville-Marie. Pri\u00e8re de vous abstenir si&#8230;. vous allez mentionner que la ville doit \u00eatre \u00e0 \u00e9chelle humaine. Montr\u00e9al est d\u00e9j\u00e0 \u00e0 \u00e9chelle humaine, nous avons besoin d&rsquo;un peu de densit\u00e9 dans Ville-Marie, centre n\u00e9vralgique et \u00e9conomique du Qu\u00e9bec en entier.<\/p>\n<p>Encore dans Ville-Marie, il y a un genre de \u00ab\u00a0no man&rsquo;s land\u00a0\u00bb sous le viaduc Notre-Dame dans l&rsquo;ombre du Ch\u00e2teau Viger jsute \u00e0 l&rsquo;est du Vieux Port qui ne demande qu&rsquo;\u00e0 se d\u00e9velopper. Pas de tours \u00e0 cet endroit, ce coin doit \u00eatre humain, touristique et vivant. <\/p>\n<p>M. Fran\u00e7ois Robillard, conseiller du district de St-Jacque invite Les r\u00e9sidents de l&rsquo;arrondissement Ville-Marie sont invit\u00e9s \u00e0 une soir\u00e9e de remue-m\u00e9ninges sur l&rsquo;animation et les am\u00e9nagements souhait\u00e9s sous le viaduc Notre-Dame, entre les rues St-Hubert et Amherst. Il s&rsquo;agira d&rsquo;imaginer ce qui pourrait \u00eatre fait en termes de loisirs, de culture et de services de proximit\u00e9. Lors de cette soir\u00e9e, nous serons pr\u00e9sent\u00e9 avec les avantages et les contraintes du site. Cette rencontre a pour but d&rsquo;\u00e9laborer des propositions permettant, sous forme de projets pilotes, d&rsquo;occuper et d&rsquo;animer cet espace un peu perdu.<\/p>\n<div align=\"center\">\n<img loading=\"lazy\" decoding=\"async\" src=\"https:\/\/proposmontreal.com\/wp-content\/uploads\/2013\/02\/notre-dame.jpg\" alt=\"Viaduc Notre-Dame\" width=\"550\" height=\"278\" class=\"aligncenter size-full wp-image-1438\" srcset=\"https:\/\/proposmontreal.com\/wp-content\/uploads\/2013\/02\/notre-dame.jpg 550w, https:\/\/proposmontreal.com\/wp-content\/uploads\/2013\/02\/notre-dame-150x75.jpg 150w, https:\/\/proposmontreal.com\/wp-content\/uploads\/2013\/02\/notre-dame-300x151.jpg 300w, https:\/\/proposmontreal.com\/wp-content\/uploads\/2013\/02\/notre-dame-148x74.jpg 148w, https:\/\/proposmontreal.com\/wp-content\/uploads\/2013\/02\/notre-dame-31x15.jpg 31w, https:\/\/proposmontreal.com\/wp-content\/uploads\/2013\/02\/notre-dame-38x19.jpg 38w, https:\/\/proposmontreal.com\/wp-content\/uploads\/2013\/02\/notre-dame-425x215.jpg 425w\" sizes=\"auto, (max-width: 550px) 100vw, 550px\" \/>\n<\/div>\n<p>Voici de beaux exemples de gens qui nous \u00e9coutent, \u00e0 savoir s&rsquo;ils feront de quoi avec ce qu&rsquo;ils entenderont de votre part est une tout autre histoire, mais ce genre d&rsquo;\u00e9coute citoyenne est ce qui me redonne confiance et qui peut-\u00eatre, me fera revisiter mon cynisme politique.<\/p>\n<p>Ces deux rencontres auront lieu dans les bureaux de l&rsquo;arrondissement situ\u00e9 au 800 Boulevard de Maisonneuve Est station de M\u00e9tro Berri-de-Montigny (je sais que c&rsquo;est Berri-UQAM). Comme disait Serge Fiori en 1974, Il faudrait peut-\u00eatre les \u00e9couter et on dirait bien que certains, sont pr\u00eat \u00e0 le faire.<\/p>\n","protected":false},"excerpt":{"rendered":"<p><span class=\"span-reading-time rt-reading-time\" style=\"display: block;\"><span class=\"rt-label rt-prefix\">Temps de lecture approximatif de<\/span> <span class=\"rt-time\"> 3<\/span> <span class=\"rt-label rt-postfix\">minutes<\/span><\/span>L&rsquo;arrondissement de Ville-Marie veut avoir votre opinions sur deux sujets importants qui font de Montr\u00e9al le centre \u00e9conomique du Qu\u00e9bec. Allez vous exprimer, c&rsquo;est gratuit et \u00e7a fait du bien!<\/p>\n<div class=\"more-link-wrapper\"><a class=\"more-link\" href=\"https:\/\/proposmontreal.com\/index.php\/on-devrait-peut-etre-lecouter\/\">Pour lire l&#039;article&#8230;<span class=\"screen-reader-text\">&#8230;On devrait peut-\u00eatre l&rsquo;\u00e9couter<\/span><\/a><\/div>\n","protected":false},"author":2,"featured_media":0,"comment_status":"open","ping_status":"open","sticky":false,"template":"","format":"standard","meta":{"jetpack_post_was_ever_published":false,"_jetpack_newsletter_access":"","_jetpack_dont_email_post_to_subs":false,"_jetpack_newsletter_tier_id":0,"_jetpack_memberships_contains_paywalled_content":false,"_jetpack_memberships_contains_paid_content":false,"footnotes":""},"categories":[1,6],"tags":[919,912,1424,421],"class_list":["post-1437","post","type-post","status-publish","format-standard","hentry","category-actualite","category-urbanisme","tag-montreal-consultation","tag-public","tag-urbanisme","tag-ville-marie","excerpt","zoom","full-without-featured","even","excerpt-0"],"yoast_head":"<!-- This site is optimized with the Yoast SEO plugin v26.5 - https:\/\/yoast.com\/wordpress\/plugins\/seo\/ -->\n<title>On devrait peut-\u00eatre l&#039;\u00e9couter<\/title>\n<meta name=\"description\" content=\"L&#039;arrondissement de Ville-Marie veut avoir votre opinions sur deux sujets importants qui font de mOntr\u00e9al le centre \u00e9conomique du Qu\u00e9bec. Allez vous exprimer, c&#039;est gratuit et \u00e7a fait du bien!\" \/>\n<meta name=\"robots\" content=\"index, follow, max-snippet:-1, max-image-preview:large, max-video-preview:-1\" \/>\n<link rel=\"canonical\" href=\"https:\/\/proposmontreal.com\/index.php\/on-devrait-peut-etre-lecouter\/\" \/>\n<meta property=\"og:locale\" content=\"fr_FR\" \/>\n<meta property=\"og:type\" content=\"article\" \/>\n<meta property=\"og:title\" content=\"On devrait peut-\u00eatre l&#039;\u00e9couter\" \/>\n<meta property=\"og:url\" content=\"https:\/\/proposmontreal.com\/index.php\/on-devrait-peut-etre-lecouter\/\" \/>\n<meta property=\"og:site_name\" content=\"ProposMontr\u00e9al\" \/>\n<meta property=\"article:publisher\" content=\"https:\/\/www.facebook.com\/proposmontreal\" \/>\n<meta property=\"article:author\" content=\"https:\/\/www.facebook.com\/proposmontreal\" \/>\n<meta property=\"article:published_time\" content=\"2013-02-15T14:35:31+00:00\" \/>\n<meta property=\"og:image\" content=\"http:\/\/proposmontreal.com\/wp-content\/uploads\/2013\/02\/urbanisme.jpg\" \/>\n<meta name=\"author\" content=\"Martin B\u00e9rub\u00e9\" \/>\n<meta name=\"twitter:card\" content=\"summary_large_image\" \/>\n<meta name=\"twitter:creator\" content=\"@proposmontreal\" \/>\n<meta name=\"twitter:site\" content=\"@ProposMontreal\" \/>\n<meta name=\"twitter:label1\" content=\"\u00c9crit par\" \/>\n\t<meta name=\"twitter:data1\" content=\"Martin B\u00e9rub\u00e9\" \/>\n\t<meta name=\"twitter:label2\" content=\"Dur\u00e9e de lecture estim\u00e9e\" \/>\n\t<meta name=\"twitter:data2\" content=\"4 minutes\" \/>\n<script type=\"application\/ld+json\" class=\"yoast-schema-graph\">{\"@context\":\"https:\/\/schema.org\",\"@graph\":[{\"@type\":\"WebPage\",\"@id\":\"https:\/\/proposmontreal.com\/index.php\/on-devrait-peut-etre-lecouter\/\",\"url\":\"https:\/\/proposmontreal.com\/index.php\/on-devrait-peut-etre-lecouter\/\",\"name\":\"On devrait peut-\u00eatre l'\u00e9couter\",\"isPartOf\":{\"@id\":\"https:\/\/proposmontreal.com\/#website\"},\"primaryImageOfPage\":{\"@id\":\"https:\/\/proposmontreal.com\/index.php\/on-devrait-peut-etre-lecouter\/#primaryimage\"},\"image\":{\"@id\":\"https:\/\/proposmontreal.com\/index.php\/on-devrait-peut-etre-lecouter\/#primaryimage\"},\"thumbnailUrl\":\"http:\/\/proposmontreal.com\/wp-content\/uploads\/2013\/02\/urbanisme.jpg\",\"datePublished\":\"2013-02-15T14:35:31+00:00\",\"author\":{\"@id\":\"https:\/\/proposmontreal.com\/#\/schema\/person\/7d7acef09662dd8c0283a456e39b3254\"},\"description\":\"L'arrondissement de Ville-Marie veut avoir votre opinions sur deux sujets importants qui font de mOntr\u00e9al le centre \u00e9conomique du Qu\u00e9bec. Allez vous exprimer, c'est gratuit et \u00e7a fait du bien!\",\"breadcrumb\":{\"@id\":\"https:\/\/proposmontreal.com\/index.php\/on-devrait-peut-etre-lecouter\/#breadcrumb\"},\"inLanguage\":\"fr-FR\",\"potentialAction\":[{\"@type\":\"ReadAction\",\"target\":[\"https:\/\/proposmontreal.com\/index.php\/on-devrait-peut-etre-lecouter\/\"]}]},{\"@type\":\"ImageObject\",\"inLanguage\":\"fr-FR\",\"@id\":\"https:\/\/proposmontreal.com\/index.php\/on-devrait-peut-etre-lecouter\/#primaryimage\",\"url\":\"http:\/\/proposmontreal.com\/wp-content\/uploads\/2013\/02\/urbanisme.jpg\",\"contentUrl\":\"http:\/\/proposmontreal.com\/wp-content\/uploads\/2013\/02\/urbanisme.jpg\"},{\"@type\":\"BreadcrumbList\",\"@id\":\"https:\/\/proposmontreal.com\/index.php\/on-devrait-peut-etre-lecouter\/#breadcrumb\",\"itemListElement\":[{\"@type\":\"ListItem\",\"position\":1,\"name\":\"Accueil\",\"item\":\"https:\/\/proposmontreal.com\/\"},{\"@type\":\"ListItem\",\"position\":2,\"name\":\"&#8230;On devrait peut-\u00eatre l&rsquo;\u00e9couter\"}]},{\"@type\":\"WebSite\",\"@id\":\"https:\/\/proposmontreal.com\/#website\",\"url\":\"https:\/\/proposmontreal.com\/\",\"name\":\"ProposMontr\u00e9al\",\"description\":\"Histoire, Urbanisme, Architecture et Opinions.\",\"potentialAction\":[{\"@type\":\"SearchAction\",\"target\":{\"@type\":\"EntryPoint\",\"urlTemplate\":\"https:\/\/proposmontreal.com\/?s={search_term_string}\"},\"query-input\":{\"@type\":\"PropertyValueSpecification\",\"valueRequired\":true,\"valueName\":\"search_term_string\"}}],\"inLanguage\":\"fr-FR\"},{\"@type\":\"Person\",\"@id\":\"https:\/\/proposmontreal.com\/#\/schema\/person\/7d7acef09662dd8c0283a456e39b3254\",\"name\":\"Martin B\u00e9rub\u00e9\",\"image\":{\"@type\":\"ImageObject\",\"inLanguage\":\"fr-FR\",\"@id\":\"https:\/\/proposmontreal.com\/#\/schema\/person\/image\/\",\"url\":\"https:\/\/secure.gravatar.com\/avatar\/c584d9147b7b50bb9ff2edf1db3d93d38f22473bdde645a7942ee41f752cce3f?s=96&d=blank&r=g\",\"contentUrl\":\"https:\/\/secure.gravatar.com\/avatar\/c584d9147b7b50bb9ff2edf1db3d93d38f22473bdde645a7942ee41f752cce3f?s=96&d=blank&r=g\",\"caption\":\"Martin B\u00e9rub\u00e9\"},\"description\":\"Amoureux de Montr\u00e9al, fascin\u00e9 par l'histoire de la ville, son urbanisme et sa toponymie, ni historien ni sp\u00e9cialiste du sujet, Martin n'\u00e9tait m\u00eame pas n\u00e9 \u00e0 l'\u00e9poque de 99% des sujets discut\u00e9s de ce site. Il aime trouver des r\u00e9ponses aux questions qui sont pos\u00e9es. Les billets que vous lisez ne sont que les r\u00e9sultats de la qu\u00eate vers des r\u00e9ponses et le besoin de partager.\",\"sameAs\":[\"http:\/\/proposmontreal.com\",\"https:\/\/www.facebook.com\/proposmontreal\",\"https:\/\/x.com\/proposmontreal\"]}]}<\/script>\n<!-- \/ Yoast SEO plugin. -->","yoast_head_json":{"title":"On devrait peut-\u00eatre l'\u00e9couter","description":"L'arrondissement de Ville-Marie veut avoir votre opinions sur deux sujets importants qui font de mOntr\u00e9al le centre \u00e9conomique du Qu\u00e9bec. Allez vous exprimer, c'est gratuit et \u00e7a fait du bien!","robots":{"index":"index","follow":"follow","max-snippet":"max-snippet:-1","max-image-preview":"max-image-preview:large","max-video-preview":"max-video-preview:-1"},"canonical":"https:\/\/proposmontreal.com\/index.php\/on-devrait-peut-etre-lecouter\/","og_locale":"fr_FR","og_type":"article","og_title":"On devrait peut-\u00eatre l'\u00e9couter","og_url":"https:\/\/proposmontreal.com\/index.php\/on-devrait-peut-etre-lecouter\/","og_site_name":"ProposMontr\u00e9al","article_publisher":"https:\/\/www.facebook.com\/proposmontreal","article_author":"https:\/\/www.facebook.com\/proposmontreal","article_published_time":"2013-02-15T14:35:31+00:00","og_image":[{"url":"http:\/\/proposmontreal.com\/wp-content\/uploads\/2013\/02\/urbanisme.jpg","type":"","width":"","height":""}],"author":"Martin B\u00e9rub\u00e9","twitter_card":"summary_large_image","twitter_creator":"@proposmontreal","twitter_site":"@ProposMontreal","twitter_misc":{"\u00c9crit par":"Martin B\u00e9rub\u00e9","Dur\u00e9e de lecture estim\u00e9e":"4 minutes"},"schema":{"@context":"https:\/\/schema.org","@graph":[{"@type":"WebPage","@id":"https:\/\/proposmontreal.com\/index.php\/on-devrait-peut-etre-lecouter\/","url":"https:\/\/proposmontreal.com\/index.php\/on-devrait-peut-etre-lecouter\/","name":"On devrait peut-\u00eatre l'\u00e9couter","isPartOf":{"@id":"https:\/\/proposmontreal.com\/#website"},"primaryImageOfPage":{"@id":"https:\/\/proposmontreal.com\/index.php\/on-devrait-peut-etre-lecouter\/#primaryimage"},"image":{"@id":"https:\/\/proposmontreal.com\/index.php\/on-devrait-peut-etre-lecouter\/#primaryimage"},"thumbnailUrl":"http:\/\/proposmontreal.com\/wp-content\/uploads\/2013\/02\/urbanisme.jpg","datePublished":"2013-02-15T14:35:31+00:00","author":{"@id":"https:\/\/proposmontreal.com\/#\/schema\/person\/7d7acef09662dd8c0283a456e39b3254"},"description":"L'arrondissement de Ville-Marie veut avoir votre opinions sur deux sujets importants qui font de mOntr\u00e9al le centre \u00e9conomique du Qu\u00e9bec. Allez vous exprimer, c'est gratuit et \u00e7a fait du bien!","breadcrumb":{"@id":"https:\/\/proposmontreal.com\/index.php\/on-devrait-peut-etre-lecouter\/#breadcrumb"},"inLanguage":"fr-FR","potentialAction":[{"@type":"ReadAction","target":["https:\/\/proposmontreal.com\/index.php\/on-devrait-peut-etre-lecouter\/"]}]},{"@type":"ImageObject","inLanguage":"fr-FR","@id":"https:\/\/proposmontreal.com\/index.php\/on-devrait-peut-etre-lecouter\/#primaryimage","url":"http:\/\/proposmontreal.com\/wp-content\/uploads\/2013\/02\/urbanisme.jpg","contentUrl":"http:\/\/proposmontreal.com\/wp-content\/uploads\/2013\/02\/urbanisme.jpg"},{"@type":"BreadcrumbList","@id":"https:\/\/proposmontreal.com\/index.php\/on-devrait-peut-etre-lecouter\/#breadcrumb","itemListElement":[{"@type":"ListItem","position":1,"name":"Accueil","item":"https:\/\/proposmontreal.com\/"},{"@type":"ListItem","position":2,"name":"&#8230;On devrait peut-\u00eatre l&rsquo;\u00e9couter"}]},{"@type":"WebSite","@id":"https:\/\/proposmontreal.com\/#website","url":"https:\/\/proposmontreal.com\/","name":"ProposMontr\u00e9al","description":"Histoire, Urbanisme, Architecture et Opinions.","potentialAction":[{"@type":"SearchAction","target":{"@type":"EntryPoint","urlTemplate":"https:\/\/proposmontreal.com\/?s={search_term_string}"},"query-input":{"@type":"PropertyValueSpecification","valueRequired":true,"valueName":"search_term_string"}}],"inLanguage":"fr-FR"},{"@type":"Person","@id":"https:\/\/proposmontreal.com\/#\/schema\/person\/7d7acef09662dd8c0283a456e39b3254","name":"Martin B\u00e9rub\u00e9","image":{"@type":"ImageObject","inLanguage":"fr-FR","@id":"https:\/\/proposmontreal.com\/#\/schema\/person\/image\/","url":"https:\/\/secure.gravatar.com\/avatar\/c584d9147b7b50bb9ff2edf1db3d93d38f22473bdde645a7942ee41f752cce3f?s=96&d=blank&r=g","contentUrl":"https:\/\/secure.gravatar.com\/avatar\/c584d9147b7b50bb9ff2edf1db3d93d38f22473bdde645a7942ee41f752cce3f?s=96&d=blank&r=g","caption":"Martin B\u00e9rub\u00e9"},"description":"Amoureux de Montr\u00e9al, fascin\u00e9 par l'histoire de la ville, son urbanisme et sa toponymie, ni historien ni sp\u00e9cialiste du sujet, Martin n'\u00e9tait m\u00eame pas n\u00e9 \u00e0 l'\u00e9poque de 99% des sujets discut\u00e9s de ce site. Il aime trouver des r\u00e9ponses aux questions qui sont pos\u00e9es. Les billets que vous lisez ne sont que les r\u00e9sultats de la qu\u00eate vers des r\u00e9ponses et le besoin de partager.","sameAs":["http:\/\/proposmontreal.com","https:\/\/www.facebook.com\/proposmontreal","https:\/\/x.com\/proposmontreal"]}]}},"jetpack_featured_media_url":"","jetpack_sharing_enabled":true,"_links":{"self":[{"href":"https:\/\/proposmontreal.com\/index.php\/wp-json\/wp\/v2\/posts\/1437","targetHints":{"allow":["GET"]}}],"collection":[{"href":"https:\/\/proposmontreal.com\/index.php\/wp-json\/wp\/v2\/posts"}],"about":[{"href":"https:\/\/proposmontreal.com\/index.php\/wp-json\/wp\/v2\/types\/post"}],"author":[{"embeddable":true,"href":"https:\/\/proposmontreal.com\/index.php\/wp-json\/wp\/v2\/users\/2"}],"replies":[{"embeddable":true,"href":"https:\/\/proposmontreal.com\/index.php\/wp-json\/wp\/v2\/comments?post=1437"}],"version-history":[{"count":3,"href":"https:\/\/proposmontreal.com\/index.php\/wp-json\/wp\/v2\/posts\/1437\/revisions"}],"predecessor-version":[{"id":1442,"href":"https:\/\/proposmontreal.com\/index.php\/wp-json\/wp\/v2\/posts\/1437\/revisions\/1442"}],"wp:attachment":[{"href":"https:\/\/proposmontreal.com\/index.php\/wp-json\/wp\/v2\/media?parent=1437"}],"wp:term":[{"taxonomy":"category","embeddable":true,"href":"https:\/\/proposmontreal.com\/index.php\/wp-json\/wp\/v2\/categories?post=1437"},{"taxonomy":"post_tag","embeddable":true,"href":"https:\/\/proposmontreal.com\/index.php\/wp-json\/wp\/v2\/tags?post=1437"}],"curies":[{"name":"wp","href":"https:\/\/api.w.org\/{rel}","templated":true}]}}