{"id":1406,"date":"2013-01-29T13:35:49","date_gmt":"2013-01-29T18:35:49","guid":{"rendered":"http:\/\/proposmontreal.com\/?p=1406"},"modified":"2013-01-30T13:22:24","modified_gmt":"2013-01-30T18:22:24","slug":"lhomme-de-calder","status":"publish","type":"post","link":"https:\/\/proposmontreal.com\/index.php\/lhomme-de-calder\/","title":{"rendered":"L&rsquo;Homme de Calder"},"content":{"rendered":"<span class=\"span-reading-time rt-reading-time\" style=\"display: block;\"><span class=\"rt-label rt-prefix\">Temps de lecture approximatif de<\/span> <span class=\"rt-time\"> 3<\/span> <span class=\"rt-label rt-postfix\">minutes<\/span><\/span><div align=\"center\">\n<figure id=\"attachment_1418\" aria-describedby=\"caption-attachment-1418\" style=\"width: 550px\" class=\"wp-caption aligncenter\"><img loading=\"lazy\" decoding=\"async\" src=\"https:\/\/proposmontreal.com\/wp-content\/uploads\/2013\/01\/expo67.jpg\" alt=\"Photo: David Eppen\" width=\"550\" height=\"438\" class=\"size-full wp-image-1418\" srcset=\"https:\/\/proposmontreal.com\/wp-content\/uploads\/2013\/01\/expo67.jpg 550w, https:\/\/proposmontreal.com\/wp-content\/uploads\/2013\/01\/expo67-150x119.jpg 150w, https:\/\/proposmontreal.com\/wp-content\/uploads\/2013\/01\/expo67-300x238.jpg 300w, https:\/\/proposmontreal.com\/wp-content\/uploads\/2013\/01\/expo67-148x117.jpg 148w, https:\/\/proposmontreal.com\/wp-content\/uploads\/2013\/01\/expo67-31x24.jpg 31w, https:\/\/proposmontreal.com\/wp-content\/uploads\/2013\/01\/expo67-38x30.jpg 38w, https:\/\/proposmontreal.com\/wp-content\/uploads\/2013\/01\/expo67-269x215.jpg 269w\" sizes=\"auto, (max-width: 550px) 100vw, 550px\" \/><figcaption id=\"caption-attachment-1418\" class=\"wp-caption-text\">Photo: David Eppen<\/figcaption><\/figure>\n<\/div>\n<p>Le d\u00e9bat fait rage depuis longtemps, mais il est apparu dans les m\u00e9dias que depuis un an environ. La question est la suivante, devons-nous d\u00e9m\u00e9nager Man, Three Disks (L&rsquo;homme), l&rsquo;oeuvre d&rsquo;Alexander Calder?<\/p>\n<p>La ville a besoin d&rsquo;avoir une oeuvre d&rsquo;art centrale ou les locaux et les touristes peuvent se rejoindre, un point central, un peu comme le \u00ab\u00a0Cloud Gate\u00a0\u00bb de Chicago, ce genre de f\u00e8ve g\u00e9ante polie qui se retrouve dans le Millennium Park. Cette oeuvre de l&rsquo;artiste britannique Kapoor est probablement une des sculptures modernes les plus photographi\u00e9s aux \u00c9tats-Unis. Ce n&rsquo;est pas les oeuvres publiques qui manquent \u00e0 Montr\u00e9al et pourtant, ces endroits publics n&rsquo;attire pas les foules \u00e0 l&rsquo;ext\u00e9rieur des travailleurs de bureaux sur leur heure de d\u00eener un chaud midi de juillet.<\/p>\n<p>L&rsquo;exemple la plus flagrante de sculpture publique qui se veut \u00e9galement un point de rencontre est surement \u00ab\u00a0La Joute\u00a0\u00bb de la place Jean-Paul Riopelle dans le Quartier International mais l&rsquo;endroit est souvent d\u00e9sert \u00e0 l&rsquo;exception de quelques touristes prenant des photos de cette superbe fabrication de Riopelle. Nous pouvons \u00e9galement le Monument Sir George-\u00c9tienne Cartier dans le Parc du Mont-Royal o\u00f9 vous pouvez assister aux fameux tam-tams les dimanches d&rsquo;\u00e9t\u00e9.<\/p>\n<p>La raison premi\u00e8re de la demande de d\u00e9m\u00e9nagement, rendre \u00ab\u00a0L&rsquo;Homme\u00a0\u00bb plus accessible. Mais est-ce vraiment n\u00e9cessaire? Par exemple, la croix du Mont-Royal, l&rsquo;icone qui tr\u00f4ne sur notre Mont-Royal est s\u00fbrement une des \u00ab\u00a0oeuvres\u00a0\u00bb les plus en vue et les plus connues de Montr\u00e9al, peu de gens se rendent \u00e0 son socle. Je mets le mot \u00ab\u00a0oeuvre\u00a0\u00bb entre guillemets, car je ne crois pas que la Croix soit consid\u00e9r\u00e9e comme une oeuvre d&rsquo;art public. Les gens ne s&rsquo;y rendent pas simplement parce qu&rsquo;il n&rsquo;est pas n\u00e9cessaire d&rsquo;\u00eatre au pied pour l&rsquo;admirer, la Croix, tout comme L&rsquo;Homme, a besoin d&rsquo;un certain recul pour l&rsquo;appr\u00e9cier.<\/p>\n<p>Man, Three Disks (L&rsquo;Homme) est un don de l&rsquo;International Nickel Company of Canada lors de l&rsquo;expo 67. La compagnie demande \u00e0 l&rsquo;artiste am\u00e9ricain <a href=\"http:\/\/www.calder.org\/\" target=\"_blank\">Alexander Calder<\/a> (1898-1976) de cr\u00e9er une oeuvre avec le th\u00e8me de terre des Hommes. Calder cr\u00e9e donc ce stabile de 21.3 m\u00e8tres de hauteur enti\u00e8rement de feuille d&rsquo;acier inoxydable varient de 8 \u00e0 12mm dans l&rsquo;atelier de Bi\u00e9mont \u00e0 Tours en France. La maquette originale est aussi visible au public, dans la collection de Museum Of Modern-Art of San Francisco. \u00ab\u00a0Man, Three Disks\u00a0\u00bb est inaugur\u00e9 en mai 1967, lors du 325e anniversaire de Montr\u00e9al, originalement install\u00e9 entre le Lac des Cygnes, le Pont de la Concorde et le Pavillon de la Scandinavie. Situ\u00e9 sur la pointe sud, il y restera jusqu&rsquo;en 1991.<\/p>\n<p>Avant son premier d\u00e9m\u00e9nagement, \u00ab\u00a0Man\u00a0\u00bb re\u00e7u quelques modifications. Les plus importantes interventions furent r\u00e9alis\u00e9es d\u00e8s que l\u2019oeuvre arriva par bateau de France. le m\u00e9tal attaqu\u00e9 par l\u2019air salin pr\u00e9sentait des taches brun\u00e2tres. On nettoya l\u2019oeuvre au jet de sable, ce qui donna \u00e0 l\u2019oeuvre le teint mat encore visible aujourd&rsquo;hui. En 1991 l&rsquo;oeuvre est d\u00e9m\u00e9nag\u00e9 d&rsquo;un seul morceau vers son endroit actuel faisant face \u00e0 Montr\u00e9al au lieu de faire face \u00e0 l&rsquo;\u00eele Notre-Dame. M\u00eame la capsule historique contenant les plans et les notes de l&rsquo;artiste install\u00e9e sous le socle de l&rsquo;oeuvre est d\u00e9m\u00e9nag\u00e9e pour \u00eatre ouverte qu&rsquo;en 2067. En 1992, l&rsquo;oeuvre est nettoy\u00e9 et est re-inaugur\u00e9 pour f\u00eater le 350e de Montr\u00e9al. Le gouvernement f\u00e9d\u00e9ral du moment aura d\u00e9bours\u00e9 22 millions pour le d\u00e9m\u00e9nagement du stabile et l&rsquo;am\u00e9nagement du Belv\u00e9d\u00e8re de l\u2019\u00eele Sainte-H\u00e9l\u00e8ne.<\/p>\n<div align=\"center\">\n<figure id=\"attachment_1414\" aria-describedby=\"caption-attachment-1414\" style=\"width: 550px\" class=\"wp-caption aligncenter\"><a href=\"http:\/\/www.flickr.com\/photos\/pandapictures\/5587575428\/in\/photostream\/\"><img loading=\"lazy\" decoding=\"async\" src=\"https:\/\/proposmontreal.com\/wp-content\/uploads\/2013\/01\/man.jpg\" alt=\"Photo: T.P Photographie\" width=\"550\" height=\"357\" class=\"size-full wp-image-1414\" srcset=\"https:\/\/proposmontreal.com\/wp-content\/uploads\/2013\/01\/man.jpg 550w, https:\/\/proposmontreal.com\/wp-content\/uploads\/2013\/01\/man-150x97.jpg 150w, https:\/\/proposmontreal.com\/wp-content\/uploads\/2013\/01\/man-300x194.jpg 300w, https:\/\/proposmontreal.com\/wp-content\/uploads\/2013\/01\/man-148x96.jpg 148w, https:\/\/proposmontreal.com\/wp-content\/uploads\/2013\/01\/man-31x20.jpg 31w, https:\/\/proposmontreal.com\/wp-content\/uploads\/2013\/01\/man-38x24.jpg 38w, https:\/\/proposmontreal.com\/wp-content\/uploads\/2013\/01\/man-331x215.jpg 331w\" sizes=\"auto, (max-width: 550px) 100vw, 550px\" \/><\/a><figcaption id=\"caption-attachment-1414\" class=\"wp-caption-text\">Photo: <a href=\"http:\/\/www.flickr.com\/photos\/pandapictures\/5587575428\/in\/photostream\/\" target=\"_blank\">T.P Photographie<\/a><\/figcaption><\/figure>\n<\/div>\n<p>D&rsquo;un poids de 40 tonnes et d&rsquo;une valeur approximative de 50$ millions, L&rsquo;homme de Calder se veut le joyau de la collection d&rsquo;art public de Montr\u00e9al et il est facile de comprendre que certaines personnes aimeraient la rendre plus accessible. Mais est-il n\u00e9cessaire de vouloir d\u00e9m\u00e9nager cette oeuvre \u00e0 tous les 25 ans? Le d\u00e9placement de \u00ab\u00a0La Joute\u00a0\u00bb de Riopelle du Parc Olympique \u00e0 son endroit actuel dans le Quartier International, dans un square portant le nom de l&rsquo;artiste a d\u00fb faire face \u00e0 beaucoup de r\u00e9sistance en 2002. \u00c0 ce moment, les h\u00e9ritiers de l&rsquo;artiste, la ville, le gouvernement du Qu\u00e9bec et le<a href=\"http:\/\/www.macm.org\/collection\/oeuvres-hors-les-murs\/\"> Mus\u00e9e d&rsquo;art Contemporain de Montr\u00e9al<\/a>, propri\u00e9taire de l&rsquo;oeuvre approuve sa relocalisation.<\/p>\n<div align=\"center\">\n<figure id=\"attachment_1417\" aria-describedby=\"caption-attachment-1417\" style=\"width: 551px\" class=\"wp-caption aligncenter\"><img loading=\"lazy\" decoding=\"async\" src=\"https:\/\/proposmontreal.com\/wp-content\/uploads\/2013\/01\/lajoute1.jpg\" alt=\"La joute de Riopelle, avant et apr\u00e8s\" width=\"551\" height=\"667\" class=\"size-full wp-image-1417\" srcset=\"https:\/\/proposmontreal.com\/wp-content\/uploads\/2013\/01\/lajoute1.jpg 551w, https:\/\/proposmontreal.com\/wp-content\/uploads\/2013\/01\/lajoute1-123x150.jpg 123w, https:\/\/proposmontreal.com\/wp-content\/uploads\/2013\/01\/lajoute1-247x300.jpg 247w, https:\/\/proposmontreal.com\/wp-content\/uploads\/2013\/01\/lajoute1-122x148.jpg 122w, https:\/\/proposmontreal.com\/wp-content\/uploads\/2013\/01\/lajoute1-25x31.jpg 25w, https:\/\/proposmontreal.com\/wp-content\/uploads\/2013\/01\/lajoute1-31x38.jpg 31w, https:\/\/proposmontreal.com\/wp-content\/uploads\/2013\/01\/lajoute1-177x215.jpg 177w\" sizes=\"auto, (max-width: 551px) 100vw, 551px\" \/><figcaption id=\"caption-attachment-1417\" class=\"wp-caption-text\">La joute de Riopelle, avant et apr\u00e8s<\/figcaption><\/figure>\n<\/div>\n<p>M\u00eame si je crois que \u00ab\u00a0Man\u00a0\u00bb est \u00e0 la bonne place, mon opinion n&rsquo;est pas tr\u00e8s importante et n&rsquo;est pas la raison de mon billet, beaucoup de textes discutent du d\u00e9bat en ce moment. Ce qui est important est de faire connaitre <a href=\"http:\/\/ville.montreal.qc.ca\/portal\/page?_pageid=678,1153891&#038;_dad=portal&#038;_schema=PORTAL\" target=\"_blank\">la collection de la ville de Montr\u00e9al<\/a> qui reste assez inconnue aux citoyens de la ville. J&rsquo;esp\u00e8re que les discussions de d\u00e9m\u00e9nagement mettrons \u00e0 l&rsquo;avant plan quel richesse culturelle nous avons \u00e0 port\u00e9 de main sans avoir \u00e0 se clo\u00eetrer dans un mus\u00e9e. Et si nous changeons cette sculpture d&rsquo;endroit, comment seront nous o\u00f9 aller danser lors des prochains Piknic \u00c9lectronique?<\/p>\n<div align=\"center\">\n<iframe loading=\"lazy\" width=\"550\" height=\"309\" src=\"http:\/\/www.youtube.com\/embed\/1LgoSkPbNZA\" frameborder=\"0\" allowfullscreen><\/iframe>\n<\/div>\n","protected":false},"excerpt":{"rendered":"<p><span class=\"span-reading-time rt-reading-time\" style=\"display: block;\"><span class=\"rt-label rt-prefix\">Temps de lecture approximatif de<\/span> <span class=\"rt-time\"> 3<\/span> <span class=\"rt-label rt-postfix\">minutes<\/span><\/span>Faut-il d\u00e9m\u00e9nager l&rsquo;oeuvre de Calder?<\/p>\n<div class=\"more-link-wrapper\"><a class=\"more-link\" href=\"https:\/\/proposmontreal.com\/index.php\/lhomme-de-calder\/\">Pour lire l&#039;article&#8230;<span class=\"screen-reader-text\">L&rsquo;Homme de Calder<\/span><\/a><\/div>\n","protected":false},"author":2,"featured_media":0,"comment_status":"open","ping_status":"open","sticky":false,"template":"","format":"standard","meta":{"jetpack_post_was_ever_published":false,"_jetpack_newsletter_access":"","_jetpack_dont_email_post_to_subs":false,"_jetpack_newsletter_tier_id":0,"_jetpack_memberships_contains_paywalled_content":false,"_jetpack_memberships_contains_paid_content":false,"footnotes":""},"categories":[1,3,393],"tags":[556,838,908,555,910,909,912,911,913],"class_list":["post-1406","post","type-post","status-publish","format-standard","hentry","category-actualite","category-culture","category-histoire-2","tag-556","tag-art","tag-calder","tag-expo","tag-homme","tag-man","tag-public","tag-sculpture","tag-ste-helene","excerpt","zoom","full-without-featured","even","excerpt-0"],"yoast_head":"<!-- This site is optimized with the Yoast SEO plugin v26.5 - https:\/\/yoast.com\/wordpress\/plugins\/seo\/ -->\n<title>L&#039;Homme de Calder<\/title>\n<meta name=\"description\" content=\"Faut-il d\u00e9m\u00e9nager l&#039;oeuvre de Calder?\" \/>\n<meta name=\"robots\" content=\"index, follow, max-snippet:-1, max-image-preview:large, max-video-preview:-1\" \/>\n<link rel=\"canonical\" href=\"https:\/\/proposmontreal.com\/index.php\/lhomme-de-calder\/\" \/>\n<meta property=\"og:locale\" content=\"fr_FR\" \/>\n<meta property=\"og:type\" content=\"article\" \/>\n<meta property=\"og:title\" content=\"L&#039;Homme de Calder\" \/>\n<meta property=\"og:url\" content=\"https:\/\/proposmontreal.com\/index.php\/lhomme-de-calder\/\" \/>\n<meta property=\"og:site_name\" content=\"ProposMontr\u00e9al\" \/>\n<meta property=\"article:publisher\" content=\"https:\/\/www.facebook.com\/proposmontreal\" \/>\n<meta property=\"article:author\" content=\"https:\/\/www.facebook.com\/proposmontreal\" \/>\n<meta property=\"article:published_time\" content=\"2013-01-29T18:35:49+00:00\" \/>\n<meta property=\"article:modified_time\" content=\"2013-01-30T18:22:24+00:00\" \/>\n<meta property=\"og:image\" content=\"http:\/\/proposmontreal.com\/wp-content\/uploads\/2013\/01\/expo67.jpg\" \/>\n<meta name=\"author\" content=\"Martin B\u00e9rub\u00e9\" \/>\n<meta name=\"twitter:card\" content=\"summary_large_image\" \/>\n<meta name=\"twitter:creator\" content=\"@proposmontreal\" \/>\n<meta name=\"twitter:site\" content=\"@ProposMontreal\" \/>\n<meta name=\"twitter:label1\" content=\"\u00c9crit par\" \/>\n\t<meta name=\"twitter:data1\" content=\"Martin B\u00e9rub\u00e9\" \/>\n\t<meta name=\"twitter:label2\" content=\"Dur\u00e9e de lecture estim\u00e9e\" \/>\n\t<meta name=\"twitter:data2\" content=\"4 minutes\" \/>\n<script type=\"application\/ld+json\" class=\"yoast-schema-graph\">{\"@context\":\"https:\/\/schema.org\",\"@graph\":[{\"@type\":\"WebPage\",\"@id\":\"https:\/\/proposmontreal.com\/index.php\/lhomme-de-calder\/\",\"url\":\"https:\/\/proposmontreal.com\/index.php\/lhomme-de-calder\/\",\"name\":\"L'Homme de Calder\",\"isPartOf\":{\"@id\":\"https:\/\/proposmontreal.com\/#website\"},\"primaryImageOfPage\":{\"@id\":\"https:\/\/proposmontreal.com\/index.php\/lhomme-de-calder\/#primaryimage\"},\"image\":{\"@id\":\"https:\/\/proposmontreal.com\/index.php\/lhomme-de-calder\/#primaryimage\"},\"thumbnailUrl\":\"http:\/\/proposmontreal.com\/wp-content\/uploads\/2013\/01\/expo67.jpg\",\"datePublished\":\"2013-01-29T18:35:49+00:00\",\"dateModified\":\"2013-01-30T18:22:24+00:00\",\"author\":{\"@id\":\"https:\/\/proposmontreal.com\/#\/schema\/person\/7d7acef09662dd8c0283a456e39b3254\"},\"description\":\"Faut-il d\u00e9m\u00e9nager l'oeuvre de Calder?\",\"breadcrumb\":{\"@id\":\"https:\/\/proposmontreal.com\/index.php\/lhomme-de-calder\/#breadcrumb\"},\"inLanguage\":\"fr-FR\",\"potentialAction\":[{\"@type\":\"ReadAction\",\"target\":[\"https:\/\/proposmontreal.com\/index.php\/lhomme-de-calder\/\"]}]},{\"@type\":\"ImageObject\",\"inLanguage\":\"fr-FR\",\"@id\":\"https:\/\/proposmontreal.com\/index.php\/lhomme-de-calder\/#primaryimage\",\"url\":\"http:\/\/proposmontreal.com\/wp-content\/uploads\/2013\/01\/expo67.jpg\",\"contentUrl\":\"http:\/\/proposmontreal.com\/wp-content\/uploads\/2013\/01\/expo67.jpg\"},{\"@type\":\"BreadcrumbList\",\"@id\":\"https:\/\/proposmontreal.com\/index.php\/lhomme-de-calder\/#breadcrumb\",\"itemListElement\":[{\"@type\":\"ListItem\",\"position\":1,\"name\":\"Accueil\",\"item\":\"https:\/\/proposmontreal.com\/\"},{\"@type\":\"ListItem\",\"position\":2,\"name\":\"L&rsquo;Homme de Calder\"}]},{\"@type\":\"WebSite\",\"@id\":\"https:\/\/proposmontreal.com\/#website\",\"url\":\"https:\/\/proposmontreal.com\/\",\"name\":\"ProposMontr\u00e9al\",\"description\":\"Histoire, Urbanisme, Architecture et Opinions.\",\"potentialAction\":[{\"@type\":\"SearchAction\",\"target\":{\"@type\":\"EntryPoint\",\"urlTemplate\":\"https:\/\/proposmontreal.com\/?s={search_term_string}\"},\"query-input\":{\"@type\":\"PropertyValueSpecification\",\"valueRequired\":true,\"valueName\":\"search_term_string\"}}],\"inLanguage\":\"fr-FR\"},{\"@type\":\"Person\",\"@id\":\"https:\/\/proposmontreal.com\/#\/schema\/person\/7d7acef09662dd8c0283a456e39b3254\",\"name\":\"Martin B\u00e9rub\u00e9\",\"image\":{\"@type\":\"ImageObject\",\"inLanguage\":\"fr-FR\",\"@id\":\"https:\/\/proposmontreal.com\/#\/schema\/person\/image\/\",\"url\":\"https:\/\/secure.gravatar.com\/avatar\/c584d9147b7b50bb9ff2edf1db3d93d38f22473bdde645a7942ee41f752cce3f?s=96&d=blank&r=g\",\"contentUrl\":\"https:\/\/secure.gravatar.com\/avatar\/c584d9147b7b50bb9ff2edf1db3d93d38f22473bdde645a7942ee41f752cce3f?s=96&d=blank&r=g\",\"caption\":\"Martin B\u00e9rub\u00e9\"},\"description\":\"Amoureux de Montr\u00e9al, fascin\u00e9 par l'histoire de la ville, son urbanisme et sa toponymie, ni historien ni sp\u00e9cialiste du sujet, Martin n'\u00e9tait m\u00eame pas n\u00e9 \u00e0 l'\u00e9poque de 99% des sujets discut\u00e9s de ce site. Il aime trouver des r\u00e9ponses aux questions qui sont pos\u00e9es. Les billets que vous lisez ne sont que les r\u00e9sultats de la qu\u00eate vers des r\u00e9ponses et le besoin de partager.\",\"sameAs\":[\"http:\/\/proposmontreal.com\",\"https:\/\/www.facebook.com\/proposmontreal\",\"https:\/\/x.com\/proposmontreal\"]}]}<\/script>\n<!-- \/ Yoast SEO plugin. -->","yoast_head_json":{"title":"L'Homme de Calder","description":"Faut-il d\u00e9m\u00e9nager l'oeuvre de Calder?","robots":{"index":"index","follow":"follow","max-snippet":"max-snippet:-1","max-image-preview":"max-image-preview:large","max-video-preview":"max-video-preview:-1"},"canonical":"https:\/\/proposmontreal.com\/index.php\/lhomme-de-calder\/","og_locale":"fr_FR","og_type":"article","og_title":"L'Homme de Calder","og_url":"https:\/\/proposmontreal.com\/index.php\/lhomme-de-calder\/","og_site_name":"ProposMontr\u00e9al","article_publisher":"https:\/\/www.facebook.com\/proposmontreal","article_author":"https:\/\/www.facebook.com\/proposmontreal","article_published_time":"2013-01-29T18:35:49+00:00","article_modified_time":"2013-01-30T18:22:24+00:00","og_image":[{"url":"http:\/\/proposmontreal.com\/wp-content\/uploads\/2013\/01\/expo67.jpg","type":"","width":"","height":""}],"author":"Martin B\u00e9rub\u00e9","twitter_card":"summary_large_image","twitter_creator":"@proposmontreal","twitter_site":"@ProposMontreal","twitter_misc":{"\u00c9crit par":"Martin B\u00e9rub\u00e9","Dur\u00e9e de lecture estim\u00e9e":"4 minutes"},"schema":{"@context":"https:\/\/schema.org","@graph":[{"@type":"WebPage","@id":"https:\/\/proposmontreal.com\/index.php\/lhomme-de-calder\/","url":"https:\/\/proposmontreal.com\/index.php\/lhomme-de-calder\/","name":"L'Homme de Calder","isPartOf":{"@id":"https:\/\/proposmontreal.com\/#website"},"primaryImageOfPage":{"@id":"https:\/\/proposmontreal.com\/index.php\/lhomme-de-calder\/#primaryimage"},"image":{"@id":"https:\/\/proposmontreal.com\/index.php\/lhomme-de-calder\/#primaryimage"},"thumbnailUrl":"http:\/\/proposmontreal.com\/wp-content\/uploads\/2013\/01\/expo67.jpg","datePublished":"2013-01-29T18:35:49+00:00","dateModified":"2013-01-30T18:22:24+00:00","author":{"@id":"https:\/\/proposmontreal.com\/#\/schema\/person\/7d7acef09662dd8c0283a456e39b3254"},"description":"Faut-il d\u00e9m\u00e9nager l'oeuvre de Calder?","breadcrumb":{"@id":"https:\/\/proposmontreal.com\/index.php\/lhomme-de-calder\/#breadcrumb"},"inLanguage":"fr-FR","potentialAction":[{"@type":"ReadAction","target":["https:\/\/proposmontreal.com\/index.php\/lhomme-de-calder\/"]}]},{"@type":"ImageObject","inLanguage":"fr-FR","@id":"https:\/\/proposmontreal.com\/index.php\/lhomme-de-calder\/#primaryimage","url":"http:\/\/proposmontreal.com\/wp-content\/uploads\/2013\/01\/expo67.jpg","contentUrl":"http:\/\/proposmontreal.com\/wp-content\/uploads\/2013\/01\/expo67.jpg"},{"@type":"BreadcrumbList","@id":"https:\/\/proposmontreal.com\/index.php\/lhomme-de-calder\/#breadcrumb","itemListElement":[{"@type":"ListItem","position":1,"name":"Accueil","item":"https:\/\/proposmontreal.com\/"},{"@type":"ListItem","position":2,"name":"L&rsquo;Homme de Calder"}]},{"@type":"WebSite","@id":"https:\/\/proposmontreal.com\/#website","url":"https:\/\/proposmontreal.com\/","name":"ProposMontr\u00e9al","description":"Histoire, Urbanisme, Architecture et Opinions.","potentialAction":[{"@type":"SearchAction","target":{"@type":"EntryPoint","urlTemplate":"https:\/\/proposmontreal.com\/?s={search_term_string}"},"query-input":{"@type":"PropertyValueSpecification","valueRequired":true,"valueName":"search_term_string"}}],"inLanguage":"fr-FR"},{"@type":"Person","@id":"https:\/\/proposmontreal.com\/#\/schema\/person\/7d7acef09662dd8c0283a456e39b3254","name":"Martin B\u00e9rub\u00e9","image":{"@type":"ImageObject","inLanguage":"fr-FR","@id":"https:\/\/proposmontreal.com\/#\/schema\/person\/image\/","url":"https:\/\/secure.gravatar.com\/avatar\/c584d9147b7b50bb9ff2edf1db3d93d38f22473bdde645a7942ee41f752cce3f?s=96&d=blank&r=g","contentUrl":"https:\/\/secure.gravatar.com\/avatar\/c584d9147b7b50bb9ff2edf1db3d93d38f22473bdde645a7942ee41f752cce3f?s=96&d=blank&r=g","caption":"Martin B\u00e9rub\u00e9"},"description":"Amoureux de Montr\u00e9al, fascin\u00e9 par l'histoire de la ville, son urbanisme et sa toponymie, ni historien ni sp\u00e9cialiste du sujet, Martin n'\u00e9tait m\u00eame pas n\u00e9 \u00e0 l'\u00e9poque de 99% des sujets discut\u00e9s de ce site. Il aime trouver des r\u00e9ponses aux questions qui sont pos\u00e9es. Les billets que vous lisez ne sont que les r\u00e9sultats de la qu\u00eate vers des r\u00e9ponses et le besoin de partager.","sameAs":["http:\/\/proposmontreal.com","https:\/\/www.facebook.com\/proposmontreal","https:\/\/x.com\/proposmontreal"]}]}},"jetpack_featured_media_url":"","jetpack_sharing_enabled":true,"_links":{"self":[{"href":"https:\/\/proposmontreal.com\/index.php\/wp-json\/wp\/v2\/posts\/1406","targetHints":{"allow":["GET"]}}],"collection":[{"href":"https:\/\/proposmontreal.com\/index.php\/wp-json\/wp\/v2\/posts"}],"about":[{"href":"https:\/\/proposmontreal.com\/index.php\/wp-json\/wp\/v2\/types\/post"}],"author":[{"embeddable":true,"href":"https:\/\/proposmontreal.com\/index.php\/wp-json\/wp\/v2\/users\/2"}],"replies":[{"embeddable":true,"href":"https:\/\/proposmontreal.com\/index.php\/wp-json\/wp\/v2\/comments?post=1406"}],"version-history":[{"count":14,"href":"https:\/\/proposmontreal.com\/index.php\/wp-json\/wp\/v2\/posts\/1406\/revisions"}],"predecessor-version":[{"id":1423,"href":"https:\/\/proposmontreal.com\/index.php\/wp-json\/wp\/v2\/posts\/1406\/revisions\/1423"}],"wp:attachment":[{"href":"https:\/\/proposmontreal.com\/index.php\/wp-json\/wp\/v2\/media?parent=1406"}],"wp:term":[{"taxonomy":"category","embeddable":true,"href":"https:\/\/proposmontreal.com\/index.php\/wp-json\/wp\/v2\/categories?post=1406"},{"taxonomy":"post_tag","embeddable":true,"href":"https:\/\/proposmontreal.com\/index.php\/wp-json\/wp\/v2\/tags?post=1406"}],"curies":[{"name":"wp","href":"https:\/\/api.w.org\/{rel}","templated":true}]}}