{"id":1369,"date":"2013-01-19T00:23:06","date_gmt":"2013-01-19T05:23:06","guid":{"rendered":"http:\/\/proposmontreal.com\/?p=1369"},"modified":"2015-11-28T10:04:59","modified_gmt":"2015-11-28T15:04:59","slug":"grevin-montreal-ou-lart-du-vrai-semblant","status":"publish","type":"post","link":"https:\/\/proposmontreal.com\/index.php\/grevin-montreal-ou-lart-du-vrai-semblant\/","title":{"rendered":"Gr\u00e9vin-Montr\u00e9al ou l&rsquo;art du Vrai-semblant"},"content":{"rendered":"<span class=\"span-reading-time rt-reading-time\" style=\"display: block;\"><span class=\"rt-label rt-prefix\">Temps de lecture approximatif de<\/span> <span class=\"rt-time\"> 5<\/span> <span class=\"rt-label rt-postfix\">minutes<\/span><\/span><div align=\"center\">\n<img loading=\"lazy\" decoding=\"async\" src=\"https:\/\/proposmontreal.com\/wp-content\/uploads\/2013\/01\/grevin_01.jpg\" alt=\"Gr\u00e9vin-Montr\u00e9al\" width=\"550\" height=\"243\" class=\"aligncenter size-full wp-image-1376\" srcset=\"https:\/\/proposmontreal.com\/wp-content\/uploads\/2013\/01\/grevin_01.jpg 550w, https:\/\/proposmontreal.com\/wp-content\/uploads\/2013\/01\/grevin_01-150x66.jpg 150w, https:\/\/proposmontreal.com\/wp-content\/uploads\/2013\/01\/grevin_01-300x132.jpg 300w, https:\/\/proposmontreal.com\/wp-content\/uploads\/2013\/01\/grevin_01-148x65.jpg 148w, https:\/\/proposmontreal.com\/wp-content\/uploads\/2013\/01\/grevin_01-31x13.jpg 31w, https:\/\/proposmontreal.com\/wp-content\/uploads\/2013\/01\/grevin_01-38x16.jpg 38w, https:\/\/proposmontreal.com\/wp-content\/uploads\/2013\/01\/grevin_01-425x187.jpg 425w\" sizes=\"auto, (max-width: 550px) 100vw, 550px\" \/>\n<\/div>\n<p>L\u2019histoire des mus\u00e9es de cire Montr\u00e9alais entrera dans un nouveau chapitre en avril 2013 avec l\u2019ouverture de l\u2019aile Qu\u00e9b\u00e9coise du tr\u00e8s populaire <a href=\"http:\/\/www.grevin.com\/\" target=\"_blank\">Mus\u00e9e Gr\u00e9vin de Paris<\/a>. Annonc\u00e9e en d\u00e9but 2012, l\u2019\u00e9quipe du Mus\u00e9e de Paris et de Montr\u00e9al s&rsquo;\u00e9tait r\u00e9unie dans la future entr\u00e9e principale du Mus\u00e9e. La senteur de peinture et de pl\u00e2tre pr\u00e9sent dans l\u2019air donnait l\u2019ambiance de projet en pleine construction \u00e0 la pr\u00e9sentation de la directrice de Gr\u00e9vin International. Mme B\u00e9atrice de Reyni\u00e8s et ces invit\u00e9s prenant aussi part au projet soit les responsables de la sc\u00e9nographie Dick Walsh et Julien Bertevas. L\u2019\u00e9quipe de Moment Factory, responsable de d\u00e9stabiliser les visiteurs lors du \u201cpr\u00e9spectacle\u201d du tour. Le Chef J\u00e9r\u00f4me Ferrer qui aura la t\u00e2che de nous terminer la visite dans le Caf\u00e9 Gr\u00e9vin comme il l\u2019a fait au Caf\u00e9 Birks avec son partenaire d\u2019affaire Francis Reddy lors de l\u2019ouverture de la mezzanine du c\u00e9l\u00e8bre joaillier montr\u00e9alais pour en faire un resto-boutique. Se trouvait \u00e9galement les gens de <a href=\"http:\/\/www.montrealinternational.com\/\" target=\"_blank\">Montr\u00e9al international<\/a>, organisme qui est vou\u00e9 \u00e0 l&rsquo;essor \u00e9conomique de la m\u00e9tropole Qu\u00e9b\u00e9coise qui ont eu une part importante pour attirer cette institution.<\/p>\n<p>Pour y avoir mis les pieds moi-m\u00eame, je fus surpris de cette statistique, le mus\u00e9e de cire parisien attire un peu plus de 800 000 visiteurs par ann\u00e9e. \u00c0 titre comparatif, notre Jardin botanique de Montr\u00e9al, pr\u00e8s de 1.7 million sur une base annuelle. Le Mus\u00e9e d&rsquo;Art contemporain, 185 000 visiteurs, le Mus\u00e9e des Beaux-Arts, un peu plus de 600 000 pendant qu&rsquo;au Mus\u00e9e du Louvre, ils re\u00e7oivent plus de 8.5 millions de visiteurs annuellement.<\/p>\n<div align=\"center\">\n<figure id=\"attachment_1386\" aria-describedby=\"caption-attachment-1386\" style=\"width: 550px\" class=\"wp-caption aligncenter\"><img loading=\"lazy\" decoding=\"async\" src=\"https:\/\/proposmontreal.com\/wp-content\/uploads\/2013\/01\/druker.jpg\" alt=\"Michel Drucker dans les studio de Gr\u00e9vin-Paris\" width=\"550\" height=\"288\" class=\"size-full wp-image-1386\" srcset=\"https:\/\/proposmontreal.com\/wp-content\/uploads\/2013\/01\/druker.jpg 550w, https:\/\/proposmontreal.com\/wp-content\/uploads\/2013\/01\/druker-150x78.jpg 150w, https:\/\/proposmontreal.com\/wp-content\/uploads\/2013\/01\/druker-300x157.jpg 300w, https:\/\/proposmontreal.com\/wp-content\/uploads\/2013\/01\/druker-148x77.jpg 148w, https:\/\/proposmontreal.com\/wp-content\/uploads\/2013\/01\/druker-31x16.jpg 31w, https:\/\/proposmontreal.com\/wp-content\/uploads\/2013\/01\/druker-38x19.jpg 38w, https:\/\/proposmontreal.com\/wp-content\/uploads\/2013\/01\/druker-410x215.jpg 410w\" sizes=\"auto, (max-width: 550px) 100vw, 550px\" \/><figcaption id=\"caption-attachment-1386\" class=\"wp-caption-text\">Michel Drucker dans les studio de Gr\u00e9vin-Paris<\/figcaption><\/figure>\n<\/div>\n<p>Contrairement \u00e0 l\u2019autre grand mus\u00e9e de cire tr\u00e8s connu, celui de Madame Tussaud qui compte 14 \u201csuccursales\u201d dans le monde et qui se veulent toutes plus ou moins une copie de l\u2019original. Le <a href=\"http:\/\/www.grevin-montreal.com\/\" target=\"_blank\">Gr\u00e9vin de Montr\u00e9al<\/a> aura sa propre identit\u00e9 avec des tableaux sur la Nouvelle-France, le lien Qu\u00e9bec-France, une section sur nos sportifs avec en pr\u00e9dominance, le hockey bien s\u00fbr. Il y aura aussi une petite touche Montr\u00e9alo-Britannique avec les personnages de Square Enix cr\u00e9\u00e9s par leur studio local Eidos-Montr\u00e9al qui nous plongera dans l\u2019univers de son populaire jeu Deux Ex: Human Revolution (<a href=\"https:\/\/proposmontreal.com\/index.php\/montreal-en-2027-selon-deus-ex\/\" title=\"Montr\u00e9al en 2027 selon Deus Ex\" target=\"_blank\">dont nous avions parl\u00e9 ici m\u00eame<\/a>). La relation entre Square Enix et Gr\u00e9vin n\u2019\u00e9tant pas nouvelle avec la pr\u00e9sence d&rsquo;une autre de leur personnage bien connu dans l&rsquo;exposition \u00e0 Paris, la plantureuse exploratrice, Lara Croft<\/p>\n<p>Montr\u00e9al n&rsquo;en est pas \u00e0 son premier mus\u00e9e de cire et Gr\u00e9vin n&rsquo;en est pas \u00e0 sa premi\u00e8re exp\u00e9rience montr\u00e9alaise. En 1892 l&rsquo;importateur de statues et de d\u00e9corations religieuses <a href=\"http:\/\/bit.ly\/U7P8xY\" target=\"_blank\">Raymond Beullac<\/a> ouvre le Mus\u00e9e de La Salle, situ\u00e9 sur la rue Notre-Dame et comportant 13 diff\u00e9rents tableaux cr\u00e9\u00e9s entre autres par des artistes modeleurs du jeune Mus\u00e9e Gr\u00e9vin de Paris. Le Mus\u00e9e de La Salle ouvrit ses portes le 22 d\u00e9cembre 1892 et les referma presque aussi vite 15 mois plus tard, soit le 15 mars 1894 quand son format de financement qui consistait \u00e0 faire payer des riches Montr\u00e9alais pour cr\u00e9er des sculptures d&rsquo;eux-m\u00eames n&rsquo;a tout simplement pas eu la popularit\u00e9 escompt\u00e9e. Les personnages de cire comme Jeanne d&rsquo;Arc, Cartier et Frontenac furent d\u00e9m\u00e9nag\u00e9s dans le b\u00e2timent de Monument National, rue St-Laurent et jumel\u00e9 \u00e0 la collection du Mus\u00e9e Eden. Nous avions mentionn\u00e9 ce dernier lors de son utilisation comme arri\u00e8re-plan romanc\u00e9 dans la t\u00e9l\u00e9s\u00e9rie de Radio-Canada du m\u00eame nom. <\/p>\n<p>Originalement ouvert en 1891, le <a href=\"https:\/\/proposmontreal.com\/index.php\/musee-eden\/\" title=\"Mus\u00e9e Eden\" target=\"_blank\">Mus\u00e9e Eden<\/a> rouvrira ses portes le 9 juillet 1894 sur la rue Saint-Laurent avec plusieurs sc\u00e8nes de crimes populaires ajout\u00e9s \u00e0 l\u2019ancienne collection de Beullac. Vous pouviez y retrouver des sc\u00e8nes tr\u00e8s populaires comme le meurtre de Saint-Canut ou encore le massacre de Rawdon, mais, aussi le G\u00e9ant Beaupr\u00e9, Montcalm et Wolfe. Vous pouviez y voir une r\u00e9plique d\u2019un salon d\u2019opium ou bien la cuisine de Satan. Le Mus\u00e9e Eden fermera en 1940 quand le propri\u00e9taire de l\u2019\u00e9tablissement, La Soci\u00e9t\u00e9 Saint-Jean-Baptise ne renouvellent tout simplement pas le bail du mus\u00e9e.<\/p>\n<div align=\"center\">\n<figure id=\"attachment_1391\" aria-describedby=\"caption-attachment-1391\" style=\"width: 550px\" class=\"wp-caption aligncenter\"><img loading=\"lazy\" decoding=\"async\" src=\"https:\/\/proposmontreal.com\/wp-content\/uploads\/2013\/01\/eden.jpg\" alt=\"Sc\u00e8ne du Mus\u00e9e Eden. Photo: Biblioth\u00e8que et Archives Nationales\" width=\"550\" height=\"407\" class=\"size-full wp-image-1391\" srcset=\"https:\/\/proposmontreal.com\/wp-content\/uploads\/2013\/01\/eden.jpg 550w, https:\/\/proposmontreal.com\/wp-content\/uploads\/2013\/01\/eden-150x110.jpg 150w, https:\/\/proposmontreal.com\/wp-content\/uploads\/2013\/01\/eden-300x221.jpg 300w, https:\/\/proposmontreal.com\/wp-content\/uploads\/2013\/01\/eden-148x109.jpg 148w, https:\/\/proposmontreal.com\/wp-content\/uploads\/2013\/01\/eden-31x22.jpg 31w, https:\/\/proposmontreal.com\/wp-content\/uploads\/2013\/01\/eden-38x28.jpg 38w, https:\/\/proposmontreal.com\/wp-content\/uploads\/2013\/01\/eden-290x215.jpg 290w\" sizes=\"auto, (max-width: 550px) 100vw, 550px\" \/><figcaption id=\"caption-attachment-1391\" class=\"wp-caption-text\">Sc\u00e8ne du Mus\u00e9e Eden. Photo: Biblioth\u00e8que et Archives Nationales<\/figcaption><\/figure>\n<\/div>\n<p>\u00c9galement en 1891, le Gaiety Museum and Theatorium poss\u00e9dait une salle des curiosit\u00e9s, soit essentiellement des personnages de cire. Peu de renseignement sur ce \u00ab\u00a0mus\u00e9e\u00a0\u00bb sauf le fait qu&rsquo;il a \u00e9t\u00e9 rebaptis\u00e9 le Cin\u00e9matographe Lumi\u00e8re en 1896 pour faire place \u00e0 la premi\u00e8re projection de film \u00e0 Montr\u00e9al.<\/p>\n<p>M\u00eame le nom de Tussaud a d\u00e9j\u00e0 eu pignon sur la rue Ste-Catherine. Le Mus\u00e9e de cire Ville-Marie de Josephine Tussaud descendante de Marie Tussaud avait m\u00eame une vignette de Maurice Richard comptant son 500e but contre les Blackhawks. Malheureusement, tout comme le Gaiety Museum, tr\u00e8s peu d&rsquo;information est disponible sur le Mus\u00e9e Tussaud. <\/p>\n<div align=\"center\">\n<figure id=\"attachment_1393\" aria-describedby=\"caption-attachment-1393\" style=\"width: 550px\" class=\"wp-caption aligncenter\"><img loading=\"lazy\" decoding=\"async\" src=\"https:\/\/proposmontreal.com\/wp-content\/uploads\/2013\/01\/richard.jpg\" alt=\"Maurice &quot;The Wax-Rocket&quot; Richard chez Tussaud\" width=\"550\" height=\"344\" class=\"size-full wp-image-1393\" srcset=\"https:\/\/proposmontreal.com\/wp-content\/uploads\/2013\/01\/richard.jpg 550w, https:\/\/proposmontreal.com\/wp-content\/uploads\/2013\/01\/richard-150x93.jpg 150w, https:\/\/proposmontreal.com\/wp-content\/uploads\/2013\/01\/richard-300x187.jpg 300w, https:\/\/proposmontreal.com\/wp-content\/uploads\/2013\/01\/richard-148x92.jpg 148w, https:\/\/proposmontreal.com\/wp-content\/uploads\/2013\/01\/richard-31x19.jpg 31w, https:\/\/proposmontreal.com\/wp-content\/uploads\/2013\/01\/richard-38x23.jpg 38w, https:\/\/proposmontreal.com\/wp-content\/uploads\/2013\/01\/richard-343x215.jpg 343w\" sizes=\"auto, (max-width: 550px) 100vw, 550px\" \/><figcaption id=\"caption-attachment-1393\" class=\"wp-caption-text\">Maurice \u00ab\u00a0The Wax-Rocket\u00a0\u00bb Richard chez Tussaud<\/figcaption><\/figure>\n<\/div>\n<p><a href=\"http:\/\/archives.radio-canada.ca\/societe\/insolite\/clips\/14677\/\" target=\"_blank\">Le Mus\u00e9e Historique Canadien<\/a> (Lien vid\u00e9o) situ\u00e9 pr\u00e8s de l&rsquo;Oratoire Saint-Joseph au 3715 Queen-Mary, coin C\u00f4te-des-Neiges et ouvre aux visiteurs en 1935, aujourd&rsquo;hui vous y retrouverez une pharmacie. Fond\u00e9s par deux sculpteurs du Mus\u00e9e Gr\u00e9vin de Paris, ils pr\u00e9sentent 24 sc\u00e8nes pour la plupart religieuses, repr\u00e9sentant la vie des premiers chr\u00e9tiens avec un \u00e9tage d\u00e9di\u00e9 \u00e0 l&rsquo;histoire du Canada. Le mus\u00e9e attirera environ 300 000 visiteurs par ann\u00e9e et comptera plus de 200 personnages grandeur nature qui furent rachet\u00e9s par le Mus\u00e9e des Civilisations de Qu\u00e9bec lors de sa fermeture en 1989. <\/p>\n<div align=\"center\">\n<figure id=\"attachment_1380\" aria-describedby=\"caption-attachment-1380\" style=\"width: 550px\" class=\"wp-caption aligncenter\"><img loading=\"lazy\" decoding=\"async\" src=\"https:\/\/proposmontreal.com\/wp-content\/uploads\/2013\/01\/mc-cartepostale.jpg\" alt=\"Photo: Studio Pluche\" width=\"550\" height=\"370\" class=\"size-full wp-image-1380\" srcset=\"https:\/\/proposmontreal.com\/wp-content\/uploads\/2013\/01\/mc-cartepostale.jpg 550w, https:\/\/proposmontreal.com\/wp-content\/uploads\/2013\/01\/mc-cartepostale-150x100.jpg 150w, https:\/\/proposmontreal.com\/wp-content\/uploads\/2013\/01\/mc-cartepostale-300x201.jpg 300w, https:\/\/proposmontreal.com\/wp-content\/uploads\/2013\/01\/mc-cartepostale-148x99.jpg 148w, https:\/\/proposmontreal.com\/wp-content\/uploads\/2013\/01\/mc-cartepostale-31x20.jpg 31w, https:\/\/proposmontreal.com\/wp-content\/uploads\/2013\/01\/mc-cartepostale-38x25.jpg 38w, https:\/\/proposmontreal.com\/wp-content\/uploads\/2013\/01\/mc-cartepostale-319x215.jpg 319w\" sizes=\"auto, (max-width: 550px) 100vw, 550px\" \/><figcaption id=\"caption-attachment-1380\" class=\"wp-caption-text\">Photo: <a href=\"http:\/\/studiopluche.blogspot.ca\/2011\/07\/le-musee-de-cire-historique-canadien.html\" target=\"_blank\">Studio Pluche<\/a><\/figcaption><\/figure>\n<\/div>\n<p>En 2013, si vous avez bien compt\u00e9, sera un troisi\u00e8me lien Gr\u00e9vin-Montr\u00e9al et cette fois-ci, elle est officielle. Le mus\u00e9e sera situ\u00e9 au <a href=\"http:\/\/www.centreeatondemontreal.com\/\" target=\"_blank\">5e niveau du Centre Eaton<\/a>, au m\u00eame endroit o\u00f9 des expositions populaires comme Bodies (2009) et Titanic (2008-2009) ont eu lieu. Je dois avouer que le choix de l&rsquo;endroit me surprend, selon Mme De Reyni\u00e8s, l&rsquo;endroit est parfait avec un acc\u00e8s directement au Montr\u00e9al sous terrain qui semble faire r\u00eaver tant de Fran\u00e7ais avec un acc\u00e8s par le M\u00e9tro McGill. En plus de 26 millions de personnes qui passent par ce centre commercial chaque ann\u00e9e, l&rsquo;endroit aura certainement une belle visibilit\u00e9 malgr\u00e9 qu&rsquo;il semble \u00eatre \u00e9loign\u00e9 des endroits typiquement touristiques o\u00f9 j&rsquo;aurais imagin\u00e9 son adresse.<\/p>\n<p>Vous y retrouverez des vedettes comme Robert Charlebois, C\u00e9line Dion, Gille Vigneault, Jean-Pierre Ferland, Ginette Reno ou Aznavour, mais, aussi des surprises comme Marie-Mai ou V\u00e9ronique DiCaire (s\u00e9rieusement?). Du c\u00f4t\u00e9 sportif vous pouvez vous attendre \u00e0 voir les Maurices Richard et Guy Lafleur, mais \u00e9galement de belles surprises comme Chantal Petitclerc (une de mes \u00ab\u00a0cruches\u00a0\u00bb personnelles) et l&rsquo;astronaute Julie Payette parmi les 120 personnages.<\/p>\n<div align=\"center\">\n<figure id=\"attachment_1375\" aria-describedby=\"caption-attachment-1375\" style=\"width: 550px\" class=\"wp-caption aligncenter\"><img loading=\"lazy\" decoding=\"async\" src=\"https:\/\/proposmontreal.com\/wp-content\/uploads\/2013\/01\/Dicaire.jpg\" alt=\"V\u00e9ronique Dicaire avec en arri\u00e8re plan, Mme Beatrice de Reynies\" width=\"550\" height=\"361\" class=\"size-full wp-image-1375\" srcset=\"https:\/\/proposmontreal.com\/wp-content\/uploads\/2013\/01\/Dicaire.jpg 550w, https:\/\/proposmontreal.com\/wp-content\/uploads\/2013\/01\/Dicaire-150x98.jpg 150w, https:\/\/proposmontreal.com\/wp-content\/uploads\/2013\/01\/Dicaire-300x196.jpg 300w, https:\/\/proposmontreal.com\/wp-content\/uploads\/2013\/01\/Dicaire-148x97.jpg 148w, https:\/\/proposmontreal.com\/wp-content\/uploads\/2013\/01\/Dicaire-31x20.jpg 31w, https:\/\/proposmontreal.com\/wp-content\/uploads\/2013\/01\/Dicaire-38x24.jpg 38w, https:\/\/proposmontreal.com\/wp-content\/uploads\/2013\/01\/Dicaire-327x215.jpg 327w\" sizes=\"auto, (max-width: 550px) 100vw, 550px\" \/><figcaption id=\"caption-attachment-1375\" class=\"wp-caption-text\">V\u00e9ronique Dicaire avec en arri\u00e8re plan, Mme Beatrice de Reynies<\/figcaption><\/figure>\n<\/div>\n<p>Si le mot se passe et s&rsquo;ils jouent les bonnes cartes, je crois que Gr\u00e9vin-Montr\u00e9al aura sa place dans les incontournables Montr\u00e9alais. Malgr\u00e9 la qualit\u00e9 du travail et le grand talent de ces artistes, voici un mus\u00e9e de type \u00ab\u00a0populaire\u00a0\u00bb o\u00f9 vous pouvez vous faire photographier avec vos vedettes pr\u00e9f\u00e9r\u00e9es et o\u00f9 tous visiteurs comprennent ce qu&rsquo;ils regardent. Gr\u00e9vin est un nom reconnu partout sur la plan\u00e8te tourisme, ils se sont entour\u00e9s de talents locaux avec eux aussi, de tr\u00e8s bons noms reconnus et reconnaissables du grand public, touristes et Qu\u00e9b\u00e9cois y trouveront leur compte. Ouvert sept jours semaine et au co\u00fbt de 17,50$ par adulte, ce n&rsquo;est pas trop dispendieux et c&rsquo;est une belle opportunit\u00e9 de \u00ab\u00a0rencontrer\u00a0\u00bb des gens connus. <\/p>\n<p>Gr\u00e9vin est une marque appartenant \u00e0 la <a href=\"http:\/\/www.compagniedesalpes.com\/\" target=\"_blank\">Compagnie des Alpes<\/a>, aussi propri\u00e9taire de multiples centres de ski, mais aussi de plusieurs parcs d&rsquo;attractions comptant entre autres le parc Ast\u00e9rix, France Miniature et de plusieurs Zoos dans quelques pays Europ\u00e9ens. Souhaitons qu&rsquo;ils prennent go\u00fbt au Qu\u00e9bec, je veux un Parc Ast\u00e9rix ici!<\/p>\n<div align=\"center\">\n<figure id=\"attachment_1377\" aria-describedby=\"caption-attachment-1377\" style=\"width: 248px\" class=\"wp-caption aligncenter\"><img loading=\"lazy\" decoding=\"async\" src=\"https:\/\/proposmontreal.com\/wp-content\/uploads\/2013\/01\/20120229-153102-g.jpg\" alt=\"Photo: Ville de Montr\u00e9al.\" width=\"248\" height=\"187\" class=\"size-full wp-image-1377\" srcset=\"https:\/\/proposmontreal.com\/wp-content\/uploads\/2013\/01\/20120229-153102-g.jpg 248w, https:\/\/proposmontreal.com\/wp-content\/uploads\/2013\/01\/20120229-153102-g-150x113.jpg 150w, https:\/\/proposmontreal.com\/wp-content\/uploads\/2013\/01\/20120229-153102-g-148x111.jpg 148w, https:\/\/proposmontreal.com\/wp-content\/uploads\/2013\/01\/20120229-153102-g-31x23.jpg 31w, https:\/\/proposmontreal.com\/wp-content\/uploads\/2013\/01\/20120229-153102-g-38x28.jpg 38w\" sizes=\"auto, (max-width: 248px) 100vw, 248px\" \/><figcaption id=\"caption-attachment-1377\" class=\"wp-caption-text\">Photo: Ville de Montr\u00e9al.<\/figcaption><\/figure>\n<\/div>\n<p>J&rsquo;ai malheureusement oubli\u00e9 de demander si la statue du Maire Tremblay avait \u00e9t\u00e9 sauvegard\u00e9e.<\/p>\n","protected":false},"excerpt":{"rendered":"<p><span class=\"span-reading-time rt-reading-time\" style=\"display: block;\"><span class=\"rt-label rt-prefix\">Temps de lecture approximatif de<\/span> <span class=\"rt-time\"> 5<\/span> <span class=\"rt-label rt-postfix\">minutes<\/span><\/span>L\u2019histoire des mus\u00e9es de cire Montr\u00e9alais entrera dans un nouveau chapitre en avril 2013 avec l\u2019ouverture de l\u2019aile qu\u00e9b\u00e9coise du tr\u00e8s populaire Mus\u00e9e Gr\u00e9vin de Paris<\/p>\n<div class=\"more-link-wrapper\"><a class=\"more-link\" href=\"https:\/\/proposmontreal.com\/index.php\/grevin-montreal-ou-lart-du-vrai-semblant\/\">Pour lire l&#039;article&#8230;<span class=\"screen-reader-text\">Gr\u00e9vin-Montr\u00e9al ou l&rsquo;art du Vrai-semblant<\/span><\/a><\/div>\n","protected":false},"author":2,"featured_media":0,"comment_status":"open","ping_status":"open","sticky":false,"template":"","format":"standard","meta":{"jetpack_post_was_ever_published":false,"_jetpack_newsletter_access":"","_jetpack_dont_email_post_to_subs":false,"_jetpack_newsletter_tier_id":0,"_jetpack_memberships_contains_paywalled_content":false,"_jetpack_memberships_contains_paid_content":false,"footnotes":""},"categories":[1,3,393],"tags":[902,901,899,900,898,30,703,903],"class_list":["post-1369","post","type-post","status-publish","format-standard","hentry","category-actualite","category-culture","category-histoire-2","tag-centre-eaton","tag-cire","tag-conference-de-presse","tag-eden","tag-grevin","tag-montreal","tag-musee","tag-wax-museum","excerpt","zoom","full-without-featured","even","excerpt-0"],"yoast_head":"<!-- This site is optimized with the Yoast SEO plugin v26.5 - https:\/\/yoast.com\/wordpress\/plugins\/seo\/ -->\n<title>Gr\u00e9vin-Montr\u00e9al ou l&#039;art du Vrai-semblant<\/title>\n<meta name=\"description\" content=\"L\u2019histoire des mus\u00e9es de cire Montr\u00e9alais entrera dans un nouveau chapitre en avril 2013 avec l\u2019ouverture de l\u2019aile qu\u00e9b\u00e9coise du tr\u00e8s populaire Mus\u00e9e Gr\u00e9vin de Paris\" \/>\n<meta name=\"robots\" content=\"index, follow, max-snippet:-1, max-image-preview:large, max-video-preview:-1\" \/>\n<link rel=\"canonical\" href=\"https:\/\/proposmontreal.com\/index.php\/grevin-montreal-ou-lart-du-vrai-semblant\/\" \/>\n<meta property=\"og:locale\" content=\"fr_FR\" \/>\n<meta property=\"og:type\" content=\"article\" \/>\n<meta property=\"og:title\" content=\"Gr\u00e9vin-Montr\u00e9al ou l&#039;art du Vrai-semblant\" \/>\n<meta property=\"og:url\" content=\"https:\/\/proposmontreal.com\/index.php\/grevin-montreal-ou-lart-du-vrai-semblant\/\" \/>\n<meta property=\"og:site_name\" content=\"ProposMontr\u00e9al\" \/>\n<meta property=\"article:publisher\" content=\"https:\/\/www.facebook.com\/proposmontreal\" \/>\n<meta property=\"article:author\" content=\"https:\/\/www.facebook.com\/proposmontreal\" \/>\n<meta property=\"article:published_time\" content=\"2013-01-19T05:23:06+00:00\" \/>\n<meta property=\"article:modified_time\" content=\"2015-11-28T15:04:59+00:00\" \/>\n<meta property=\"og:image\" content=\"http:\/\/proposmontreal.com\/wp-content\/uploads\/2013\/01\/grevin_01.jpg\" \/>\n<meta name=\"author\" content=\"Martin B\u00e9rub\u00e9\" \/>\n<meta name=\"twitter:card\" content=\"summary_large_image\" \/>\n<meta name=\"twitter:creator\" content=\"@proposmontreal\" \/>\n<meta name=\"twitter:site\" content=\"@ProposMontreal\" \/>\n<meta name=\"twitter:label1\" content=\"\u00c9crit par\" \/>\n\t<meta name=\"twitter:data1\" content=\"Martin B\u00e9rub\u00e9\" \/>\n\t<meta name=\"twitter:label2\" content=\"Dur\u00e9e de lecture estim\u00e9e\" \/>\n\t<meta name=\"twitter:data2\" content=\"7 minutes\" \/>\n<script type=\"application\/ld+json\" class=\"yoast-schema-graph\">{\"@context\":\"https:\/\/schema.org\",\"@graph\":[{\"@type\":\"WebPage\",\"@id\":\"https:\/\/proposmontreal.com\/index.php\/grevin-montreal-ou-lart-du-vrai-semblant\/\",\"url\":\"https:\/\/proposmontreal.com\/index.php\/grevin-montreal-ou-lart-du-vrai-semblant\/\",\"name\":\"Gr\u00e9vin-Montr\u00e9al ou l'art du Vrai-semblant\",\"isPartOf\":{\"@id\":\"https:\/\/proposmontreal.com\/#website\"},\"primaryImageOfPage\":{\"@id\":\"https:\/\/proposmontreal.com\/index.php\/grevin-montreal-ou-lart-du-vrai-semblant\/#primaryimage\"},\"image\":{\"@id\":\"https:\/\/proposmontreal.com\/index.php\/grevin-montreal-ou-lart-du-vrai-semblant\/#primaryimage\"},\"thumbnailUrl\":\"http:\/\/proposmontreal.com\/wp-content\/uploads\/2013\/01\/grevin_01.jpg\",\"datePublished\":\"2013-01-19T05:23:06+00:00\",\"dateModified\":\"2015-11-28T15:04:59+00:00\",\"author\":{\"@id\":\"https:\/\/proposmontreal.com\/#\/schema\/person\/7d7acef09662dd8c0283a456e39b3254\"},\"description\":\"L\u2019histoire des mus\u00e9es de cire Montr\u00e9alais entrera dans un nouveau chapitre en avril 2013 avec l\u2019ouverture de l\u2019aile qu\u00e9b\u00e9coise du tr\u00e8s populaire Mus\u00e9e Gr\u00e9vin de Paris\",\"breadcrumb\":{\"@id\":\"https:\/\/proposmontreal.com\/index.php\/grevin-montreal-ou-lart-du-vrai-semblant\/#breadcrumb\"},\"inLanguage\":\"fr-FR\",\"potentialAction\":[{\"@type\":\"ReadAction\",\"target\":[\"https:\/\/proposmontreal.com\/index.php\/grevin-montreal-ou-lart-du-vrai-semblant\/\"]}]},{\"@type\":\"ImageObject\",\"inLanguage\":\"fr-FR\",\"@id\":\"https:\/\/proposmontreal.com\/index.php\/grevin-montreal-ou-lart-du-vrai-semblant\/#primaryimage\",\"url\":\"http:\/\/proposmontreal.com\/wp-content\/uploads\/2013\/01\/grevin_01.jpg\",\"contentUrl\":\"http:\/\/proposmontreal.com\/wp-content\/uploads\/2013\/01\/grevin_01.jpg\"},{\"@type\":\"BreadcrumbList\",\"@id\":\"https:\/\/proposmontreal.com\/index.php\/grevin-montreal-ou-lart-du-vrai-semblant\/#breadcrumb\",\"itemListElement\":[{\"@type\":\"ListItem\",\"position\":1,\"name\":\"Accueil\",\"item\":\"https:\/\/proposmontreal.com\/\"},{\"@type\":\"ListItem\",\"position\":2,\"name\":\"Gr\u00e9vin-Montr\u00e9al ou l&rsquo;art du Vrai-semblant\"}]},{\"@type\":\"WebSite\",\"@id\":\"https:\/\/proposmontreal.com\/#website\",\"url\":\"https:\/\/proposmontreal.com\/\",\"name\":\"ProposMontr\u00e9al\",\"description\":\"Histoire, Urbanisme, Architecture et Opinions.\",\"potentialAction\":[{\"@type\":\"SearchAction\",\"target\":{\"@type\":\"EntryPoint\",\"urlTemplate\":\"https:\/\/proposmontreal.com\/?s={search_term_string}\"},\"query-input\":{\"@type\":\"PropertyValueSpecification\",\"valueRequired\":true,\"valueName\":\"search_term_string\"}}],\"inLanguage\":\"fr-FR\"},{\"@type\":\"Person\",\"@id\":\"https:\/\/proposmontreal.com\/#\/schema\/person\/7d7acef09662dd8c0283a456e39b3254\",\"name\":\"Martin B\u00e9rub\u00e9\",\"image\":{\"@type\":\"ImageObject\",\"inLanguage\":\"fr-FR\",\"@id\":\"https:\/\/proposmontreal.com\/#\/schema\/person\/image\/\",\"url\":\"https:\/\/secure.gravatar.com\/avatar\/c584d9147b7b50bb9ff2edf1db3d93d38f22473bdde645a7942ee41f752cce3f?s=96&d=blank&r=g\",\"contentUrl\":\"https:\/\/secure.gravatar.com\/avatar\/c584d9147b7b50bb9ff2edf1db3d93d38f22473bdde645a7942ee41f752cce3f?s=96&d=blank&r=g\",\"caption\":\"Martin B\u00e9rub\u00e9\"},\"description\":\"Amoureux de Montr\u00e9al, fascin\u00e9 par l'histoire de la ville, son urbanisme et sa toponymie, ni historien ni sp\u00e9cialiste du sujet, Martin n'\u00e9tait m\u00eame pas n\u00e9 \u00e0 l'\u00e9poque de 99% des sujets discut\u00e9s de ce site. Il aime trouver des r\u00e9ponses aux questions qui sont pos\u00e9es. Les billets que vous lisez ne sont que les r\u00e9sultats de la qu\u00eate vers des r\u00e9ponses et le besoin de partager.\",\"sameAs\":[\"http:\/\/proposmontreal.com\",\"https:\/\/www.facebook.com\/proposmontreal\",\"https:\/\/x.com\/proposmontreal\"]}]}<\/script>\n<!-- \/ Yoast SEO plugin. -->","yoast_head_json":{"title":"Gr\u00e9vin-Montr\u00e9al ou l'art du Vrai-semblant","description":"L\u2019histoire des mus\u00e9es de cire Montr\u00e9alais entrera dans un nouveau chapitre en avril 2013 avec l\u2019ouverture de l\u2019aile qu\u00e9b\u00e9coise du tr\u00e8s populaire Mus\u00e9e Gr\u00e9vin de Paris","robots":{"index":"index","follow":"follow","max-snippet":"max-snippet:-1","max-image-preview":"max-image-preview:large","max-video-preview":"max-video-preview:-1"},"canonical":"https:\/\/proposmontreal.com\/index.php\/grevin-montreal-ou-lart-du-vrai-semblant\/","og_locale":"fr_FR","og_type":"article","og_title":"Gr\u00e9vin-Montr\u00e9al ou l'art du Vrai-semblant","og_url":"https:\/\/proposmontreal.com\/index.php\/grevin-montreal-ou-lart-du-vrai-semblant\/","og_site_name":"ProposMontr\u00e9al","article_publisher":"https:\/\/www.facebook.com\/proposmontreal","article_author":"https:\/\/www.facebook.com\/proposmontreal","article_published_time":"2013-01-19T05:23:06+00:00","article_modified_time":"2015-11-28T15:04:59+00:00","og_image":[{"url":"http:\/\/proposmontreal.com\/wp-content\/uploads\/2013\/01\/grevin_01.jpg","type":"","width":"","height":""}],"author":"Martin B\u00e9rub\u00e9","twitter_card":"summary_large_image","twitter_creator":"@proposmontreal","twitter_site":"@ProposMontreal","twitter_misc":{"\u00c9crit par":"Martin B\u00e9rub\u00e9","Dur\u00e9e de lecture estim\u00e9e":"7 minutes"},"schema":{"@context":"https:\/\/schema.org","@graph":[{"@type":"WebPage","@id":"https:\/\/proposmontreal.com\/index.php\/grevin-montreal-ou-lart-du-vrai-semblant\/","url":"https:\/\/proposmontreal.com\/index.php\/grevin-montreal-ou-lart-du-vrai-semblant\/","name":"Gr\u00e9vin-Montr\u00e9al ou l'art du Vrai-semblant","isPartOf":{"@id":"https:\/\/proposmontreal.com\/#website"},"primaryImageOfPage":{"@id":"https:\/\/proposmontreal.com\/index.php\/grevin-montreal-ou-lart-du-vrai-semblant\/#primaryimage"},"image":{"@id":"https:\/\/proposmontreal.com\/index.php\/grevin-montreal-ou-lart-du-vrai-semblant\/#primaryimage"},"thumbnailUrl":"http:\/\/proposmontreal.com\/wp-content\/uploads\/2013\/01\/grevin_01.jpg","datePublished":"2013-01-19T05:23:06+00:00","dateModified":"2015-11-28T15:04:59+00:00","author":{"@id":"https:\/\/proposmontreal.com\/#\/schema\/person\/7d7acef09662dd8c0283a456e39b3254"},"description":"L\u2019histoire des mus\u00e9es de cire Montr\u00e9alais entrera dans un nouveau chapitre en avril 2013 avec l\u2019ouverture de l\u2019aile qu\u00e9b\u00e9coise du tr\u00e8s populaire Mus\u00e9e Gr\u00e9vin de Paris","breadcrumb":{"@id":"https:\/\/proposmontreal.com\/index.php\/grevin-montreal-ou-lart-du-vrai-semblant\/#breadcrumb"},"inLanguage":"fr-FR","potentialAction":[{"@type":"ReadAction","target":["https:\/\/proposmontreal.com\/index.php\/grevin-montreal-ou-lart-du-vrai-semblant\/"]}]},{"@type":"ImageObject","inLanguage":"fr-FR","@id":"https:\/\/proposmontreal.com\/index.php\/grevin-montreal-ou-lart-du-vrai-semblant\/#primaryimage","url":"http:\/\/proposmontreal.com\/wp-content\/uploads\/2013\/01\/grevin_01.jpg","contentUrl":"http:\/\/proposmontreal.com\/wp-content\/uploads\/2013\/01\/grevin_01.jpg"},{"@type":"BreadcrumbList","@id":"https:\/\/proposmontreal.com\/index.php\/grevin-montreal-ou-lart-du-vrai-semblant\/#breadcrumb","itemListElement":[{"@type":"ListItem","position":1,"name":"Accueil","item":"https:\/\/proposmontreal.com\/"},{"@type":"ListItem","position":2,"name":"Gr\u00e9vin-Montr\u00e9al ou l&rsquo;art du Vrai-semblant"}]},{"@type":"WebSite","@id":"https:\/\/proposmontreal.com\/#website","url":"https:\/\/proposmontreal.com\/","name":"ProposMontr\u00e9al","description":"Histoire, Urbanisme, Architecture et Opinions.","potentialAction":[{"@type":"SearchAction","target":{"@type":"EntryPoint","urlTemplate":"https:\/\/proposmontreal.com\/?s={search_term_string}"},"query-input":{"@type":"PropertyValueSpecification","valueRequired":true,"valueName":"search_term_string"}}],"inLanguage":"fr-FR"},{"@type":"Person","@id":"https:\/\/proposmontreal.com\/#\/schema\/person\/7d7acef09662dd8c0283a456e39b3254","name":"Martin B\u00e9rub\u00e9","image":{"@type":"ImageObject","inLanguage":"fr-FR","@id":"https:\/\/proposmontreal.com\/#\/schema\/person\/image\/","url":"https:\/\/secure.gravatar.com\/avatar\/c584d9147b7b50bb9ff2edf1db3d93d38f22473bdde645a7942ee41f752cce3f?s=96&d=blank&r=g","contentUrl":"https:\/\/secure.gravatar.com\/avatar\/c584d9147b7b50bb9ff2edf1db3d93d38f22473bdde645a7942ee41f752cce3f?s=96&d=blank&r=g","caption":"Martin B\u00e9rub\u00e9"},"description":"Amoureux de Montr\u00e9al, fascin\u00e9 par l'histoire de la ville, son urbanisme et sa toponymie, ni historien ni sp\u00e9cialiste du sujet, Martin n'\u00e9tait m\u00eame pas n\u00e9 \u00e0 l'\u00e9poque de 99% des sujets discut\u00e9s de ce site. Il aime trouver des r\u00e9ponses aux questions qui sont pos\u00e9es. Les billets que vous lisez ne sont que les r\u00e9sultats de la qu\u00eate vers des r\u00e9ponses et le besoin de partager.","sameAs":["http:\/\/proposmontreal.com","https:\/\/www.facebook.com\/proposmontreal","https:\/\/x.com\/proposmontreal"]}]}},"jetpack_featured_media_url":"","jetpack_sharing_enabled":true,"_links":{"self":[{"href":"https:\/\/proposmontreal.com\/index.php\/wp-json\/wp\/v2\/posts\/1369","targetHints":{"allow":["GET"]}}],"collection":[{"href":"https:\/\/proposmontreal.com\/index.php\/wp-json\/wp\/v2\/posts"}],"about":[{"href":"https:\/\/proposmontreal.com\/index.php\/wp-json\/wp\/v2\/types\/post"}],"author":[{"embeddable":true,"href":"https:\/\/proposmontreal.com\/index.php\/wp-json\/wp\/v2\/users\/2"}],"replies":[{"embeddable":true,"href":"https:\/\/proposmontreal.com\/index.php\/wp-json\/wp\/v2\/comments?post=1369"}],"version-history":[{"count":3,"href":"https:\/\/proposmontreal.com\/index.php\/wp-json\/wp\/v2\/posts\/1369\/revisions"}],"predecessor-version":[{"id":3883,"href":"https:\/\/proposmontreal.com\/index.php\/wp-json\/wp\/v2\/posts\/1369\/revisions\/3883"}],"wp:attachment":[{"href":"https:\/\/proposmontreal.com\/index.php\/wp-json\/wp\/v2\/media?parent=1369"}],"wp:term":[{"taxonomy":"category","embeddable":true,"href":"https:\/\/proposmontreal.com\/index.php\/wp-json\/wp\/v2\/categories?post=1369"},{"taxonomy":"post_tag","embeddable":true,"href":"https:\/\/proposmontreal.com\/index.php\/wp-json\/wp\/v2\/tags?post=1369"}],"curies":[{"name":"wp","href":"https:\/\/api.w.org\/{rel}","templated":true}]}}