{"id":1109,"date":"2012-06-13T20:36:59","date_gmt":"2012-06-14T00:36:59","guid":{"rendered":"http:\/\/proposmontreal.com\/?p=1109"},"modified":"2014-01-26T21:29:43","modified_gmt":"2014-01-27T02:29:43","slug":"moins-de-jazz-a-mtl","status":"publish","type":"post","link":"https:\/\/proposmontreal.com\/index.php\/moins-de-jazz-a-mtl\/","title":{"rendered":"Moins de Jazz \u00e0 MTL"},"content":{"rendered":"<span class=\"span-reading-time rt-reading-time\" style=\"display: block;\"><span class=\"rt-label rt-prefix\">Temps de lecture approximatif de<\/span> <span class=\"rt-time\"> 3<\/span> <span class=\"rt-label rt-postfix\">minutes<\/span><\/span><p>Franchement, c&rsquo;est deux annonces d\u00e9routantes <a href=\"http:\/\/www.lapresse.ca\/debats\/le-cercle-la-presse\/actualites\/201206\/13\/48-512-une-radio-x-a-montreal-preparez-vous-.php\" target=\"_blank\">en une<\/a>. Premi\u00e8rement, nous aurons le droit, que dis-je, le privil\u00e8ge d&rsquo;avoir dans la m\u00e9tropole une nouvelle cha\u00eene de radio poubelles \u00e0 la Radio X de Qu\u00e9bec. Ensuite, nous perdons notre seule cha\u00eene de Jazz en ville. Si vous suivez notre compte twitter <a href=\"http:\/\/twitter.com\/#!\/proposmontreal\" target=\"_blank\">@proposmontreal<\/a> ou m\u00eame ici directement sur le blogue, vous savez \u00e0 quel point j&rsquo;ai une dent contre la radio Montr\u00e9alaise. Voil\u00e0 une nouvelle qui m&rsquo;aidera pas du tout. RNC M\u00e9dia a fait ces demandes en d\u00e9buts d&rsquo;ann\u00e9e au CRTC et ce <a href=\"http:\/\/blog.fagstein.com\/2012\/02\/12\/cklx-interventions\/\" target=\"_blank\">n&rsquo;est pas sans heurt<\/a> que la d\u00e9cision a \u00e9t\u00e9 prises. <\/p>\n<p>D\u00e9butons par la premi\u00e8re partie de cette manchette, Montr\u00e9al aura le droit d\u00e8s septembre \u00e0 sa Radio X. Premi\u00e8rement, avons nous vraiment besoin d&rsquo;une autre radio parl\u00e9e en ville ? n&rsquo;avons-nous pas d\u00e9j\u00e0 la premi\u00e8re cha\u00eene de Radio-Canada et le 98,5 ? J&rsquo;avoue que la droite a le droit de se faire entendre et Rad-Can est surement la plus \u00e0 gauche d&rsquo;elles et le 98,5 est plus au centre. Mais justement, je n&rsquo;\u00e9coute plus le 98,5 depuis longtemps, j&rsquo;ai le gout de me tirer une balle dans la t\u00eate \u00e0 chaque fois que j&rsquo;\u00e9coute Arcand ou Dutrizac qui adorent tous deux nous rappeler qu&rsquo;il est impossible de ne rien r\u00e9ussir \u00e0 Montr\u00e9al et au Qu\u00e9bec en g\u00e9n\u00e9ral. (je vous lance au d\u00e9fit de me trouver de bonnes nouvelles dans ces \u00e9missions). Mais voil\u00e0 que la droite va s&rsquo;en m\u00ealer, ce sera d\u00e9finitivement impossible pour Montr\u00e9al de regagner de l&rsquo;estime de soi avec ces cha\u00eenes sur les ondes. Les anglophones ont l&rsquo;expression parfaite pour ce genre de situation, \u00ab\u00a0Kick them while the&rsquo;re down\u00a0\u00bb. <\/p>\n<p>Pour avoir pass\u00e9 par Qu\u00e9bec \u00e0 plusieurs reprises au cours des derni\u00e8res ann\u00e9es, j&rsquo;ai d\u00fb me taper ma juste part de Radio X et je vais devoir vous dire que ce n&rsquo;est pas ma tasse de th\u00e9. Si vous ne l&rsquo;avez pas fait encore, je vous invite \u00e0 \u00e9couter leurs \u00e9missions de grande \u00e9coute \u00e0 partir de <a href=\"http:\/\/www.radiox.com\/\" target=\"_blank\">leur site web<\/a> et vous faire votre propre opinion.<\/p>\n<p>Le plus dramatique pour moi ce n&rsquo;est malheureusement pas l&rsquo;ouverture d&rsquo;une radio poubelle, je ne l&rsquo;\u00e9couterai pas, c&rsquo;est mon choix. O\u00f9 \u00e7a fait mal c&rsquo;est que cette nouvelle cha\u00eene va prendre le 91,9 CKLX FM, soit, Plan\u00e8te Jazz qui appartient aux m\u00eames propri\u00e9taires, <a href=\"http:\/\/www.rncmedia.ca\/\" target=\"_blank\">RNC M\u00e9dia<\/a> qui n&rsquo;a qu&rsquo;une seule cha\u00eene \u00e0 Montr\u00e9al sur les quelque 20 stations dans leur catalogue. Selon Patrice Demers, directeur g\u00e9n\u00e9ral-division Qu\u00e9bec chez RNC, la station n&rsquo;\u00e9tait tout simplement pas rentable. J&rsquo;\u00e9coute cette station \u00e0 trois ou quatre fois par semaine et presque pendant deux semaines enti\u00e8res pendant le festival et je dois faire un autre aveux, \u00e0 l&rsquo;exception de la musique, les \u00e9missions \u00e9taient plut\u00f4t de mauvaise qualit\u00e9, j&rsquo;ai vu plus de talents sur les ondes de radios \u00e9tudiantes de CEGEP. Ce qui explique surement pourquoi cette cha\u00eene n&rsquo;\u00e9tait pas rentable. Malgr\u00e9 le fait que le si\u00e8ge social de RNC se retrouve \u00e0 Montr\u00e9al, il \u00e9tait \u00e9vident que les d\u00e9cisions \u00e9taient prises en r\u00e9gion et la radio ressemblait \u00e0 \u00e7a!<\/p>\n<p>Nous allons perdre la seule station de jazz de la ville qui d\u00e9tient un des plus grands festivals de musique de style au monde. Montr\u00e9al se place toujours dans le Top 3 des festivals de Jazz de la plan\u00e8te avec ceux de Nouvelle-Orl\u00e9ans aux \u00c9tats-Unis et celui de Montreux en Suisse. Avec une ville qui est capable d&rsquo;organiser ce genre d&rsquo;\u00e9v\u00e9nement et o\u00f9 les spectacles de Jazz ont lieu dans des salles pratiquement toujours pleines, vous ne pourrez pas me faire \u00e0 croire que cette cha\u00eene, si elle \u00e9tait bien g\u00e9r\u00e9e, ne pouvait pas \u00eatre rentable. Si vous \u00eates d\u00e9j\u00e0 all\u00e9 au Upstairs ou chez Jojo, vous savez de quoi je parle. Et je ne mentionne m\u00eame pas les spectacles r\u00e9ussis \u00e0 l&rsquo;Astral, propri\u00e9t\u00e9 du groupe du m\u00eame nom.<\/p>\n<p>J&rsquo;esp\u00e8re que le d\u00e9part de Plan\u00e8te Jazz ne fait qu&rsquo;offrir sur un plateau d&rsquo;argent le monopole du Jazz \u00e0 Astral qui saura en profiter. En conclusion, je crois que c&rsquo;est une d\u00e9cision d&rsquo;une compagnie qui connait mal Montr\u00e9al et la preuve, la premi\u00e8re \u00e9mission annonc\u00e9e de cette nouvelle Radio X Montr\u00e9al sera le \u00ab\u00a0Maurais Live\u00a0\u00bb, diffus\u00e9 de&#8230; Qu\u00e9bec, pas la fa\u00e7on la plus intelligente d&rsquo;attirer de nouvelles oreilles sur sa cha\u00eene qui fait son entr\u00e9 dans une ville qui consid\u00e8re d\u00e9j\u00e0 la vieille capitale comme un village.<\/p>\n<p>Nous devons toujours donner la chance au coureur et comme j&rsquo;ai mentionn\u00e9, ce n&rsquo;est pas l&rsquo;arriv\u00e9e d&rsquo;une cha\u00eene qui me chagrine, c&rsquo;est le d\u00e9part d&rsquo;une autre. Montr\u00e9al une r\u00e9gion de plus de 3.5 millions de r\u00e9sidents ne poss\u00e8de aucune radio francophone de sports en continue, aucune radio de Jazz, Aucune radio de musique alternative ou de World Beat. Essayez de me faire croire maintenant que la radio de Montr\u00e9al n&rsquo;est pas malade.<\/p>\n<div align=\"center\">\n<img loading=\"lazy\" decoding=\"async\" src=\"https:\/\/proposmontreal.com\/wp-content\/uploads\/2012\/06\/byebyejazz.png\" alt=\"\" title=\"byebyejazz\" width=\"250\" height=\"250\" class=\"alignnone size-full wp-image-1110\" srcset=\"https:\/\/proposmontreal.com\/wp-content\/uploads\/2012\/06\/byebyejazz.png 250w, https:\/\/proposmontreal.com\/wp-content\/uploads\/2012\/06\/byebyejazz-150x150.png 150w\" sizes=\"auto, (max-width: 250px) 100vw, 250px\" \/>\n<\/div>\n","protected":false},"excerpt":{"rendered":"<p><span class=\"span-reading-time rt-reading-time\" style=\"display: block;\"><span class=\"rt-label rt-prefix\">Temps de lecture approximatif de<\/span> <span class=\"rt-time\"> 3<\/span> <span class=\"rt-label rt-postfix\">minutes<\/span><\/span>Nous devons toujours donner la chance au coureur et comme j&rsquo;ai mentionn\u00e9, ce n&rsquo;est pas l&rsquo;arriv\u00e9e d&rsquo;une cha\u00eene qui me chagrine, c&rsquo;est le d\u00e9part d&rsquo;une autre. Montr\u00e9al une r\u00e9gion de plus de 3.5 millions de r\u00e9sidents ne poss\u00e8de aucune radio francophone de sports en continue, aucune radio de Jazz, Aucune radio de musique alternative ou de World Beat. Essayez de me faire croire maintenant que la radio de Montr\u00e9al n&rsquo;est pas malade.<\/p>\n<div class=\"more-link-wrapper\"><a class=\"more-link\" href=\"https:\/\/proposmontreal.com\/index.php\/moins-de-jazz-a-mtl\/\">Pour lire l&#039;article&#8230;<span class=\"screen-reader-text\">Moins de Jazz \u00e0 MTL<\/span><\/a><\/div>\n","protected":false},"author":2,"featured_media":0,"comment_status":"open","ping_status":"open","sticky":false,"template":"","format":"standard","meta":{"jetpack_post_was_ever_published":false,"_jetpack_newsletter_access":"","_jetpack_dont_email_post_to_subs":false,"_jetpack_newsletter_tier_id":0,"_jetpack_memberships_contains_paywalled_content":false,"_jetpack_memberships_contains_paid_content":false,"footnotes":""},"categories":[1,3],"tags":[307,774,8,755,226,776,775,773],"class_list":["post-1109","post","type-post","status-publish","format-standard","hentry","category-actualite","category-culture","tag-astral","tag-choi","tag-festival","tag-jazz","tag-radio","tag-radio-poubelle","tag-radio-x","tag-rnc","excerpt","zoom","full-without-featured","even","excerpt-0"],"yoast_head":"<!-- This site is optimized with the Yoast SEO plugin v26.5 - https:\/\/yoast.com\/wordpress\/plugins\/seo\/ -->\n<title>Moins de Jazz \u00e0 MTL<\/title>\n<meta name=\"description\" content=\"Nous devons toujours donner la chance au coureur et comme j&#039;ai mentionn\u00e9, ce n&#039;est pas l&#039;arriv\u00e9e d&#039;une cha\u00eene qui me chagrine, c&#039;est le d\u00e9part d&#039;une autre. Montr\u00e9al une r\u00e9gion de plus de 3.5 millions de r\u00e9sidents ne poss\u00e8de aucune radio francophone de sports en continue, aucune radio de Jazz, Aucune radio de musique alternative ou de World Beat. Essayez de me faire croire maintenant que la radio de Montr\u00e9al n&#039;est pas malade.\" \/>\n<meta name=\"robots\" content=\"index, follow, max-snippet:-1, max-image-preview:large, max-video-preview:-1\" \/>\n<link rel=\"canonical\" href=\"https:\/\/proposmontreal.com\/index.php\/moins-de-jazz-a-mtl\/\" \/>\n<meta property=\"og:locale\" content=\"fr_FR\" \/>\n<meta property=\"og:type\" content=\"article\" \/>\n<meta property=\"og:title\" content=\"Moins de Jazz \u00e0 MTL\" \/>\n<meta property=\"og:url\" content=\"https:\/\/proposmontreal.com\/index.php\/moins-de-jazz-a-mtl\/\" \/>\n<meta property=\"og:site_name\" content=\"ProposMontr\u00e9al\" \/>\n<meta property=\"article:publisher\" content=\"https:\/\/www.facebook.com\/proposmontreal\" \/>\n<meta property=\"article:author\" content=\"https:\/\/www.facebook.com\/proposmontreal\" \/>\n<meta property=\"article:published_time\" content=\"2012-06-14T00:36:59+00:00\" \/>\n<meta property=\"article:modified_time\" content=\"2014-01-27T02:29:43+00:00\" \/>\n<meta property=\"og:image\" content=\"http:\/\/proposmontreal.com\/wp-content\/uploads\/2012\/06\/byebyejazz.png\" \/>\n<meta name=\"author\" content=\"Martin B\u00e9rub\u00e9\" \/>\n<meta name=\"twitter:card\" content=\"summary_large_image\" \/>\n<meta name=\"twitter:creator\" content=\"@proposmontreal\" \/>\n<meta name=\"twitter:site\" content=\"@ProposMontreal\" \/>\n<meta name=\"twitter:label1\" content=\"\u00c9crit par\" \/>\n\t<meta name=\"twitter:data1\" content=\"Martin B\u00e9rub\u00e9\" \/>\n\t<meta name=\"twitter:label2\" content=\"Dur\u00e9e de lecture estim\u00e9e\" \/>\n\t<meta name=\"twitter:data2\" content=\"4 minutes\" \/>\n<script type=\"application\/ld+json\" class=\"yoast-schema-graph\">{\"@context\":\"https:\/\/schema.org\",\"@graph\":[{\"@type\":\"WebPage\",\"@id\":\"https:\/\/proposmontreal.com\/index.php\/moins-de-jazz-a-mtl\/\",\"url\":\"https:\/\/proposmontreal.com\/index.php\/moins-de-jazz-a-mtl\/\",\"name\":\"Moins de Jazz \u00e0 MTL\",\"isPartOf\":{\"@id\":\"https:\/\/proposmontreal.com\/#website\"},\"primaryImageOfPage\":{\"@id\":\"https:\/\/proposmontreal.com\/index.php\/moins-de-jazz-a-mtl\/#primaryimage\"},\"image\":{\"@id\":\"https:\/\/proposmontreal.com\/index.php\/moins-de-jazz-a-mtl\/#primaryimage\"},\"thumbnailUrl\":\"http:\/\/proposmontreal.com\/wp-content\/uploads\/2012\/06\/byebyejazz.png\",\"datePublished\":\"2012-06-14T00:36:59+00:00\",\"dateModified\":\"2014-01-27T02:29:43+00:00\",\"author\":{\"@id\":\"https:\/\/proposmontreal.com\/#\/schema\/person\/7d7acef09662dd8c0283a456e39b3254\"},\"description\":\"Nous devons toujours donner la chance au coureur et comme j'ai mentionn\u00e9, ce n'est pas l'arriv\u00e9e d'une cha\u00eene qui me chagrine, c'est le d\u00e9part d'une autre. Montr\u00e9al une r\u00e9gion de plus de 3.5 millions de r\u00e9sidents ne poss\u00e8de aucune radio francophone de sports en continue, aucune radio de Jazz, Aucune radio de musique alternative ou de World Beat. Essayez de me faire croire maintenant que la radio de Montr\u00e9al n'est pas malade.\",\"breadcrumb\":{\"@id\":\"https:\/\/proposmontreal.com\/index.php\/moins-de-jazz-a-mtl\/#breadcrumb\"},\"inLanguage\":\"fr-FR\",\"potentialAction\":[{\"@type\":\"ReadAction\",\"target\":[\"https:\/\/proposmontreal.com\/index.php\/moins-de-jazz-a-mtl\/\"]}]},{\"@type\":\"ImageObject\",\"inLanguage\":\"fr-FR\",\"@id\":\"https:\/\/proposmontreal.com\/index.php\/moins-de-jazz-a-mtl\/#primaryimage\",\"url\":\"http:\/\/proposmontreal.com\/wp-content\/uploads\/2012\/06\/byebyejazz.png\",\"contentUrl\":\"http:\/\/proposmontreal.com\/wp-content\/uploads\/2012\/06\/byebyejazz.png\"},{\"@type\":\"BreadcrumbList\",\"@id\":\"https:\/\/proposmontreal.com\/index.php\/moins-de-jazz-a-mtl\/#breadcrumb\",\"itemListElement\":[{\"@type\":\"ListItem\",\"position\":1,\"name\":\"Accueil\",\"item\":\"https:\/\/proposmontreal.com\/\"},{\"@type\":\"ListItem\",\"position\":2,\"name\":\"Moins de Jazz \u00e0 MTL\"}]},{\"@type\":\"WebSite\",\"@id\":\"https:\/\/proposmontreal.com\/#website\",\"url\":\"https:\/\/proposmontreal.com\/\",\"name\":\"ProposMontr\u00e9al\",\"description\":\"Histoire, Urbanisme, Architecture et Opinions.\",\"potentialAction\":[{\"@type\":\"SearchAction\",\"target\":{\"@type\":\"EntryPoint\",\"urlTemplate\":\"https:\/\/proposmontreal.com\/?s={search_term_string}\"},\"query-input\":{\"@type\":\"PropertyValueSpecification\",\"valueRequired\":true,\"valueName\":\"search_term_string\"}}],\"inLanguage\":\"fr-FR\"},{\"@type\":\"Person\",\"@id\":\"https:\/\/proposmontreal.com\/#\/schema\/person\/7d7acef09662dd8c0283a456e39b3254\",\"name\":\"Martin B\u00e9rub\u00e9\",\"image\":{\"@type\":\"ImageObject\",\"inLanguage\":\"fr-FR\",\"@id\":\"https:\/\/proposmontreal.com\/#\/schema\/person\/image\/\",\"url\":\"https:\/\/secure.gravatar.com\/avatar\/c584d9147b7b50bb9ff2edf1db3d93d38f22473bdde645a7942ee41f752cce3f?s=96&d=blank&r=g\",\"contentUrl\":\"https:\/\/secure.gravatar.com\/avatar\/c584d9147b7b50bb9ff2edf1db3d93d38f22473bdde645a7942ee41f752cce3f?s=96&d=blank&r=g\",\"caption\":\"Martin B\u00e9rub\u00e9\"},\"description\":\"Amoureux de Montr\u00e9al, fascin\u00e9 par l'histoire de la ville, son urbanisme et sa toponymie, ni historien ni sp\u00e9cialiste du sujet, Martin n'\u00e9tait m\u00eame pas n\u00e9 \u00e0 l'\u00e9poque de 99% des sujets discut\u00e9s de ce site. Il aime trouver des r\u00e9ponses aux questions qui sont pos\u00e9es. Les billets que vous lisez ne sont que les r\u00e9sultats de la qu\u00eate vers des r\u00e9ponses et le besoin de partager.\",\"sameAs\":[\"http:\/\/proposmontreal.com\",\"https:\/\/www.facebook.com\/proposmontreal\",\"https:\/\/x.com\/proposmontreal\"]}]}<\/script>\n<!-- \/ Yoast SEO plugin. -->","yoast_head_json":{"title":"Moins de Jazz \u00e0 MTL","description":"Nous devons toujours donner la chance au coureur et comme j'ai mentionn\u00e9, ce n'est pas l'arriv\u00e9e d'une cha\u00eene qui me chagrine, c'est le d\u00e9part d'une autre. Montr\u00e9al une r\u00e9gion de plus de 3.5 millions de r\u00e9sidents ne poss\u00e8de aucune radio francophone de sports en continue, aucune radio de Jazz, Aucune radio de musique alternative ou de World Beat. Essayez de me faire croire maintenant que la radio de Montr\u00e9al n'est pas malade.","robots":{"index":"index","follow":"follow","max-snippet":"max-snippet:-1","max-image-preview":"max-image-preview:large","max-video-preview":"max-video-preview:-1"},"canonical":"https:\/\/proposmontreal.com\/index.php\/moins-de-jazz-a-mtl\/","og_locale":"fr_FR","og_type":"article","og_title":"Moins de Jazz \u00e0 MTL","og_url":"https:\/\/proposmontreal.com\/index.php\/moins-de-jazz-a-mtl\/","og_site_name":"ProposMontr\u00e9al","article_publisher":"https:\/\/www.facebook.com\/proposmontreal","article_author":"https:\/\/www.facebook.com\/proposmontreal","article_published_time":"2012-06-14T00:36:59+00:00","article_modified_time":"2014-01-27T02:29:43+00:00","og_image":[{"url":"http:\/\/proposmontreal.com\/wp-content\/uploads\/2012\/06\/byebyejazz.png","type":"","width":"","height":""}],"author":"Martin B\u00e9rub\u00e9","twitter_card":"summary_large_image","twitter_creator":"@proposmontreal","twitter_site":"@ProposMontreal","twitter_misc":{"\u00c9crit par":"Martin B\u00e9rub\u00e9","Dur\u00e9e de lecture estim\u00e9e":"4 minutes"},"schema":{"@context":"https:\/\/schema.org","@graph":[{"@type":"WebPage","@id":"https:\/\/proposmontreal.com\/index.php\/moins-de-jazz-a-mtl\/","url":"https:\/\/proposmontreal.com\/index.php\/moins-de-jazz-a-mtl\/","name":"Moins de Jazz \u00e0 MTL","isPartOf":{"@id":"https:\/\/proposmontreal.com\/#website"},"primaryImageOfPage":{"@id":"https:\/\/proposmontreal.com\/index.php\/moins-de-jazz-a-mtl\/#primaryimage"},"image":{"@id":"https:\/\/proposmontreal.com\/index.php\/moins-de-jazz-a-mtl\/#primaryimage"},"thumbnailUrl":"http:\/\/proposmontreal.com\/wp-content\/uploads\/2012\/06\/byebyejazz.png","datePublished":"2012-06-14T00:36:59+00:00","dateModified":"2014-01-27T02:29:43+00:00","author":{"@id":"https:\/\/proposmontreal.com\/#\/schema\/person\/7d7acef09662dd8c0283a456e39b3254"},"description":"Nous devons toujours donner la chance au coureur et comme j'ai mentionn\u00e9, ce n'est pas l'arriv\u00e9e d'une cha\u00eene qui me chagrine, c'est le d\u00e9part d'une autre. Montr\u00e9al une r\u00e9gion de plus de 3.5 millions de r\u00e9sidents ne poss\u00e8de aucune radio francophone de sports en continue, aucune radio de Jazz, Aucune radio de musique alternative ou de World Beat. Essayez de me faire croire maintenant que la radio de Montr\u00e9al n'est pas malade.","breadcrumb":{"@id":"https:\/\/proposmontreal.com\/index.php\/moins-de-jazz-a-mtl\/#breadcrumb"},"inLanguage":"fr-FR","potentialAction":[{"@type":"ReadAction","target":["https:\/\/proposmontreal.com\/index.php\/moins-de-jazz-a-mtl\/"]}]},{"@type":"ImageObject","inLanguage":"fr-FR","@id":"https:\/\/proposmontreal.com\/index.php\/moins-de-jazz-a-mtl\/#primaryimage","url":"http:\/\/proposmontreal.com\/wp-content\/uploads\/2012\/06\/byebyejazz.png","contentUrl":"http:\/\/proposmontreal.com\/wp-content\/uploads\/2012\/06\/byebyejazz.png"},{"@type":"BreadcrumbList","@id":"https:\/\/proposmontreal.com\/index.php\/moins-de-jazz-a-mtl\/#breadcrumb","itemListElement":[{"@type":"ListItem","position":1,"name":"Accueil","item":"https:\/\/proposmontreal.com\/"},{"@type":"ListItem","position":2,"name":"Moins de Jazz \u00e0 MTL"}]},{"@type":"WebSite","@id":"https:\/\/proposmontreal.com\/#website","url":"https:\/\/proposmontreal.com\/","name":"ProposMontr\u00e9al","description":"Histoire, Urbanisme, Architecture et Opinions.","potentialAction":[{"@type":"SearchAction","target":{"@type":"EntryPoint","urlTemplate":"https:\/\/proposmontreal.com\/?s={search_term_string}"},"query-input":{"@type":"PropertyValueSpecification","valueRequired":true,"valueName":"search_term_string"}}],"inLanguage":"fr-FR"},{"@type":"Person","@id":"https:\/\/proposmontreal.com\/#\/schema\/person\/7d7acef09662dd8c0283a456e39b3254","name":"Martin B\u00e9rub\u00e9","image":{"@type":"ImageObject","inLanguage":"fr-FR","@id":"https:\/\/proposmontreal.com\/#\/schema\/person\/image\/","url":"https:\/\/secure.gravatar.com\/avatar\/c584d9147b7b50bb9ff2edf1db3d93d38f22473bdde645a7942ee41f752cce3f?s=96&d=blank&r=g","contentUrl":"https:\/\/secure.gravatar.com\/avatar\/c584d9147b7b50bb9ff2edf1db3d93d38f22473bdde645a7942ee41f752cce3f?s=96&d=blank&r=g","caption":"Martin B\u00e9rub\u00e9"},"description":"Amoureux de Montr\u00e9al, fascin\u00e9 par l'histoire de la ville, son urbanisme et sa toponymie, ni historien ni sp\u00e9cialiste du sujet, Martin n'\u00e9tait m\u00eame pas n\u00e9 \u00e0 l'\u00e9poque de 99% des sujets discut\u00e9s de ce site. Il aime trouver des r\u00e9ponses aux questions qui sont pos\u00e9es. Les billets que vous lisez ne sont que les r\u00e9sultats de la qu\u00eate vers des r\u00e9ponses et le besoin de partager.","sameAs":["http:\/\/proposmontreal.com","https:\/\/www.facebook.com\/proposmontreal","https:\/\/x.com\/proposmontreal"]}]}},"jetpack_featured_media_url":"","jetpack_sharing_enabled":true,"_links":{"self":[{"href":"https:\/\/proposmontreal.com\/index.php\/wp-json\/wp\/v2\/posts\/1109","targetHints":{"allow":["GET"]}}],"collection":[{"href":"https:\/\/proposmontreal.com\/index.php\/wp-json\/wp\/v2\/posts"}],"about":[{"href":"https:\/\/proposmontreal.com\/index.php\/wp-json\/wp\/v2\/types\/post"}],"author":[{"embeddable":true,"href":"https:\/\/proposmontreal.com\/index.php\/wp-json\/wp\/v2\/users\/2"}],"replies":[{"embeddable":true,"href":"https:\/\/proposmontreal.com\/index.php\/wp-json\/wp\/v2\/comments?post=1109"}],"version-history":[{"count":3,"href":"https:\/\/proposmontreal.com\/index.php\/wp-json\/wp\/v2\/posts\/1109\/revisions"}],"predecessor-version":[{"id":2283,"href":"https:\/\/proposmontreal.com\/index.php\/wp-json\/wp\/v2\/posts\/1109\/revisions\/2283"}],"wp:attachment":[{"href":"https:\/\/proposmontreal.com\/index.php\/wp-json\/wp\/v2\/media?parent=1109"}],"wp:term":[{"taxonomy":"category","embeddable":true,"href":"https:\/\/proposmontreal.com\/index.php\/wp-json\/wp\/v2\/categories?post=1109"},{"taxonomy":"post_tag","embeddable":true,"href":"https:\/\/proposmontreal.com\/index.php\/wp-json\/wp\/v2\/tags?post=1109"}],"curies":[{"name":"wp","href":"https:\/\/api.w.org\/{rel}","templated":true}]}}